{"id":12570,"date":"2025-12-20T08:59:24","date_gmt":"2025-12-20T08:59:24","guid":{"rendered":"https:\/\/dobrezrodla.com\/?p=12570"},"modified":"2025-12-20T08:59:24","modified_gmt":"2025-12-20T08:59:24","slug":"nawrocki-odpowiada-w-sprawie-okraglego-stolu-nie-place","status":"publish","type":"post","link":"https:\/\/dobrezrodla.com\/?p=12570","title":{"rendered":"Nawrocki odpowiada w sprawie Okr\u0105g\u0142ego Sto\u0142u: \u201eNie p\u0142ac\u0119\u201d"},"content":{"rendered":"\n<p>Decyzja o przeniesieniu Okr\u0105g\u0142ego Sto\u0142u do Muzeum Historii Polski wywo\u0142a\u0142a zaskakuj\u0105cy komentarz ze strony Hanny Gronkiewicz-Waltz, kt\u00f3ra uderzy\u0142a w Karola Nawrockiego. W dyskusj\u0119 w\u0142\u0105czy\u0142 si\u0119 Adrian Zandberg. Po chwili odpowiedzia\u0142 sam prezydent.<\/p>\n\n\n\n<p>Okr\u0105g\u0142y St\u00f3\u0142 znika z Pa\u0142acu Prezydenckiego<br>Karol Nawrocki t\u0142umaczy decyzj\u0119 ws. Okr\u0105g\u0142ego Sto\u0142u<br>Hanna Gronkiewicz-Waltz uderza w prezydenta. Nawrocki odpowiedzia\u0142<br>Okr\u0105g\u0142y St\u00f3\u0142 znika z Pa\u0142acu Prezydenckiego. Nawrocki wyt\u0142umaczy\u0142 decyzj\u0119 poprzednika<br>W czwartek, 18 grudnia, w Pa\u0142acu Prezydenckim dosz\u0142o w do symbolicznego wydarzenia &#8211; demonta\u017cu s\u0142ynnego Okr\u0105g\u0142ego Sto\u0142u. Mebel, kt\u00f3ry przez dekady stanowi\u0142 jeden z najwa\u017cniejszych symboli przemian ustrojowych w Polsce, opu\u015bci\u0142 progi siedziby g\u0142owy pa\u0144stwa. Cho\u0107 akcja demonta\u017cu odby\u0142a si\u0119 w obecno\u015bci Karola Nawrockiego, nowe informacje wskazuj\u0105, \u017ce inicjatywa ta nie by\u0142a jego autorskim pomys\u0142em, lecz realizacj\u0105 plan\u00f3w nakre\u015blonych znacznie wcze\u015bniej.<\/p>\n\n\n\n<p>Zgodnie z wyja\u015bnieniami rzecznika Muzeum Historii Polski, dr. Micha\u0142a Przeperskiego, decyzja o przekazaniu sto\u0142u do plac\u00f3wki muzealnej zapad\u0142a ju\u017c kilka lat temu, jeszcze w trakcie prezydentury Andrzeja Dudy.<\/p>\n\n\n\n<ul class=\"wp-block-list\">\n<li>Ustalenia dotycz\u0105ce przeniesienia Okr\u0105g\u0142ego Sto\u0142u do Muzeum Historii Polski s\u0105 sprzed dobrych kilku lat, jeszcze z czas\u00f3w prezydentury pana Andrzeja Dudy. Teraz to si\u0119 po prostu zmaterializowa\u0142o &#8211; powiedzia\u0142 Onetowi Przeperski.<\/li>\n<\/ul>\n\n\n\n<p>Przeczytaj tak\u017ce: Iga Lis og\u0142osi\u0142a ws. Taco Hemingwaya. Fani czekali od lat<\/p>\n\n\n\n<p>Okr\u0105g\u0142y St\u00f3\u0142 trafi do muzeum. Nawrocki wyja\u015bni\u0142<br>Karol Nawrocki, komentuj\u0105c to wydarzenie podczas konferencji prasowej, podkre\u015bli\u0142, \u017ce wsp\u00f3\u0142czesna Polska nie powinna idealizowa\u0107 tego symbolu, a jego w\u0142a\u015bciwym miejscem jest przestrze\u0144 wystawiennicza, gdzie b\u0119dzie traktowany jako eksponat historyczny, a nie przedmiot kultu politycznego.<\/p>\n\n\n\n<ul class=\"wp-block-list\">\n<li>Z ca\u0142\u0105 pewno\u015bci\u0105 Pa\u0142ac Prezydencki to nie jest miejsce, w kt\u00f3rym nadal powinien sta\u0107 Okr\u0105g\u0142y St\u00f3\u0142. Miejscem, w kt\u00f3rym Okr\u0105g\u0142y St\u00f3\u0142 powinien si\u0119 znale\u017a\u0107 jest muzeum &#8211; Muzeum Historii Polski &#8211; powiedzia\u0142 Nawrocki.<\/li>\n<\/ul>\n\n\n\n<p>Okr\u0105g\u0142y St\u00f3\u0142 ma sta\u0107 si\u0119 cz\u0119\u015bci\u0105 wystawy sta\u0142ej w Muzeum Historii Polski, kt\u00f3rej otwarcie zaplanowano na 2027 rok. Ze wzgl\u0119du na ogromne gabaryty, mebel prawdopodobnie nie zostanie zaprezentowany w ca\u0142o\u015bci. Znajdzie on swoje miejsce w sekcji po\u015bwi\u0119conej upadkowi komunizmu oraz narodzinom III Rzeczypospolitej.<\/p>\n\n\n\n<p>Eksperci zaznaczaj\u0105, \u017ce to najlepszy spos\u00f3b na zabezpieczenie tego artefaktu, kt\u00f3ry &#8211; mimo kontrowersji &#8211; pozostaje kluczowym elementem dyskusji o najnowszych dziejach kraju. Przeniesienie go pod opiek\u0119 konserwator\u00f3w ma zapewni\u0107 mu nale\u017cyt\u0105 ochron\u0119 i nale\u017cne miejsce w edukacji historycznej przysz\u0142ych pokole\u0144.<\/p>\n\n\n\n<p>W kontek\u015bcie tego wydarzenia g\u0142os w mediach spo\u0142eczno\u015bciowych zabra\u0142a Hanna Gronkiewicz-Waltz.<\/p>\n\n\n\n<p>Przeczytaj tak\u017ce: Bez limit\u00f3w dochodowych. \u015awiadczenia z MOPS-u dla wszystkich<\/p>\n\n\n\n<p>Hanna Gronkiewicz-Waltz publicznie o Nawrockim. Prezydent zareagowa\u0142<br>Decyzja o usuni\u0119ciu Okr\u0105g\u0142ego Sto\u0142u z Pa\u0142acu Prezydenckiego wywo\u0142a\u0142a fal\u0119 emocjonalnych komentarzy w mediach spo\u0142eczno\u015bciowych, staj\u0105c si\u0119 zarzewiem nietypowej wymiany zda\u0144 mi\u0119dzy politykami r\u00f3\u017cnych opcji. Najwi\u0119ksze poruszenie wywo\u0142a\u0142a wypowied\u017a by\u0142ej prezydent Warszawy, Hanny Gronkiewicz-Waltz, kt\u00f3ra na platformie X opublikowa\u0142a wpis uderzaj\u0105cy w Karola Nawrockiego.<\/p>\n\n\n\n<ul class=\"wp-block-list\">\n<li>Nigdy nie przypuszcza\u0142am \u017ce b\u0119d\u0119 szanowa\u0107 bardziej Jaruzelskiego ni\u017c Nawrockiego &#8211; pojawi\u0142o si\u0119 na platformie X Gronkiewicz-Waltz.<\/li>\n<\/ul>\n\n\n\n<p>Wypowied\u017a ta zyska\u0142a drugie \u017cycie dzi\u0119ki reakcji Adriana Zandberga. Pose\u0142, podaj\u0105c dalej s\u0142owa Gronkiewicz-Waltz, zasugerowa\u0142 z przek\u0105sem, \u017ce takie kontrowersyjne por\u00f3wnania paradoksalnie mog\u0105 pomaga\u0107 Nawrockiemu. Postawi\u0142 ironiczne pytanie, czy polityk p\u0142aci za tego typu wpisy, czy te\u017c wynikaj\u0105 one jedynie z nieroztropno\u015bci autor\u00f3w, kt\u00f3rzy nie\u015bwiadomie \u201eocieplaj\u0105\u201d wizerunek g\u0142owy pa\u0144stwa.<\/p>\n\n\n\n<ul class=\"wp-block-list\">\n<li>Nawrocki im p\u0142aci czy z g\u0142upoty mu ocieplaj\u0105 wizerunek? &#8211; napisa\u0142 Zandberg.<\/li>\n<\/ul>\n\n\n\n<p>Ku zaskoczeniu internaut\u00f3w, na ten komentarz b\u0142yskawicznie zareagowa\u0142 sam Karol Nawrocki. Prezydent, w\u0142\u0105czaj\u0105c si\u0119 do dyskusji p\u00f3\u017anym wieczorem, udzieli\u0142 lakonicznej i humorystycznej odpowiedzi. Napisa\u0142 kr\u00f3tko: \u201eNie p\u0142ac\u0119\u201d.<\/p>\n","protected":false},"excerpt":{"rendered":"<p>Decyzja o przeniesieniu Okr\u0105g\u0142ego Sto\u0142u do Muzeum Historii Polski wywo\u0142a\u0142a zaskakuj\u0105cy komentarz ze strony Hanny Gronkiewicz-Waltz, kt\u00f3ra uderzy\u0142a w Karola Nawrockiego. W dyskusj\u0119 w\u0142\u0105czy\u0142 si\u0119 Adrian Zandberg. Po chwili odpowiedzia\u0142 sam prezydent. Okr\u0105g\u0142y St\u00f3\u0142 znika z Pa\u0142acu PrezydenckiegoKarol Nawrocki t\u0142umaczy decyzj\u0119 ws. Okr\u0105g\u0142ego Sto\u0142uHanna Gronkiewicz-Waltz uderza w prezydenta. Nawrocki odpowiedzia\u0142Okr\u0105g\u0142y St\u00f3\u0142 znika z Pa\u0142acu Prezydenckiego. &#8230; <a title=\"Nawrocki odpowiada w sprawie Okr\u0105g\u0142ego Sto\u0142u: \u201eNie p\u0142ac\u0119\u201d\" class=\"read-more\" href=\"https:\/\/dobrezrodla.com\/?p=12570\" aria-label=\"Read more about Nawrocki odpowiada w sprawie Okr\u0105g\u0142ego Sto\u0142u: \u201eNie p\u0142ac\u0119\u201d\">Read more<\/a><\/p>\n","protected":false},"author":1,"featured_media":0,"comment_status":"open","ping_status":"open","sticky":false,"template":"","format":"standard","meta":{"footnotes":""},"categories":[1],"tags":[],"class_list":["post-12570","post","type-post","status-publish","format-standard","hentry","category-uncategorized"],"_links":{"self":[{"href":"https:\/\/dobrezrodla.com\/index.php?rest_route=\/wp\/v2\/posts\/12570","targetHints":{"allow":["GET"]}}],"collection":[{"href":"https:\/\/dobrezrodla.com\/index.php?rest_route=\/wp\/v2\/posts"}],"about":[{"href":"https:\/\/dobrezrodla.com\/index.php?rest_route=\/wp\/v2\/types\/post"}],"author":[{"embeddable":true,"href":"https:\/\/dobrezrodla.com\/index.php?rest_route=\/wp\/v2\/users\/1"}],"replies":[{"embeddable":true,"href":"https:\/\/dobrezrodla.com\/index.php?rest_route=%2Fwp%2Fv2%2Fcomments&post=12570"}],"version-history":[{"count":1,"href":"https:\/\/dobrezrodla.com\/index.php?rest_route=\/wp\/v2\/posts\/12570\/revisions"}],"predecessor-version":[{"id":12571,"href":"https:\/\/dobrezrodla.com\/index.php?rest_route=\/wp\/v2\/posts\/12570\/revisions\/12571"}],"wp:attachment":[{"href":"https:\/\/dobrezrodla.com\/index.php?rest_route=%2Fwp%2Fv2%2Fmedia&parent=12570"}],"wp:term":[{"taxonomy":"category","embeddable":true,"href":"https:\/\/dobrezrodla.com\/index.php?rest_route=%2Fwp%2Fv2%2Fcategories&post=12570"},{"taxonomy":"post_tag","embeddable":true,"href":"https:\/\/dobrezrodla.com\/index.php?rest_route=%2Fwp%2Fv2%2Ftags&post=12570"}],"curies":[{"name":"wp","href":"https:\/\/api.w.org\/{rel}","templated":true}]}}