{"id":12572,"date":"2025-12-20T08:59:56","date_gmt":"2025-12-20T08:59:56","guid":{"rendered":"https:\/\/dobrezrodla.com\/?p=12572"},"modified":"2025-12-20T08:59:57","modified_gmt":"2025-12-20T08:59:57","slug":"spotkanie-zelenskiego-z-polskimi-wladzami-czarzasty-zapowiada-wizyte-w-ukrainskim-parlamencie","status":"publish","type":"post","link":"https:\/\/dobrezrodla.com\/?p=12572","title":{"rendered":"Spotkanie Ze\u0142enskiego z polskimi w\u0142adzami. Czarzasty zapowiada wizyt\u0119 w ukrai\u0144skim parlamencie"},"content":{"rendered":"\n<p>W pi\u0105tek w Warszawie dosz\u0142o do wa\u017cnych rozm\u00f3w mi\u0119dzy polskimi i ukrai\u0144skimi przedstawicielami, kt\u00f3re mog\u0105 oznacza\u0107 nowy etap wsp\u00f3\u0142pracy mi\u0119dzy oboma krajami. Spotkania \u2013 zar\u00f3wno na najwy\u017cszych szczeblach pa\u0144stwowych, jak i parlamentarnej \u2013 przynios\u0142y deklaracje, kt\u00f3re odbi\u0142y si\u0119 szerokim echem w polskiej debacie publicznej.<\/p>\n\n\n\n<p>Ze\u0142enski w Polsce i rozmowy z prezydentem RP<br>Prezydent Ukrainy Wo\u0142odymyr Ze\u0142enski przyby\u0142 w pi\u0105tek do Polski na oficjaln\u0105 wizyt\u0119, podczas kt\u00f3rej spotka\u0142 si\u0119 z prezydentem RP Karolem Nawrockim w Pa\u0142acu Prezydenckim w Warszawie. To pierwszy oficjalny kontakt g\u0142\u00f3wnych przedstawicieli obu pa\u0144stw od czasu obj\u0119cia urz\u0119du przez Nawrockiego, podczas kt\u00f3rego omawiano kwestie bezpiecze\u0144stwa, wsp\u00f3\u0142pracy regionalnej oraz dalsze wsparcie dla Ukrainy w obliczu trwaj\u0105cej agresji Rosji.<\/p>\n\n\n\n<p>Spotkanie Ze\u0142enskiego z Czarzastym w Sejmie<br>Po rozmowach w Pa\u0142acu Prezydenckim prezydent Ukrainy uda\u0142 si\u0119 do Sejmu, gdzie spotka\u0142 si\u0119 z marsza\u0142kiem W\u0142odzimierzem Czarzastym. Rozmowy parlamentarzyst\u00f3w trwa\u0142y kilkadziesi\u0105t minut, a obaj politycy z\u0142o\u017cyli tak\u017ce wsp\u00f3lne symbolicznym gest \u2013 kwiaty przed tablic\u0105 upami\u0119tniaj\u0105c\u0105 pos\u0142\u00f3w poleg\u0142ych w czasie II wojny \u015bwiatowej. Podczas spotkania prezydent Ze\u0142enski przyj\u0105\u0142 zaproszenie do wyst\u0105pienia w polskim parlamencie.<\/p>\n\n\n\n<p>Czarzasty podsumowuje spotkanie w mediach spo\u0142eczno\u015bciowych<br>Marsza\u0142ek Sejmu W\u0142odzimierz Czarzasty podkre\u015bli\u0142 w mediach spo\u0142eczno\u015bciowych znaczenie wizyty prezydenta Ukrainy Wo\u0142odymyra Ze\u0142enskiego w Polsce.<\/p>\n\n\n\n<p>To dobry dzie\u0144 dla przyja\u017ani polsko-ukrai\u0144skiej. Dzisiejsze spotkanie z prezydentem Ze\u0142enskim mo\u017cna opisa\u0107 trzema s\u0142owami: \u017cyczliwo\u015b\u0107, wsp\u00f3\u0142praca i otwarto\u015b\u0107 \u2013 powiedzia\u0142 Czarzasty.<\/p>\n\n\n\n<p>Zaznaczy\u0142, \u017ce z du\u017cym wzruszeniem przyj\u0105\u0142 wyrazy wdzi\u0119czno\u015bci od Ze\u0142enskiego za pomoc Polski okazywan\u0105 Ukrainie od pierwszych dni wojny i doda\u0142:<\/p>\n\n\n\n<p>To by\u0142 i jest nasz obowi\u0105zek, by wspiera\u0107 Ukrain\u0119. To Polska racja stanu.<\/p>\n\n\n\n<p>Marsza\u0142ek wyrazi\u0142 podziw dla odwagi Ukrai\u0144c\u00f3w w walce o wolno\u015b\u0107, podkre\u015blaj\u0105c jednocze\u015bnie rol\u0119 parlamentu jako przestrzeni dialogu i demokracji. Dlatego zaprosi\u0142 prezydenta Ze\u0142enskiego do wyst\u0105pienia w Sejmie, a sam planuje uda\u0107 si\u0119 do ukrai\u0144skiego parlamentu przy okazji rocznicy wybuchu wojny w Ukrainie:<\/p>\n\n\n\n<p>Na zaproszenie prezydenta, ja r\u00f3wnie\u017c udam si\u0119 do parlamentu ukrai\u0144skiego przy okazji rocznicy wybuchu pe\u0142noskalowej wojny w Ukrainie. B\u0119d\u0119 tam jako marsza\u0142ek reprezentowa\u0142 ca\u0142y polski parlament.<\/p>\n\n\n\n<p>Wraz z wicemarsza\u0142kini\u0105 Wielichowsk\u0105 zadeklarowali tak\u017ce gotowo\u015b\u0107 wsparcia Ukrainy w organizacji wybor\u00f3w prezydenckich \u2013 zar\u00f3wno organizacyjnego, zasobowego, jak i prawnego.<\/p>\n\n\n\n<p>To spotkanie to dow\u00f3d na to, \u017ce prawdziwa solidarno\u015b\u0107 przejawia si\u0119 nie w s\u0142owach, lecz w czynach. Razem jeste\u015bmy silniejsi \u2013 podsumowa\u0142 Czarzasty.<\/p>\n\n\n\n<p>Mo\u017cliwa wizyta Czarzastego w ukrai\u0144skim parlamencie<br>Czarzasty w swoim nagraniu podkre\u015bli\u0142, \u017ce odpowiedzia\u0142 na zaproszenie Ze\u0142enskiego i m\u00f3g\u0142by uda\u0107 si\u0119 do ukrai\u0144skiego parlamentu podczas rocznicy wybuchu pe\u0142noskalowej wojny w Ukrainie, 24 lutego 2026 roku. Cho\u0107 szczeg\u00f3\u0142owa data i program tej wizyty nie zosta\u0142y jeszcze oficjalnie podane, sam gest ju\u017c zyska\u0142 uznanie dyplomatyczne, pokazuj\u0105c umocnienie wi\u0119zi mi\u0119dzy parlamentami obu kraj\u00f3w i dalsze zacie\u015bnianie polsko-ukrai\u0144skiej wsp\u00f3\u0142pracy.<\/p>\n","protected":false},"excerpt":{"rendered":"<p>W pi\u0105tek w Warszawie dosz\u0142o do wa\u017cnych rozm\u00f3w mi\u0119dzy polskimi i ukrai\u0144skimi przedstawicielami, kt\u00f3re mog\u0105 oznacza\u0107 nowy etap wsp\u00f3\u0142pracy mi\u0119dzy oboma krajami. Spotkania \u2013 zar\u00f3wno na najwy\u017cszych szczeblach pa\u0144stwowych, jak i parlamentarnej \u2013 przynios\u0142y deklaracje, kt\u00f3re odbi\u0142y si\u0119 szerokim echem w polskiej debacie publicznej. Ze\u0142enski w Polsce i rozmowy z prezydentem RPPrezydent Ukrainy Wo\u0142odymyr Ze\u0142enski &#8230; <a title=\"Spotkanie Ze\u0142enskiego z polskimi w\u0142adzami. Czarzasty zapowiada wizyt\u0119 w ukrai\u0144skim parlamencie\" class=\"read-more\" href=\"https:\/\/dobrezrodla.com\/?p=12572\" aria-label=\"Read more about Spotkanie Ze\u0142enskiego z polskimi w\u0142adzami. Czarzasty zapowiada wizyt\u0119 w ukrai\u0144skim parlamencie\">Read more<\/a><\/p>\n","protected":false},"author":1,"featured_media":0,"comment_status":"open","ping_status":"open","sticky":false,"template":"","format":"standard","meta":{"footnotes":""},"categories":[1],"tags":[],"class_list":["post-12572","post","type-post","status-publish","format-standard","hentry","category-uncategorized"],"_links":{"self":[{"href":"https:\/\/dobrezrodla.com\/index.php?rest_route=\/wp\/v2\/posts\/12572","targetHints":{"allow":["GET"]}}],"collection":[{"href":"https:\/\/dobrezrodla.com\/index.php?rest_route=\/wp\/v2\/posts"}],"about":[{"href":"https:\/\/dobrezrodla.com\/index.php?rest_route=\/wp\/v2\/types\/post"}],"author":[{"embeddable":true,"href":"https:\/\/dobrezrodla.com\/index.php?rest_route=\/wp\/v2\/users\/1"}],"replies":[{"embeddable":true,"href":"https:\/\/dobrezrodla.com\/index.php?rest_route=%2Fwp%2Fv2%2Fcomments&post=12572"}],"version-history":[{"count":1,"href":"https:\/\/dobrezrodla.com\/index.php?rest_route=\/wp\/v2\/posts\/12572\/revisions"}],"predecessor-version":[{"id":12573,"href":"https:\/\/dobrezrodla.com\/index.php?rest_route=\/wp\/v2\/posts\/12572\/revisions\/12573"}],"wp:attachment":[{"href":"https:\/\/dobrezrodla.com\/index.php?rest_route=%2Fwp%2Fv2%2Fmedia&parent=12572"}],"wp:term":[{"taxonomy":"category","embeddable":true,"href":"https:\/\/dobrezrodla.com\/index.php?rest_route=%2Fwp%2Fv2%2Fcategories&post=12572"},{"taxonomy":"post_tag","embeddable":true,"href":"https:\/\/dobrezrodla.com\/index.php?rest_route=%2Fwp%2Fv2%2Ftags&post=12572"}],"curies":[{"name":"wp","href":"https:\/\/api.w.org\/{rel}","templated":true}]}}