{"id":12574,"date":"2025-12-20T09:01:26","date_gmt":"2025-12-20T09:01:26","guid":{"rendered":"https:\/\/dobrezrodla.com\/?p=12574"},"modified":"2025-12-20T09:01:27","modified_gmt":"2025-12-20T09:01:27","slug":"kamil-stoch-nie-wytrzymal-podczas-wywiadu-skomentowal-swoja-aktualna-forme","status":"publish","type":"post","link":"https:\/\/dobrezrodla.com\/?p=12574","title":{"rendered":"Kamil Stoch nie wytrzyma\u0142 podczas wywiadu. Skomentowa\u0142 swoj\u0105 aktualn\u0105 form\u0119"},"content":{"rendered":"\n<p>Na rozgrzanej do czerwono\u015bci skoczni w Engelbergu wszystko by\u0142o jasne \u2013 poza jednym. Po kwalifikacjach Kamil Stoch stan\u0105\u0142 przed kamer\u0105, pad\u0142o proste pytanie i\u2026 atmosfera zg\u0119stnia\u0142a. Reakcja kibic\u00f3w? Lawina komentarzy, kt\u00f3ra nie wzi\u0119\u0142a je\u0144c\u00f3w.<\/p>\n\n\n\n<p>Kulisy Engelbergu: s\u0142abszy skok, jeszcze trudniejsza rozmowa<br>Engelberg, pi\u0105tkowe kwalifikacje Pucharu \u015awiata. Z polskiej sz\u00f3stki awans do konkursu wywalczy\u0142o pi\u0119ciu skoczk\u00f3w \u2013 poza Paw\u0142em W\u0105skiem, kt\u00f3ry tym razem nie zdo\u0142a\u0142 przebi\u0107 si\u0119 przez sito kwalifikacyjne. Najlepiej z Bia\u0142o-Czerwonych zaprezentowa\u0142 si\u0119 19-letni Kacper Tomasiak, kt\u00f3ry po skoku na 130,5 metra uplasowa\u0142 si\u0119 na solidnym 10. miejscu i potwierdzi\u0142, \u017ce jego forma idzie w dobrym kierunku.<\/p>\n\n\n\n<p>Znacznie gorzej wypad\u0142 Kamil Stoch: 119,5 metra wystarczy\u0142o jedynie do 38. lokaty. Chwil\u0119 po zako\u0144czeniu rywalizacji trzykrotny mistrz olimpijski stan\u0105\u0142 przed mikrofonem Eurosportu, gdzie reporter Kacper Merk zapyta\u0142 wprost: \u201eDlaczego to nie leci tak, jakby\u015b chcia\u0142?\u201d. Odpowied\u017a Stocha by\u0142a kr\u00f3tka, oszcz\u0119dna w s\u0142owach i wyra\u017anie ch\u0142odna \u2014 co szybko zosta\u0142o odebrane jako oznaka frustracji.<\/p>\n\n\n\n<p>Aby lepiej zrozumie\u0107 napi\u0119cie tej sytuacji, warto spojrze\u0107 na szerszy kontekst ostatnich tygodni. Stoch od d\u0142u\u017cszego czasu pr\u00f3buje odnale\u017a\u0107 stabilno\u015b\u0107 w skokach, a ka\u017cde kolejne zawody przynosz\u0105 wi\u0119cej pyta\u0144 ni\u017c odpowiedzi. Kibice, przyzwyczajeni do jego regularnych sukces\u00f3w, coraz cz\u0119\u015bciej okazuj\u0105 zniecierpliwienie, a ka\u017cda wymijaj\u0105ca wypowied\u017a tylko podgrzewa atmosfer\u0119 wok\u00f3\u0142 lidera polskiej kadry. W Engelbergu sportowy wynik zn\u00f3w ust\u0105pi\u0142 miejsca emocjom \u2013 i to one sta\u0142y si\u0119 g\u0142\u00f3wnym tematem dyskusji w\u015br\u00f3d fan\u00f3w skok\u00f3w narciarskich.<\/p>\n\n\n\n<p>Co powiedzia\u0142?<\/p>\n\n\n\n<p>\u201eBuc\u201d, \u201eegocentryk\u201d, \u201eprimadonna\u201d? Fala ocen po wywiadzie<br>Dziennikarz zapyta\u0142 Kamila Stocha, co nie zagra\u0142o i dlaczego wynik jest jaki jest. Skoczek odpowiedzia\u0142 od razu.<\/p>\n\n\n\n<p>Brawo Kacper. Zastanawiam si\u0119 jak d\u0142ugo my\u015bla\u0142e\u015b nad tym pytaniem. &#8211; Jest jak jest. Nie b\u0119d\u0119 nawet tego komentowa\u0142, bo to jest bez sensu. Ani si\u0119 nie b\u0119d\u0119 t\u0142umaczy\u0142, ani te\u017c nie b\u0119d\u0119 komentowa\u0142. No po prostu tak jest. Trzeba poszuka\u0107, co mo\u017cna zrobi\u0107 lepiej i spr\u00f3bowa\u0107 to jutro zrobi\u0107 &#8211; odpowiedzia\u0142 Kamil Stoch po zadaniu pytania przez dziennikarza.<\/p>\n\n\n\n<p>To jednak nie by\u0142 koniec rozmowy. Dziennikarz dalej dr\u0105\u017cy\u0142 temat.<\/p>\n\n\n\n<p>Co si\u0119 zepsu\u0142o? Zacz\u0119li\u015bmy rozmawia\u0107 mi\u0119dzy sob\u0105, \u017ce ty wszed\u0142e\u015b w sezon fajnie. Dwa pierwsze starty by\u0142y w porz\u0105dku. Pewnie chcia\u0142by\u015b by\u0107 na wy\u017cszym poziomie, ale to by\u0142 poziom niez\u0142y. A p\u00f3\u017aniej nagle si\u0119 posypa\u0142o. To si\u0119 posypa\u0142o technicznie, sprz\u0119towo, mentalnie, czy wszystkiego troch\u0119 po trochu? &#8211; zapyta\u0142 dziennikarz.<\/p>\n\n\n\n<p>Odpowied\u017a polskiego mistrza by\u0142a jasna.<\/p>\n\n\n\n<p>To nie jest Kacper dla nas czas i miejsce, \u017ceby\u015bmy podsumowywali dlaczego si\u0119 zepsu\u0142o, co si\u0119 zepsu\u0142o i co, jak, dlaczego, kiedy, z kim. To nie jest czas i miejsce &#8211; odpowiedzia\u0142 Stoch, po czym chwil\u0119 p\u00f3\u017aniej przerwa\u0142 dziennikarzowi kolejne pytanie.<\/p>\n\n\n\n<p>To nie by\u0142 koniec dyskusji. Stoch kontynuowa\u0142.<\/p>\n\n\n\n<p>Nie psuj\u0119 skok\u00f3w, bo tak chc\u0119. Tak po prostu jest. Co\u015b si\u0119 zaci\u0119\u0142o i albo to trzeba przem\u0119czy\u0107, albo po prostu spr\u00f3bowa\u0107 zrobi\u0107 co\u015b zupe\u0142nie innego. Co\u015b niekonwencjonalnego. Ale co to jest? Co by to mog\u0142o by\u0107, to nie wiem. To jest te\u017c dla mnie bolesne i nawet trudno mi si\u0119 o tym m\u00f3wi. We mnie si\u0119 gotuje. Nie chc\u0119 po prostu u\u017cy\u0107 s\u0142\u00f3w, kt\u00f3rych b\u0119d\u0119 p\u00f3\u017aniej \u017ca\u0142owa\u0142. A ch\u0119tnie uci\u0105\u0142bym ten temat ju\u017c po pierwszym s\u0142owie. Ale jest jak jest i te\u017c si\u0119 trzeba z tym zmierzy\u0107, te\u017c si\u0119 musz\u0119 zmierzy\u0107 z tob\u0105, z mikrofonem\u2026 &#8211; doda\u0142 trzykrotny mistrz olimpijski.<\/p>\n\n\n\n<p>Co dalej dla gwiazdy? Reakcje, scenariusze, riposta<br>Dziennikarz stwierdzi\u0142, \u017ce nie jest wcale taki gro\u017any, a Stoch nie czeka\u0142 d\u0142ugo z odpowiedzi\u0105.<\/p>\n\n\n\n<p>Ale to nie o to chodzi, tylko chodzi o pytania, kt\u00f3re zadajesz, kt\u00f3re pewnie zadajesz nawet nie sam od siebie, tylko jeste\u015b ustami wszystkich, kt\u00f3rzy ogl\u0105daj\u0105. A ja na razie nie jestem w stanie odpowiedzie\u0107 na te pytania. I to te\u017c prosz\u0119, \u017ceby zaakceptowa\u0107 i spr\u00f3bowa\u0107 uszanowa\u0107. Natomiast jakkolwiek by nie by\u0142o i tak si\u0119 ciesz\u0119, \u017ce tu jestem, bo lubi\u0119 Engelberg, uwielbiam to miejsce. Skoczni\u0119 te\u017c bardzo lubi\u0119, chocia\u017c z roku na rok coraz bardziej daje mi popali\u0107. No ale taki sport sobie wybra\u0142em. Mog\u0142em sobie wybra\u0107 co\u015b innego. Mog\u0142em ju\u017c dawno sko\u0144czy\u0107, siedzie\u0107 teraz przed kominkiem i po prostu si\u0119 \u015bmia\u0107, albo lamentowa\u0107, albo robi\u0107 cokolwiek innego, ale jestem tutaj. No i co. Albo teraz si\u0119 za\u0142ami\u0119 i spuszcz\u0119 g\u0142ow\u0119 i powiem &#8220;Ojej, ale do d**y nie&#8221;, albo po prostu spr\u00f3buj\u0119 zrobi\u0107 co\u015b &#8211; podsumowa\u0142 Kamil Stoch.<\/p>\n\n\n\n<p>Trudny moment antenowy b\u0142yskawicznie przeni\u00f3s\u0142 si\u0119 do sieci. Pod materia\u0142em wideo \u2013 i w mediach spo\u0142eczno\u015bciowych \u2013 posypa\u0142y si\u0119 opinie ostrzejsze ni\u017c alpeckie powietrze. \u201eTo przepraszam bardzo, o co maj\u0105 go pyta\u0107 w wywiadzie po skoku?\u201d, \u201etak wielki mistrz powinien umie\u0107 przyj\u0105\u0107 pytanie na klat\u0119\u201d \u2013 to ton przewa\u017caj\u0105cych komentarzy. Pada\u0142y te\u017c mocne etykietki: \u201ebuc\u201d, \u201ebufon\u201d, \u201eegocentryk\u201d, \u201eprimadonna\u201d. Z jednej strony legenda polskich skok\u00f3w i ikona sportu, z drugiej \u2013 zwyk\u0142a, ludzka frustracja po s\u0142abszym wyniku i niewygodne pytanie o form\u0119. Mieszanka wybuchowa.<\/p>\n\n\n\n<p>Nie zapominajmy jednak o liczbom: w tych samych kwalifikacjach Tomasiak przez moment prowadzi\u0142, a czterech Polak\u00f3w \u2013 Piotr \u017by\u0142a, Dawid Kubacki, Maciej Kot i w\u0142a\u015bnie Stoch \u2013 mimo wszystko do konkursu przesz\u0142o. To wa\u017cny kontekst: kryzys kryzysem, ale w Engelbergu Polska nie zesz\u0142a ze sceny. I jeszcze jeden timeline: konkurs ju\u017c w sobot\u0119, 20 grudnia, start o 16:00 czasu polskiego.<\/p>\n","protected":false},"excerpt":{"rendered":"<p>Na rozgrzanej do czerwono\u015bci skoczni w Engelbergu wszystko by\u0142o jasne \u2013 poza jednym. Po kwalifikacjach Kamil Stoch stan\u0105\u0142 przed kamer\u0105, pad\u0142o proste pytanie i\u2026 atmosfera zg\u0119stnia\u0142a. Reakcja kibic\u00f3w? Lawina komentarzy, kt\u00f3ra nie wzi\u0119\u0142a je\u0144c\u00f3w. Kulisy Engelbergu: s\u0142abszy skok, jeszcze trudniejsza rozmowaEngelberg, pi\u0105tkowe kwalifikacje Pucharu \u015awiata. Z polskiej sz\u00f3stki awans do konkursu wywalczy\u0142o pi\u0119ciu skoczk\u00f3w \u2013 &#8230; <a title=\"Kamil Stoch nie wytrzyma\u0142 podczas wywiadu. Skomentowa\u0142 swoj\u0105 aktualn\u0105 form\u0119\" class=\"read-more\" href=\"https:\/\/dobrezrodla.com\/?p=12574\" aria-label=\"Read more about Kamil Stoch nie wytrzyma\u0142 podczas wywiadu. Skomentowa\u0142 swoj\u0105 aktualn\u0105 form\u0119\">Read more<\/a><\/p>\n","protected":false},"author":1,"featured_media":0,"comment_status":"open","ping_status":"open","sticky":false,"template":"","format":"standard","meta":{"footnotes":""},"categories":[1],"tags":[],"class_list":["post-12574","post","type-post","status-publish","format-standard","hentry","category-uncategorized"],"_links":{"self":[{"href":"https:\/\/dobrezrodla.com\/index.php?rest_route=\/wp\/v2\/posts\/12574","targetHints":{"allow":["GET"]}}],"collection":[{"href":"https:\/\/dobrezrodla.com\/index.php?rest_route=\/wp\/v2\/posts"}],"about":[{"href":"https:\/\/dobrezrodla.com\/index.php?rest_route=\/wp\/v2\/types\/post"}],"author":[{"embeddable":true,"href":"https:\/\/dobrezrodla.com\/index.php?rest_route=\/wp\/v2\/users\/1"}],"replies":[{"embeddable":true,"href":"https:\/\/dobrezrodla.com\/index.php?rest_route=%2Fwp%2Fv2%2Fcomments&post=12574"}],"version-history":[{"count":1,"href":"https:\/\/dobrezrodla.com\/index.php?rest_route=\/wp\/v2\/posts\/12574\/revisions"}],"predecessor-version":[{"id":12575,"href":"https:\/\/dobrezrodla.com\/index.php?rest_route=\/wp\/v2\/posts\/12574\/revisions\/12575"}],"wp:attachment":[{"href":"https:\/\/dobrezrodla.com\/index.php?rest_route=%2Fwp%2Fv2%2Fmedia&parent=12574"}],"wp:term":[{"taxonomy":"category","embeddable":true,"href":"https:\/\/dobrezrodla.com\/index.php?rest_route=%2Fwp%2Fv2%2Fcategories&post=12574"},{"taxonomy":"post_tag","embeddable":true,"href":"https:\/\/dobrezrodla.com\/index.php?rest_route=%2Fwp%2Fv2%2Ftags&post=12574"}],"curies":[{"name":"wp","href":"https:\/\/api.w.org\/{rel}","templated":true}]}}