{"id":12578,"date":"2025-12-20T09:04:05","date_gmt":"2025-12-20T09:04:05","guid":{"rendered":"https:\/\/dobrezrodla.com\/?p=12578"},"modified":"2025-12-20T09:04:05","modified_gmt":"2025-12-20T09:04:05","slug":"przelom-na-wolyniu-wiosna-rusza-poszukiwania-ofiar-w-miejscowosci-ugly","status":"publish","type":"post","link":"https:\/\/dobrezrodla.com\/?p=12578","title":{"rendered":"Prze\u0142om na Wo\u0142yniu. Wiosn\u0105 rusz\u0105 poszukiwania ofiar w miejscowo\u015bci Ug\u0142y"},"content":{"rendered":"\n<p>To ju\u017c oficjalnie potwierdzone: polscy i ukrai\u0144scy specjali\u015bci przyst\u0105pi\u0105 do prac poszukiwawczych w miejscowo\u015bci Ug\u0142y na Wo\u0142yniu. Jak informuje PAP, po zako\u0144czonej wizji lokalnej i uzyskaniu niezb\u0119dnych zg\u00f3d ze strony Kijowa, wiosn\u0105 przysz\u0142ego roku rozpoczn\u0105 si\u0119 dzia\u0142ania maj\u0105ce na celu odnalezienie szcz\u0105tk\u00f3w kilkudziesi\u0119ciu polskich ofiar. Decyzja ta stanowi realny krok w realizacji zapowiedzi o odblokowaniu ekshumacji na terenie Ukrainy.<\/p>\n\n\n\n<p>Eksperci potwierdzaj\u0105: teren jest gotowy do bada\u0144<br>Skoncentrowane dzia\u0142ania w niewielkim obszarze<\/p>\n\n\n\n<p><br>Harmonogram prac zaplanowany na wiosn\u0119 2026 roku<br>Realizacja politycznych zapowiedzi o dialogu historycznym<br>Eksperci potwierdzaj\u0105: teren jest gotowy do bada\u0144<\/p>\n\n\n\n<p><br>Kluczowym punktem przygotowa\u0144 by\u0142 rekonesans przeprowadzony przez zesp\u00f3\u0142 polskich i ukrai\u0144skich specjalist\u00f3w. W wizji lokalnej uczestniczy\u0142 m.in. prof. Andrzej Ossowski, ceniony genetyk z Pomorskiego Uniwersytetu Medycznego. <\/p>\n\n\n\n<p>Ekspert w rozmowie z mediami podkre\u015bli\u0142, \u017ce przeprowadzone rozpoznanie terenu pozwala z pe\u0142n\u0105 pewno\u015bci\u0105 stwierdzi\u0107, \u017ce prace poszukiwawcze dojd\u0105 do skutku. Strona ukrai\u0144ska wyda\u0142a ju\u017c komplet wymaganych pozwole\u0144, co zamyka etap formalnych przygotowa\u0144 i otwiera drog\u0119 do dzia\u0142a\u0144 terenowych.<br><\/p>\n\n\n\n<p>Skoncentrowane dzia\u0142ania w niewielkim obszarze<br>Miejscowo\u015b\u0107 Ug\u0142y zosta\u0142a wytypowana jako miejsce, w kt\u00f3rym mo\u017ce spoczywa\u0107 od kilku do kilkunastu polskich ofiar zamordowanych podczas rzezi wo\u0142y\u0144skiej. <\/p>\n\n\n\n<p>W przeciwie\u0144stwie do rozleg\u0142ych teren\u00f3w badanych wcze\u015bniej w innych miejscowo\u015bciach, takich jak Pu\u017aniki, obszar w Ug\u0142ach jest stosunkowo niewielki. Wed\u0142ug specjalist\u00f3w ta zwarta lokalizacja znacz\u0105co zwi\u0119ksza szanse na szybkie i precyzyjne odnalezienie zbiorowej mogi\u0142y, co jest kluczowe dla powodzenia ca\u0142ej misji.<br><\/p>\n\n\n\n<p>Harmonogram prac zaplanowany na wiosn\u0119 2026 roku<br>W\u0142a\u015bciwy etap prac terenowych ma rozpocz\u0105\u0107 si\u0119 wiosn\u0105 przysz\u0142ego roku, gdy tylko pozwol\u0105 na to warunki pogodowe. Pierwsza faza b\u0119dzie obejmowa\u0142a precyzyjne badania sonda\u017cowe maj\u0105ce na celu zlokalizowanie szcz\u0105tk\u00f3w.<\/p>\n\n\n\n<p> Dopiero po potwierdzeniu obecno\u015bci grobu i okre\u015bleniu jego dok\u0142adnych rozmiar\u00f3w, specjali\u015bci przyst\u0105pi\u0105 do drugiego etapu, jakim jest pe\u0142na ekshumacja. Proces ten zostanie przeprowadzony z zachowaniem najwy\u017cszych standard\u00f3w badawczych i poszanowaniem godno\u015bci ofiar.<br><\/p>\n\n\n\n<p>Realizacja politycznych zapowiedzi o dialogu historycznym<\/p>\n\n\n\n<p><br>Rozpocz\u0119cie prac w Ug\u0142ach jest postrzegane jako owoc dyplomatycznych ustale\u0144 na najwy\u017cszym szczeblu. To bezpo\u015brednie nast\u0119pstwo deklaracji prezydenta Wo\u0142odymyra Ze\u0142enskiego, kt\u00f3ry podczas wizyty w Warszawie zapowiedzia\u0142 przyspieszenie proces\u00f3w zwi\u0105zanych z poszukiwaniami i ekshumacjami polskich ofiar.<\/p>\n\n\n\n<p> Wsp\u00f3lna praca polskich i ukrai\u0144skich bieg\u0142ych na miejscu zbrodni ma by\u0107 nie tylko dzia\u0142aniem naukowym, ale tak\u017ce wa\u017cnym gestem w procesie pojednania i budowania wsp\u00f3lnej pami\u0119ci historycznej obu narod\u00f3w.<br><\/p>\n","protected":false},"excerpt":{"rendered":"<p>To ju\u017c oficjalnie potwierdzone: polscy i ukrai\u0144scy specjali\u015bci przyst\u0105pi\u0105 do prac poszukiwawczych w miejscowo\u015bci Ug\u0142y na Wo\u0142yniu. Jak informuje PAP, po zako\u0144czonej wizji lokalnej i uzyskaniu niezb\u0119dnych zg\u00f3d ze strony Kijowa, wiosn\u0105 przysz\u0142ego roku rozpoczn\u0105 si\u0119 dzia\u0142ania maj\u0105ce na celu odnalezienie szcz\u0105tk\u00f3w kilkudziesi\u0119ciu polskich ofiar. Decyzja ta stanowi realny krok w realizacji zapowiedzi o odblokowaniu &#8230; <a title=\"Prze\u0142om na Wo\u0142yniu. Wiosn\u0105 rusz\u0105 poszukiwania ofiar w miejscowo\u015bci Ug\u0142y\" class=\"read-more\" href=\"https:\/\/dobrezrodla.com\/?p=12578\" aria-label=\"Read more about Prze\u0142om na Wo\u0142yniu. Wiosn\u0105 rusz\u0105 poszukiwania ofiar w miejscowo\u015bci Ug\u0142y\">Read more<\/a><\/p>\n","protected":false},"author":1,"featured_media":0,"comment_status":"open","ping_status":"open","sticky":false,"template":"","format":"standard","meta":{"footnotes":""},"categories":[1],"tags":[],"class_list":["post-12578","post","type-post","status-publish","format-standard","hentry","category-uncategorized"],"_links":{"self":[{"href":"https:\/\/dobrezrodla.com\/index.php?rest_route=\/wp\/v2\/posts\/12578","targetHints":{"allow":["GET"]}}],"collection":[{"href":"https:\/\/dobrezrodla.com\/index.php?rest_route=\/wp\/v2\/posts"}],"about":[{"href":"https:\/\/dobrezrodla.com\/index.php?rest_route=\/wp\/v2\/types\/post"}],"author":[{"embeddable":true,"href":"https:\/\/dobrezrodla.com\/index.php?rest_route=\/wp\/v2\/users\/1"}],"replies":[{"embeddable":true,"href":"https:\/\/dobrezrodla.com\/index.php?rest_route=%2Fwp%2Fv2%2Fcomments&post=12578"}],"version-history":[{"count":1,"href":"https:\/\/dobrezrodla.com\/index.php?rest_route=\/wp\/v2\/posts\/12578\/revisions"}],"predecessor-version":[{"id":12579,"href":"https:\/\/dobrezrodla.com\/index.php?rest_route=\/wp\/v2\/posts\/12578\/revisions\/12579"}],"wp:attachment":[{"href":"https:\/\/dobrezrodla.com\/index.php?rest_route=%2Fwp%2Fv2%2Fmedia&parent=12578"}],"wp:term":[{"taxonomy":"category","embeddable":true,"href":"https:\/\/dobrezrodla.com\/index.php?rest_route=%2Fwp%2Fv2%2Fcategories&post=12578"},{"taxonomy":"post_tag","embeddable":true,"href":"https:\/\/dobrezrodla.com\/index.php?rest_route=%2Fwp%2Fv2%2Ftags&post=12578"}],"curies":[{"name":"wp","href":"https:\/\/api.w.org\/{rel}","templated":true}]}}