{"id":12601,"date":"2025-12-20T10:17:55","date_gmt":"2025-12-20T10:17:55","guid":{"rendered":"https:\/\/dobrezrodla.com\/?p=12601"},"modified":"2025-12-20T10:17:56","modified_gmt":"2025-12-20T10:17:56","slug":"otworzylam-plecak-mojego-14-letniego-syna-zeby-go-wyprac","status":"publish","type":"post","link":"https:\/\/dobrezrodla.com\/?p=12601","title":{"rendered":"Otworzy\u0142am plecak mojego 14-letniego syna, \u017ceby go wypra\u0107."},"content":{"rendered":"\n<p>Serce wali\u0142o mi w uszach. Usiad\u0142am na skraju kanapy i gestem zaprosi\u0142am go do siebie.<\/p>\n\n\n\n<p>\u2014 Powiedz mi prawd\u0119, Andriej. S\u0142ucham.<\/p>\n\n\n\n<p>Podszed\u0142 powoli, zgarbiony, jakby ni\u00f3s\u0142 co\u015b za ci\u0119\u017ckiego jak na sw\u00f3j wiek. Sta\u0142 tam przez kilka sekund z opuszczon\u0105 g\u0142ow\u0105, a potem wybuchn\u0105\u0142.<\/p>\n\n\n\n<p>\u2014 To nie tak, jak my\u015blisz\u2026 to nie moje dziecko.<\/p>\n\n\n\n<p>Wzi\u0119\u0142am g\u0142\u0119boki oddech, czuj\u0105c, jak trz\u0119s\u0105 mi si\u0119 kolana.<\/p>\n\n\n\n<p>\u2014 To czyje to dziecko?<\/p>\n\n\n\n<p>\u2014 To Maria\u2026 moja kole\u017canka z klasy. Ma 15 lat.<\/p>\n\n\n\n<p>D\u0142ugo si\u0119 na niego patrzy\u0142am. Imi\u0119 brzmia\u0142o znajomo. Cicha dziewczyna, z w\u0142osami zawsze zwi\u0105zanymi w kucyk, kt\u00f3r\u0105 widzia\u0142am ju\u017c kilka razy, jak czeka\u0142a na niego przy bramce.<\/p>\n\n\n\n<p>\u2014 A dlaczego masz to USG? \u2014 zapyta\u0142am.<\/p>\n\n\n\n<p>Andriej podni\u00f3s\u0142 wzrok. P\u0142aka\u0142.<\/p>\n\n\n\n<p>\u2014 Bo nie ma nikogo.<\/p>\n\n\n\n<p>Jego s\u0142owa uderzy\u0142y mnie mocniej ni\u017c jakiekolwiek wie\u015bci.<\/p>\n\n\n\n<p>Opowiada\u0142 powoli, z cz\u0119stymi pauzami. Ojciec dziewczyny od lat pracowa\u0142 za granic\u0105 i nie dawa\u0142 \u017cadnych oznak. Jej chora matka zosta\u0142a pilnie przyj\u0119ta do szpitala w powiecie. Maria zosta\u0142a sama, przestraszona, nie wiedz\u0105c, co robi\u0107.<\/p>\n\n\n\n<p>\u2014 Chcia\u0142a wyrzuci\u0107 USG, mamo\u2026 powiedzia\u0142a mi, \u017ce boi si\u0119 wszystkiego. Szko\u0142y, ludzi, tego, co powie wie\u015b.<\/p>\n\n\n\n<p>Poczu\u0142em gul\u0119 w gardle.<\/p>\n\n\n\n<p>\u2014 A ty?<\/p>\n\n\n\n<p>\u2014 Ja\u2026 Powiedzia\u0142em jej, \u017ceby nie by\u0142a sama. \u017be jej pomog\u0119. \u017be nie uciekn\u0119.<\/p>\n\n\n\n<p>Na chwil\u0119 zamkn\u0105\u0142em oczy. Przede mn\u0105 nie by\u0142o ju\u017c dziecka, kt\u00f3re zapomnia\u0142o skarpetek w pokoju. By\u0142 ch\u0142opiec, kt\u00f3ry uczy\u0142 si\u0119, za wcze\u015bnie, co oznacza odpowiedzialno\u015b\u0107.<\/p>\n\n\n\n<p>\u2014 Dlaczego mi nie powiedzia\u0142a\u015b? \u2014 zapyta\u0142em \u0142agodniej.<\/p>\n\n\n\n<p>\u2014 Ba\u0142am si\u0119\u2026 nie b\u0119dziesz krzycze\u0107. Nie my\u015bl, \u017ce jestem draniem.<\/p>\n\n\n\n<p>Przyci\u0105gn\u0119\u0142am go do siebie i przytuli\u0142am. P\u0142aka\u0142 cicho, jak wtedy, gdy by\u0142 ma\u0142y i uderza\u0142 si\u0119 w kolana.<\/p>\n\n\n\n<p>\u2014 Nie jestem z\u0142a, \u017ce \u200b\u200bmi pomog\u0142e\u015b \u2014 powiedzia\u0142am mu. Boj\u0119 si\u0119\u2026 ale jestem dumna, \u017ce \u200b\u200bmasz serce.<\/p>\n\n\n\n<p>Tego wieczoru poszli\u015bmy razem do domu Marii. Mieszka\u0142a w zimnej kawalerce, z przy\u0107mionym o\u015bwietleniem i starymi zas\u0142onami. Kiedy zobaczy\u0142a nas w drzwiach, zamar\u0142a.<\/p>\n\n\n\n<p>\u2014 Nie przysz\u0142am ci\u0119 strofowa\u0107 \u2014 powiedzia\u0142am jej. Przysz\u0142am ci pom\u00f3c.<\/p>\n\n\n\n<p>Dziewczyna wybuchn\u0119\u0142a p\u0142aczem. Mocno chwyci\u0142a mnie za r\u0119k\u0119, jakby ba\u0142a si\u0119, \u017ce znikn\u0119.<\/p>\n\n\n\n<p>W ci\u0105gu nast\u0119pnych dni robi\u0142am to, co robi ka\u017cda matka: uporz\u0105dkowa\u0142am sprawy. Rozmawia\u0142am z pracownikiem socjalnym. Z nauczycielem. Z lekarzem rodzinnym. Dowiedzia\u0142am si\u0119, jakie ma prawa, jak\u0105 pomoc mo\u017ce otrzyma\u0107, co trzeba zrobi\u0107.<\/p>\n\n\n\n<p>To nie by\u0142o \u0142atwe. Spojrzenia by\u0142y niemi\u0142e. S\u0142owa rzucane na k\u0105ty. \u201eBezmy\u015blne dzieci\u201d, \u201ezniszczona przysz\u0142o\u015b\u0107\u201d.<\/p>\n\n\n\n<p>Ale byli te\u017c dobrzy ludzie. S\u0105siad, kt\u00f3ry przynosi\u0142 ubrania. Nauczyciel, kt\u00f3ry obiecywa\u0142 wsparcie. Lekarz, kt\u00f3ry m\u00f3wi\u0142 po ludzku.<\/p>\n\n\n\n<p>Andriej trzyma\u0142 si\u0119 przy niej, nie jak ojciec, ale jak prawdziwy przyjaciel. Zabiera\u0142 j\u0105 na badania, trzyma\u0142 jej torb\u0119, opowiada\u0142 dowcipy, gdy bola\u0142y j\u0105 plecy.<\/p>\n\n\n\n<p>Pewnego dnia Maria w\u0142o\u017cy\u0142a mi do r\u0119ki USG.<\/p>\n\n\n\n<p>\u201eZatrzymaj je\u201d \u2013 powiedzia\u0142a. Bo teraz wiem, \u017ce nie jestem ju\u017c sama.<\/p>\n\n\n\n<p>W\u0142o\u017cy\u0142am zdj\u0119cie do szuflady, obok akt\u00f3w urodzenia moich dzieci.<\/p>\n\n\n\n<p>Bo czasami \u017cycie strasznie nas przera\u017ca.<\/p>\n\n\n\n<p>Ale czasami, poprzez 14-latka, pokazuje nam, \u017ce dobro wci\u0105\u017c istnieje.<\/p>\n\n\n\n<p>Ta praca jest inspirowana prawdziwymi wydarzeniami i postaciami, ale zosta\u0142a sfabularyzowana dla cel\u00f3w tw\u00f3rczych. Imiona, postacie i szczeg\u00f3\u0142y zosta\u0142y zmienione w celu ochrony prywatno\u015bci i wzbogacenia narracji. Wszelkie podobie\u0144stwo do prawdziwych os\u00f3b, \u017cywych lub zmar\u0142ych, lub do rzeczywistych wydarze\u0144 jest czysto przypadkowe i niezamierzone przez autora.<\/p>\n\n\n\n<p>Autor i wydawca nie ponosz\u0105 odpowiedzialno\u015bci za dok\u0142adno\u015b\u0107 wydarze\u0144 ani przedstawienie postaci, ani za jakiekolwiek b\u0142\u0119dne interpretacje. Niniejsza historia jest udost\u0119pniana \u201etak jak jest\u201d, a wszelkie wyra\u017cone w niej opinie s\u0105 opiniami postaci i nie odzwierciedlaj\u0105 pogl\u0105d\u00f3w autora ani wydawcy.<\/p>\n","protected":false},"excerpt":{"rendered":"<p>Serce wali\u0142o mi w uszach. Usiad\u0142am na skraju kanapy i gestem zaprosi\u0142am go do siebie. \u2014 Powiedz mi prawd\u0119, Andriej. S\u0142ucham. Podszed\u0142 powoli, zgarbiony, jakby ni\u00f3s\u0142 co\u015b za ci\u0119\u017ckiego jak na sw\u00f3j wiek. Sta\u0142 tam przez kilka sekund z opuszczon\u0105 g\u0142ow\u0105, a potem wybuchn\u0105\u0142. \u2014 To nie tak, jak my\u015blisz\u2026 to nie moje dziecko. Wzi\u0119\u0142am &#8230; <a title=\"Otworzy\u0142am plecak mojego 14-letniego syna, \u017ceby go wypra\u0107.\" class=\"read-more\" href=\"https:\/\/dobrezrodla.com\/?p=12601\" aria-label=\"Read more about Otworzy\u0142am plecak mojego 14-letniego syna, \u017ceby go wypra\u0107.\">Read more<\/a><\/p>\n","protected":false},"author":1,"featured_media":0,"comment_status":"open","ping_status":"open","sticky":false,"template":"","format":"standard","meta":{"footnotes":""},"categories":[1],"tags":[],"class_list":["post-12601","post","type-post","status-publish","format-standard","hentry","category-uncategorized"],"_links":{"self":[{"href":"https:\/\/dobrezrodla.com\/index.php?rest_route=\/wp\/v2\/posts\/12601","targetHints":{"allow":["GET"]}}],"collection":[{"href":"https:\/\/dobrezrodla.com\/index.php?rest_route=\/wp\/v2\/posts"}],"about":[{"href":"https:\/\/dobrezrodla.com\/index.php?rest_route=\/wp\/v2\/types\/post"}],"author":[{"embeddable":true,"href":"https:\/\/dobrezrodla.com\/index.php?rest_route=\/wp\/v2\/users\/1"}],"replies":[{"embeddable":true,"href":"https:\/\/dobrezrodla.com\/index.php?rest_route=%2Fwp%2Fv2%2Fcomments&post=12601"}],"version-history":[{"count":1,"href":"https:\/\/dobrezrodla.com\/index.php?rest_route=\/wp\/v2\/posts\/12601\/revisions"}],"predecessor-version":[{"id":12602,"href":"https:\/\/dobrezrodla.com\/index.php?rest_route=\/wp\/v2\/posts\/12601\/revisions\/12602"}],"wp:attachment":[{"href":"https:\/\/dobrezrodla.com\/index.php?rest_route=%2Fwp%2Fv2%2Fmedia&parent=12601"}],"wp:term":[{"taxonomy":"category","embeddable":true,"href":"https:\/\/dobrezrodla.com\/index.php?rest_route=%2Fwp%2Fv2%2Fcategories&post=12601"},{"taxonomy":"post_tag","embeddable":true,"href":"https:\/\/dobrezrodla.com\/index.php?rest_route=%2Fwp%2Fv2%2Ftags&post=12601"}],"curies":[{"name":"wp","href":"https:\/\/api.w.org\/{rel}","templated":true}]}}