{"id":12619,"date":"2025-12-20T10:34:11","date_gmt":"2025-12-20T10:34:11","guid":{"rendered":"https:\/\/dobrezrodla.com\/?p=12619"},"modified":"2025-12-20T10:34:12","modified_gmt":"2025-12-20T10:34:12","slug":"wewnetrzna-burza-w-pis-muller-ostro-o-kurskim-nie-wnosi-nic-poza-zametem","status":"publish","type":"post","link":"https:\/\/dobrezrodla.com\/?p=12619","title":{"rendered":"Wewn\u0119trzna burza w PiS. M\u00fcller ostro o Kurskim: \u201eNie wnosi nic poza zam\u0119tem\u201d"},"content":{"rendered":"\n<p>Konflikty frakcyjne w Prawie i Sprawiedliwo\u015bci wchodz\u0105 w now\u0105, ostrzejsz\u0105 faz\u0119. Jacek Kurski \u2013 by\u0142y prezes TVP i jedna z bardziej kontrowersyjnych postaci partii \u2013 znalaz\u0142 si\u0119 w ogniu krytyki po swoim publicznym ataku na Mateusza Morawieckiego. Efekt? Cz\u0119\u015b\u0107 dzia\u0142aczy PiS chce si\u0119 go pozby\u0107.<\/p>\n\n\n\n<p>Wed\u0142ug europos\u0142a Piotra M\u00fcllera, Kurski nie powinien czeka\u0107 na decyzj\u0119 partii \u2013 powinien sam zrezygnowa\u0107. W rozmowie z Polskim Radiem 24 nie przebiera\u0142 w s\u0142owach: \u201eNie widz\u0119 \u017cadnej warto\u015bci dodanej w jego obecno\u015bci w polityce. To jakby rozlewa\u0107 szambo dooko\u0142a\u201d. Jak twierdzi, polityka Kurskiego nie tylko szkodzi partii, ale i destabilizuje jej obraz w oczach opinii publicznej.<\/p>\n\n\n\n<p>Waldemar Buda potwierdzi\u0142, \u017ce wewn\u0105trz ugrupowania trwa akcja zbierania podpis\u00f3w za wyrzuceniem Kurskiego. \u0179r\u00f3d\u0142em niepokoju s\u0105 r\u00f3wnie\u017c doniesienia o dw\u00f3ch osobnych wigiliach partyjnych i nasilaj\u0105cych si\u0119 podzia\u0142ach wewn\u0105trz PiS.<\/p>\n\n\n\n<p>Mimo tego, M\u00fcller zapewnia, \u017ce Jaros\u0142aw Kaczy\u0144ski nadal kontroluje sytuacj\u0119 i &#8220;zaprowadzi porz\u0105dek tak\u017ce w sprawie Jacka Kurskiego&#8221;.<\/p>\n","protected":false},"excerpt":{"rendered":"<p>Konflikty frakcyjne w Prawie i Sprawiedliwo\u015bci wchodz\u0105 w now\u0105, ostrzejsz\u0105 faz\u0119. Jacek Kurski \u2013 by\u0142y prezes TVP i jedna z bardziej kontrowersyjnych postaci partii \u2013 znalaz\u0142 si\u0119 w ogniu krytyki po swoim publicznym ataku na Mateusza Morawieckiego. Efekt? Cz\u0119\u015b\u0107 dzia\u0142aczy PiS chce si\u0119 go pozby\u0107. Wed\u0142ug europos\u0142a Piotra M\u00fcllera, Kurski nie powinien czeka\u0107 na decyzj\u0119 &#8230; <a title=\"Wewn\u0119trzna burza w PiS. M\u00fcller ostro o Kurskim: \u201eNie wnosi nic poza zam\u0119tem\u201d\" class=\"read-more\" href=\"https:\/\/dobrezrodla.com\/?p=12619\" aria-label=\"Read more about Wewn\u0119trzna burza w PiS. M\u00fcller ostro o Kurskim: \u201eNie wnosi nic poza zam\u0119tem\u201d\">Read more<\/a><\/p>\n","protected":false},"author":1,"featured_media":0,"comment_status":"open","ping_status":"open","sticky":false,"template":"","format":"standard","meta":{"footnotes":""},"categories":[1],"tags":[],"class_list":["post-12619","post","type-post","status-publish","format-standard","hentry","category-uncategorized"],"_links":{"self":[{"href":"https:\/\/dobrezrodla.com\/index.php?rest_route=\/wp\/v2\/posts\/12619","targetHints":{"allow":["GET"]}}],"collection":[{"href":"https:\/\/dobrezrodla.com\/index.php?rest_route=\/wp\/v2\/posts"}],"about":[{"href":"https:\/\/dobrezrodla.com\/index.php?rest_route=\/wp\/v2\/types\/post"}],"author":[{"embeddable":true,"href":"https:\/\/dobrezrodla.com\/index.php?rest_route=\/wp\/v2\/users\/1"}],"replies":[{"embeddable":true,"href":"https:\/\/dobrezrodla.com\/index.php?rest_route=%2Fwp%2Fv2%2Fcomments&post=12619"}],"version-history":[{"count":1,"href":"https:\/\/dobrezrodla.com\/index.php?rest_route=\/wp\/v2\/posts\/12619\/revisions"}],"predecessor-version":[{"id":12620,"href":"https:\/\/dobrezrodla.com\/index.php?rest_route=\/wp\/v2\/posts\/12619\/revisions\/12620"}],"wp:attachment":[{"href":"https:\/\/dobrezrodla.com\/index.php?rest_route=%2Fwp%2Fv2%2Fmedia&parent=12619"}],"wp:term":[{"taxonomy":"category","embeddable":true,"href":"https:\/\/dobrezrodla.com\/index.php?rest_route=%2Fwp%2Fv2%2Fcategories&post=12619"},{"taxonomy":"post_tag","embeddable":true,"href":"https:\/\/dobrezrodla.com\/index.php?rest_route=%2Fwp%2Fv2%2Ftags&post=12619"}],"curies":[{"name":"wp","href":"https:\/\/api.w.org\/{rel}","templated":true}]}}