{"id":12633,"date":"2025-12-20T10:46:00","date_gmt":"2025-12-20T10:46:00","guid":{"rendered":"https:\/\/dobrezrodla.com\/?p=12633"},"modified":"2025-12-20T10:46:01","modified_gmt":"2025-12-20T10:46:01","slug":"prezydenckie-weto-uderza-symbolicznie-budzet-nie-runie-ale-pytania-zostaja","status":"publish","type":"post","link":"https:\/\/dobrezrodla.com\/?p=12633","title":{"rendered":"Prezydenckie weto uderza symbolicznie. Bud\u017cet nie runie, ale pytania zostaj\u0105"},"content":{"rendered":"\n<p>Prezydent Karol Nawrocki zdecydowa\u0142 si\u0119 zawetowa\u0107 dwie ustawy, kt\u00f3re mia\u0142y wej\u015b\u0107 w \u017cycie z pocz\u0105tkiem 2026 roku \u2013 podnosz\u0105ce akcyz\u0119 na alkohol i tzw. op\u0142at\u0119 cukrow\u0105. Wed\u0142ug wylicze\u0144 Ministerstwa Finans\u00f3w, nowe przepisy mog\u0142y przynie\u015b\u0107 bud\u017cetowi pa\u0144stwa <strong>ponad 2 miliardy z\u0142otych<\/strong> rocznie.<\/p>\n\n\n\n<p>Cho\u0107 skala finansowa nie zachwia\u0142aby fundamentami pa\u0144stwowych finans\u00f3w, decyzja g\u0142owy pa\u0144stwa ma <strong>mocny wymiar symboliczny<\/strong>. W czasach narastaj\u0105cych koszt\u00f3w ochrony zdrowia, starzej\u0105cego si\u0119 spo\u0142ecze\u0144stwa i presji fiskalnej, ka\u017cde dodatkowe \u017ar\u00f3d\u0142o dochodu nabiera znaczenia.<\/p>\n\n\n\n<p>Weto stawia pod znakiem zapytania kierunek polityki fiskalnej pa\u0144stwa. Czy walka z uzale\u017cnieniami i chorobami cywilizacyjnymi rzeczywi\u015bcie nie zas\u0142uguje na wi\u0119ksze wsparcie finansowe? Czy rezygnacja z 2 mld z\u0142 to sygna\u0142 dla rz\u0105du, \u017ce kolejne podwy\u017cki podatk\u00f3w mog\u0105 nie przej\u015b\u0107?<\/p>\n\n\n\n<p>Rz\u0105d zapowiada\u0142, \u017ce \u015brodki z op\u0142aty cukrowej trafiaj\u0105 bezpo\u015brednio do systemu ochrony zdrowia, a dodatkowe wp\u0142ywy z akcyzy mog\u0142yby sfinansowa\u0107 cz\u0119\u015b\u0107 rosn\u0105cych koszt\u00f3w NFZ. Teraz te plany stan\u0119\u0142y pod znakiem zapytania.<\/p>\n","protected":false},"excerpt":{"rendered":"<p>Prezydent Karol Nawrocki zdecydowa\u0142 si\u0119 zawetowa\u0107 dwie ustawy, kt\u00f3re mia\u0142y wej\u015b\u0107 w \u017cycie z pocz\u0105tkiem 2026 roku \u2013 podnosz\u0105ce akcyz\u0119 na alkohol i tzw. op\u0142at\u0119 cukrow\u0105. Wed\u0142ug wylicze\u0144 Ministerstwa Finans\u00f3w, nowe przepisy mog\u0142y przynie\u015b\u0107 bud\u017cetowi pa\u0144stwa ponad 2 miliardy z\u0142otych rocznie. Cho\u0107 skala finansowa nie zachwia\u0142aby fundamentami pa\u0144stwowych finans\u00f3w, decyzja g\u0142owy pa\u0144stwa ma mocny wymiar &#8230; <a title=\"Prezydenckie weto uderza symbolicznie. Bud\u017cet nie runie, ale pytania zostaj\u0105\" class=\"read-more\" href=\"https:\/\/dobrezrodla.com\/?p=12633\" aria-label=\"Read more about Prezydenckie weto uderza symbolicznie. Bud\u017cet nie runie, ale pytania zostaj\u0105\">Read more<\/a><\/p>\n","protected":false},"author":1,"featured_media":0,"comment_status":"open","ping_status":"open","sticky":false,"template":"","format":"standard","meta":{"footnotes":""},"categories":[1],"tags":[],"class_list":["post-12633","post","type-post","status-publish","format-standard","hentry","category-uncategorized"],"_links":{"self":[{"href":"https:\/\/dobrezrodla.com\/index.php?rest_route=\/wp\/v2\/posts\/12633","targetHints":{"allow":["GET"]}}],"collection":[{"href":"https:\/\/dobrezrodla.com\/index.php?rest_route=\/wp\/v2\/posts"}],"about":[{"href":"https:\/\/dobrezrodla.com\/index.php?rest_route=\/wp\/v2\/types\/post"}],"author":[{"embeddable":true,"href":"https:\/\/dobrezrodla.com\/index.php?rest_route=\/wp\/v2\/users\/1"}],"replies":[{"embeddable":true,"href":"https:\/\/dobrezrodla.com\/index.php?rest_route=%2Fwp%2Fv2%2Fcomments&post=12633"}],"version-history":[{"count":1,"href":"https:\/\/dobrezrodla.com\/index.php?rest_route=\/wp\/v2\/posts\/12633\/revisions"}],"predecessor-version":[{"id":12634,"href":"https:\/\/dobrezrodla.com\/index.php?rest_route=\/wp\/v2\/posts\/12633\/revisions\/12634"}],"wp:attachment":[{"href":"https:\/\/dobrezrodla.com\/index.php?rest_route=%2Fwp%2Fv2%2Fmedia&parent=12633"}],"wp:term":[{"taxonomy":"category","embeddable":true,"href":"https:\/\/dobrezrodla.com\/index.php?rest_route=%2Fwp%2Fv2%2Fcategories&post=12633"},{"taxonomy":"post_tag","embeddable":true,"href":"https:\/\/dobrezrodla.com\/index.php?rest_route=%2Fwp%2Fv2%2Ftags&post=12633"}],"curies":[{"name":"wp","href":"https:\/\/api.w.org\/{rel}","templated":true}]}}