{"id":12647,"date":"2025-12-21T08:33:33","date_gmt":"2025-12-21T08:33:33","guid":{"rendered":"https:\/\/dobrezrodla.com\/?p=12647"},"modified":"2025-12-21T08:33:34","modified_gmt":"2025-12-21T08:33:34","slug":"przytlaczajacy-widok-na-cmentarzu-po-pogrzebie-11-letniej-danusi","status":"publish","type":"post","link":"https:\/\/dobrezrodla.com\/?p=12647","title":{"rendered":"Przyt\u0142aczaj\u0105cy widok na cmentarzu po pogrzebie 11-letniej Danusi"},"content":{"rendered":"\n<p>W sobot\u0119 Jelenia G\u00f3ra pogr\u0105\u017cy\u0142a si\u0119 w g\u0142\u0119bokiej \u017ca\u0142obie. Mieszka\u0144cy miasta t\u0142umnie zebrali si\u0119 na Starym Cmentarzu Komunalnym, by po\u017cegna\u0107 11-letni\u0105 Danusi\u0119 \u2013 dziewczynk\u0119, kt\u00f3rej \u017cycie zako\u0144czy\u0142o si\u0119 wstrz\u0105saj\u0105cy spos\u00f3b pod murami szko\u0142y. Morze bia\u0142ych r\u00f3\u017c i dzieci\u0119cych maskotek, kt\u00f3re szczelnie pokry\u0142y gr\u00f3b, sta\u0142o si\u0119 poruszaj\u0105cym symbolem niewyobra\u017calnego b\u00f3lu i utraconego dzieci\u0144stwa.<\/p>\n\n\n\n<p><strong>Bia\u0142e kwiaty, cisza i \u0142zy \u2014 ostatnie po\u017cegnanie Danusi<\/strong><\/p>\n\n\n\n<p>Wzruszaj\u0105ca ceremonia przebieg\u0142a w absolutnej ciszy, przerywanej jedynie przez szloch zgromadzonych. Na pro\u015bb\u0119 bliskich, uczestnicy pogrzebu przynie\u015bli bia\u0142e r\u00f3\u017ce \u2013 znak niewinno\u015bci i czysto\u015bci. W ostatniej drodze towarzyszyli dziewczynce nie tylko najbli\u017csi, ale tak\u017ce harcerze, szkolni koledzy i setki mieszka\u0144c\u00f3w, kt\u00f3rzy cho\u0107 jej nie znali, g\u0142\u0119boko przej\u0119li si\u0119 tragedi\u0105. Po zako\u0144czeniu ceremonii gr\u00f3b zosta\u0142 pokryty kwiatami i pluszakami, tworz\u0105c przejmuj\u0105cy obraz, kt\u00f3ry na d\u0142ugo pozostanie w pami\u0119ci \u015bwiadk\u00f3w.<\/p>\n\n\n\n<p><strong>Miasto zamar\u0142o w dniu \u017ca\u0142oby<\/strong><\/p>\n\n\n\n<p>Prezydent Jeleniej G\u00f3ry og\u0142osi\u0142 dzie\u0144 pogrzebu Danusi dniem oficjalnej \u017ca\u0142oby. Flagi w mie\u015bcie zosta\u0142y opuszczone do po\u0142owy maszt\u00f3w i przepasane kirem. Ten symboliczny gest zjednoczy\u0142 mieszka\u0144c\u00f3w we wsp\u00f3lnym b\u00f3lu i pokaza\u0142, \u017ce ca\u0142a lokalna spo\u0142eczno\u015b\u0107 solidaryzuje si\u0119 z rodzin\u0105 zmar\u0142ej dziewczynki.<\/p>\n\n\n\n<p><strong>Danusia \u2013 radosna dusza i oddana harcerka<\/strong><\/p>\n\n\n\n<p>Danusia zapami\u0119tana zosta\u0142a jako pogodna, otwarta i zaanga\u017cowana dziewczynka. Czynnie uczestniczy\u0142a w \u017cyciu parafii \u2013 \u015bpiewa\u0142a w scholi \u2013 oraz nale\u017ca\u0142a do 14. Dru\u017cyny Harcerskiej \u201eVentus\u201d. Z rado\u015bci\u0105 oczekiwa\u0142a na moment z\u0142o\u017cenia swojego pierwszego przyrzeczenia harcerskiego. Jej tragiczna \u015bmier\u0107 przerwa\u0142a te plany, zostawiaj\u0105c pustk\u0119 w sercach przyjaci\u00f3\u0142 i instruktor\u00f3w.<\/p>\n\n\n\n<p><strong>Tragedia pod szko\u0142\u0105 \u2013 dramatyczne t\u0142o uroczysto\u015bci<\/strong><\/p>\n\n\n\n<p>Do tragedii dosz\u0142o w poniedzia\u0142ek, 15 grudnia, pod Szko\u0142\u0105 Podstawow\u0105 nr 10 w Jeleniej G\u00f3rze. Podczas b\u00f3jki z r\u00f3wie\u015bniczk\u0105 Danusia zosta\u0142a ugodzona no\u017cem. Pomimo natychmiastowej reanimacji prowadzonej przez \u015bwiadk\u00f3w i ratownik\u00f3w, dziewczynki nie uda\u0142o si\u0119 uratowa\u0107. Spraw\u0105 zajmuje si\u0119 s\u0105d rodzinny \u2013 12-letnia sprawczyni zosta\u0142a umieszczona w specjalistycznym o\u015brodku wychowawczym.<\/p>\n","protected":false},"excerpt":{"rendered":"<p>W sobot\u0119 Jelenia G\u00f3ra pogr\u0105\u017cy\u0142a si\u0119 w g\u0142\u0119bokiej \u017ca\u0142obie. Mieszka\u0144cy miasta t\u0142umnie zebrali si\u0119 na Starym Cmentarzu Komunalnym, by po\u017cegna\u0107 11-letni\u0105 Danusi\u0119 \u2013 dziewczynk\u0119, kt\u00f3rej \u017cycie zako\u0144czy\u0142o si\u0119 wstrz\u0105saj\u0105cy spos\u00f3b pod murami szko\u0142y. Morze bia\u0142ych r\u00f3\u017c i dzieci\u0119cych maskotek, kt\u00f3re szczelnie pokry\u0142y gr\u00f3b, sta\u0142o si\u0119 poruszaj\u0105cym symbolem niewyobra\u017calnego b\u00f3lu i utraconego dzieci\u0144stwa. Bia\u0142e kwiaty, cisza &#8230; <a title=\"Przyt\u0142aczaj\u0105cy widok na cmentarzu po pogrzebie 11-letniej Danusi\" class=\"read-more\" href=\"https:\/\/dobrezrodla.com\/?p=12647\" aria-label=\"Read more about Przyt\u0142aczaj\u0105cy widok na cmentarzu po pogrzebie 11-letniej Danusi\">Read more<\/a><\/p>\n","protected":false},"author":1,"featured_media":0,"comment_status":"open","ping_status":"open","sticky":false,"template":"","format":"standard","meta":{"footnotes":""},"categories":[1],"tags":[],"class_list":["post-12647","post","type-post","status-publish","format-standard","hentry","category-uncategorized"],"_links":{"self":[{"href":"https:\/\/dobrezrodla.com\/index.php?rest_route=\/wp\/v2\/posts\/12647","targetHints":{"allow":["GET"]}}],"collection":[{"href":"https:\/\/dobrezrodla.com\/index.php?rest_route=\/wp\/v2\/posts"}],"about":[{"href":"https:\/\/dobrezrodla.com\/index.php?rest_route=\/wp\/v2\/types\/post"}],"author":[{"embeddable":true,"href":"https:\/\/dobrezrodla.com\/index.php?rest_route=\/wp\/v2\/users\/1"}],"replies":[{"embeddable":true,"href":"https:\/\/dobrezrodla.com\/index.php?rest_route=%2Fwp%2Fv2%2Fcomments&post=12647"}],"version-history":[{"count":1,"href":"https:\/\/dobrezrodla.com\/index.php?rest_route=\/wp\/v2\/posts\/12647\/revisions"}],"predecessor-version":[{"id":12648,"href":"https:\/\/dobrezrodla.com\/index.php?rest_route=\/wp\/v2\/posts\/12647\/revisions\/12648"}],"wp:attachment":[{"href":"https:\/\/dobrezrodla.com\/index.php?rest_route=%2Fwp%2Fv2%2Fmedia&parent=12647"}],"wp:term":[{"taxonomy":"category","embeddable":true,"href":"https:\/\/dobrezrodla.com\/index.php?rest_route=%2Fwp%2Fv2%2Fcategories&post=12647"},{"taxonomy":"post_tag","embeddable":true,"href":"https:\/\/dobrezrodla.com\/index.php?rest_route=%2Fwp%2Fv2%2Ftags&post=12647"}],"curies":[{"name":"wp","href":"https:\/\/api.w.org\/{rel}","templated":true}]}}