{"id":12655,"date":"2025-12-21T08:41:43","date_gmt":"2025-12-21T08:41:43","guid":{"rendered":"https:\/\/dobrezrodla.com\/?p=12655"},"modified":"2025-12-21T08:41:43","modified_gmt":"2025-12-21T08:41:43","slug":"splakany-strasburger-potwierdzil-doniesienia-z-domu-6-lat-pobyl-ojcem-a-tu-takie-wiesci","status":"publish","type":"post","link":"https:\/\/dobrezrodla.com\/?p=12655","title":{"rendered":"Sp\u0142akany Strasburger potwierdzi\u0142 doniesienia z domu. 6 lat poby\u0142 ojcem, a tu takie wie\u015bci"},"content":{"rendered":"\n<p>Karol Strasburger \u2013 legenda polskiej telewizji i uwielbiany prowadz\u0105cy \u201eFamiliady\u201d \u2013 zn\u00f3w wzruszy\u0142 widz\u00f3w. Tym razem nie sucharem, a osobistym wyznaniem na antenie \u201eDzie\u0144 Dobry TVN\u201d. W porannym programie pojawi\u0142 si\u0119 z okazji sz\u00f3stych urodzin swojej c\u00f3reczki Laury. Dla 78-letniego aktora to szczeg\u00f3lny moment \u2013 bo w\u0142a\u015bnie sze\u015b\u0107 lat temu po raz pierwszy zosta\u0142 ojcem.<\/p>\n\n\n\n<p><strong>\u0141zy pop\u0142yn\u0119\u0142y na \u017cywo. Strasburger nie kry\u0142 emocji<\/strong><\/p>\n\n\n\n<p>Opowiadaj\u0105c o chwili, gdy po raz pierwszy wzi\u0105\u0142 Laur\u0119 na r\u0119ce, Karol nie by\u0142 w stanie powstrzyma\u0107 \u0142ez. Wzruszenie by\u0142o tak silne, \u017ce widzowie mogli zobaczy\u0107, jak ikona ekranu dos\u0142ownie si\u0119 rozp\u0142aka\u0142a. \u2013 \u201e\u0141zy same polecia\u0142y. Jak o tym m\u00f3wi\u0119, nadal si\u0119 wzruszam\u201d \u2013 przyzna\u0142 szczerze.<\/p>\n\n\n\n<p><strong>Koledzy m\u00f3wili: \u201eNie dasz rady\u201d. Strasburger odpowiedzia\u0142 czynami<\/strong><\/p>\n\n\n\n<p>W rozmowie nie zabrak\u0142o te\u017c trudniejszych w\u0105tk\u00f3w. Aktor ujawni\u0142, \u017ce znajomi odradzali mu ojcostwo w tak p\u00f3\u017anym wieku, twierdz\u0105c, \u017ce nie poradzi sobie z nieprzespanymi nocami czy codziennymi obowi\u0105zkami. \u2013 \u201eA ja \u0107wicz\u0119, ruszam si\u0119, nie jestem tat\u0105, kt\u00f3ry ledwo chodzi po schodach\u201d \u2013 odpowiedzia\u0142 im z dum\u0105.<\/p>\n\n\n\n<p><strong>Boi si\u0119 tylko jednego\u2026 poruszaj\u0105ce s\u0142owa o czasie<\/strong><\/p>\n\n\n\n<p>Na koniec Karol zdoby\u0142 si\u0119 na bardzo osobiste wyznanie. Przyzna\u0142, \u017ce jedyn\u0105 rzecz\u0105, kt\u00f3ra go niepokoi, jest czas. \u2013 \u201eMo\u017cemy nie zd\u0105\u017cy\u0107 prze\u017cy\u0107 wszystkiego\u201d \u2013 powiedzia\u0142 ze smutkiem w g\u0142osie, dodaj\u0105c, \u017ce razem z \u017con\u0105 Ma\u0142gorzat\u0105 staraj\u0105 si\u0119 dawa\u0107 c\u00f3rce wszystko, co najlepsze, dop\u00f3ki mog\u0105.<\/p>\n","protected":false},"excerpt":{"rendered":"<p>Karol Strasburger \u2013 legenda polskiej telewizji i uwielbiany prowadz\u0105cy \u201eFamiliady\u201d \u2013 zn\u00f3w wzruszy\u0142 widz\u00f3w. Tym razem nie sucharem, a osobistym wyznaniem na antenie \u201eDzie\u0144 Dobry TVN\u201d. W porannym programie pojawi\u0142 si\u0119 z okazji sz\u00f3stych urodzin swojej c\u00f3reczki Laury. Dla 78-letniego aktora to szczeg\u00f3lny moment \u2013 bo w\u0142a\u015bnie sze\u015b\u0107 lat temu po raz pierwszy zosta\u0142 ojcem. &#8230; <a title=\"Sp\u0142akany Strasburger potwierdzi\u0142 doniesienia z domu. 6 lat poby\u0142 ojcem, a tu takie wie\u015bci\" class=\"read-more\" href=\"https:\/\/dobrezrodla.com\/?p=12655\" aria-label=\"Read more about Sp\u0142akany Strasburger potwierdzi\u0142 doniesienia z domu. 6 lat poby\u0142 ojcem, a tu takie wie\u015bci\">Read more<\/a><\/p>\n","protected":false},"author":1,"featured_media":0,"comment_status":"open","ping_status":"open","sticky":false,"template":"","format":"standard","meta":{"footnotes":""},"categories":[1],"tags":[],"class_list":["post-12655","post","type-post","status-publish","format-standard","hentry","category-uncategorized"],"_links":{"self":[{"href":"https:\/\/dobrezrodla.com\/index.php?rest_route=\/wp\/v2\/posts\/12655","targetHints":{"allow":["GET"]}}],"collection":[{"href":"https:\/\/dobrezrodla.com\/index.php?rest_route=\/wp\/v2\/posts"}],"about":[{"href":"https:\/\/dobrezrodla.com\/index.php?rest_route=\/wp\/v2\/types\/post"}],"author":[{"embeddable":true,"href":"https:\/\/dobrezrodla.com\/index.php?rest_route=\/wp\/v2\/users\/1"}],"replies":[{"embeddable":true,"href":"https:\/\/dobrezrodla.com\/index.php?rest_route=%2Fwp%2Fv2%2Fcomments&post=12655"}],"version-history":[{"count":1,"href":"https:\/\/dobrezrodla.com\/index.php?rest_route=\/wp\/v2\/posts\/12655\/revisions"}],"predecessor-version":[{"id":12656,"href":"https:\/\/dobrezrodla.com\/index.php?rest_route=\/wp\/v2\/posts\/12655\/revisions\/12656"}],"wp:attachment":[{"href":"https:\/\/dobrezrodla.com\/index.php?rest_route=%2Fwp%2Fv2%2Fmedia&parent=12655"}],"wp:term":[{"taxonomy":"category","embeddable":true,"href":"https:\/\/dobrezrodla.com\/index.php?rest_route=%2Fwp%2Fv2%2Fcategories&post=12655"},{"taxonomy":"post_tag","embeddable":true,"href":"https:\/\/dobrezrodla.com\/index.php?rest_route=%2Fwp%2Fv2%2Ftags&post=12655"}],"curies":[{"name":"wp","href":"https:\/\/api.w.org\/{rel}","templated":true}]}}