{"id":12667,"date":"2025-12-21T08:52:51","date_gmt":"2025-12-21T08:52:51","guid":{"rendered":"https:\/\/dobrezrodla.com\/?p=12667"},"modified":"2025-12-21T08:52:52","modified_gmt":"2025-12-21T08:52:52","slug":"spor-o-okragly-stol-wyrzucili-go-jak-worek-smieci-emocje-po-decyzji-prezydenta","status":"publish","type":"post","link":"https:\/\/dobrezrodla.com\/?p=12667","title":{"rendered":"Sp\u00f3r o Okr\u0105g\u0142y St\u00f3\u0142. &#8220;Wyrzucili go jak worek \u015bmieci&#8221;. Emocje po decyzji prezydenta"},"content":{"rendered":"\n<p>Decyzja o przeniesieniu historycznego Okr\u0105g\u0142ego Sto\u0142u z Pa\u0142acu Prezydenckiego do muzeum wzbudzi\u0142a silne reakcje \u015brodowisk opozycyjnych i dawnych uczestnik\u00f3w prze\u0142omowych wydarze\u0144 z 1989 roku. Padaj\u0105 oskar\u017cenia o \u201esymboliczn\u0105 przemoc\u201d i \u201efa\u0142szowanie historii\u201d. S\u0142owa krytyki kierowane s\u0105 bezpo\u015brednio pod adresem prezydenta \u2013 zdaniem niekt\u00f3rych \u201eukrad\u0142\u201d co\u015b wi\u0119cej ni\u017c tylko mebel.<\/p>\n\n\n\n<p><strong>\u201eTo nie st\u00f3\u0142. To pami\u0119\u0107. A j\u0105 w\u0142a\u015bnie wyniesiono\u201d<\/strong><\/p>\n\n\n\n<p>Jakub Wygna\u0144ski, uczestnik obrad Okr\u0105g\u0142ego Sto\u0142u, nazwa\u0142 decyzj\u0119 prezydenta brutalnym gestem. \u2013 \u201eTo rodzaj przemocy symbolicznej. To, co zrobi\u0142 pan prezydent, nie podoba mi si\u0119. Troch\u0119 ukrad\u0142 nam \u015bwi\u0119ta\u201d \u2013 m\u00f3wi\u0142 w emocjonalnej rozmowie, podkre\u015blaj\u0105c, \u017ce takie dzia\u0142ania dziel\u0105, zamiast \u0142\u0105czy\u0107.<\/p>\n\n\n\n<p>Z kolei Zbigniew Janas nie kry\u0142 z\u0142o\u015bci: \u2013 \u201eWszystko wygarn\u0119li, do jakiego\u015b worka wrzucili i wywie\u017ali. Fa\u0142szowanie historii to by\u0142a cecha komunist\u00f3w. A dzi\u015b mamy powt\u00f3rk\u0119 tego samego\u201d \u2013 oceni\u0142 ostro.<\/p>\n\n\n\n<p><strong>Czy historia sta\u0142a si\u0119 zak\u0142adnikiem polityki?<\/strong><\/p>\n\n\n\n<p>Cho\u0107 Wygna\u0144ski przyzna\u0142, \u017ce Okr\u0105g\u0142y St\u00f3\u0142 m\u00f3g\u0142by znale\u017a\u0107 inne godne miejsce, zaznaczy\u0142, \u017ce sam spos\u00f3b i moment przeniesienia to z\u0142y sygna\u0142. \u2013 \u201eJak zaczniemy sobie wzajemnie wygania\u0107 symbole tylko dlatego, \u017ce mamy chwilow\u0105 przewag\u0119, to przestaniemy budowa\u0107 wsp\u00f3lnot\u0119\u201d \u2013 przestrzeg\u0142.<\/p>\n","protected":false},"excerpt":{"rendered":"<p>Decyzja o przeniesieniu historycznego Okr\u0105g\u0142ego Sto\u0142u z Pa\u0142acu Prezydenckiego do muzeum wzbudzi\u0142a silne reakcje \u015brodowisk opozycyjnych i dawnych uczestnik\u00f3w prze\u0142omowych wydarze\u0144 z 1989 roku. Padaj\u0105 oskar\u017cenia o \u201esymboliczn\u0105 przemoc\u201d i \u201efa\u0142szowanie historii\u201d. S\u0142owa krytyki kierowane s\u0105 bezpo\u015brednio pod adresem prezydenta \u2013 zdaniem niekt\u00f3rych \u201eukrad\u0142\u201d co\u015b wi\u0119cej ni\u017c tylko mebel. \u201eTo nie st\u00f3\u0142. To pami\u0119\u0107. A &#8230; <a title=\"Sp\u00f3r o Okr\u0105g\u0142y St\u00f3\u0142. &#8220;Wyrzucili go jak worek \u015bmieci&#8221;. Emocje po decyzji prezydenta\" class=\"read-more\" href=\"https:\/\/dobrezrodla.com\/?p=12667\" aria-label=\"Read more about Sp\u00f3r o Okr\u0105g\u0142y St\u00f3\u0142. &#8220;Wyrzucili go jak worek \u015bmieci&#8221;. Emocje po decyzji prezydenta\">Read more<\/a><\/p>\n","protected":false},"author":1,"featured_media":0,"comment_status":"open","ping_status":"open","sticky":false,"template":"","format":"standard","meta":{"footnotes":""},"categories":[1],"tags":[],"class_list":["post-12667","post","type-post","status-publish","format-standard","hentry","category-uncategorized"],"_links":{"self":[{"href":"https:\/\/dobrezrodla.com\/index.php?rest_route=\/wp\/v2\/posts\/12667","targetHints":{"allow":["GET"]}}],"collection":[{"href":"https:\/\/dobrezrodla.com\/index.php?rest_route=\/wp\/v2\/posts"}],"about":[{"href":"https:\/\/dobrezrodla.com\/index.php?rest_route=\/wp\/v2\/types\/post"}],"author":[{"embeddable":true,"href":"https:\/\/dobrezrodla.com\/index.php?rest_route=\/wp\/v2\/users\/1"}],"replies":[{"embeddable":true,"href":"https:\/\/dobrezrodla.com\/index.php?rest_route=%2Fwp%2Fv2%2Fcomments&post=12667"}],"version-history":[{"count":1,"href":"https:\/\/dobrezrodla.com\/index.php?rest_route=\/wp\/v2\/posts\/12667\/revisions"}],"predecessor-version":[{"id":12668,"href":"https:\/\/dobrezrodla.com\/index.php?rest_route=\/wp\/v2\/posts\/12667\/revisions\/12668"}],"wp:attachment":[{"href":"https:\/\/dobrezrodla.com\/index.php?rest_route=%2Fwp%2Fv2%2Fmedia&parent=12667"}],"wp:term":[{"taxonomy":"category","embeddable":true,"href":"https:\/\/dobrezrodla.com\/index.php?rest_route=%2Fwp%2Fv2%2Fcategories&post=12667"},{"taxonomy":"post_tag","embeddable":true,"href":"https:\/\/dobrezrodla.com\/index.php?rest_route=%2Fwp%2Fv2%2Ftags&post=12667"}],"curies":[{"name":"wp","href":"https:\/\/api.w.org\/{rel}","templated":true}]}}