{"id":12687,"date":"2025-12-21T09:03:31","date_gmt":"2025-12-21T09:03:31","guid":{"rendered":"https:\/\/dobrezrodla.com\/?p=12687"},"modified":"2025-12-21T09:03:31","modified_gmt":"2025-12-21T09:03:31","slug":"tv-republika-nagle-przestala-nadawac-sakiewicz-zarzuca-celowe-dzialanie","status":"publish","type":"post","link":"https:\/\/dobrezrodla.com\/?p=12687","title":{"rendered":"TV Republika nagle przesta\u0142a nadawa\u0107. Sakiewicz zarzuca celowe dzia\u0142anie"},"content":{"rendered":"\n<p>W czwartek po po\u0142udniu widzowie Telewizji Republika stwierdzili nag\u0142e problemy z odbiorem sygna\u0142u.<\/p>\n\n\n\n<p>Na ekranach wielu z nich pojawi\u0142 si\u0119 na kilkana\u015bcie minut jedynie czarny obraz, a stacja w trakcie awarii nada\u0142a pasek sugeruj\u0105cy polityczne motywy zak\u0142\u00f3ce\u0144.<\/p>\n\n\n\n<p>Problemy techniczne bez jednoznacznego wyja\u015bnienia<br>Wed\u0142ug informacji przekazanych przez Tomasza Sakiewicza zak\u0142\u00f3cenia w nadawaniu nie by\u0142y skutkiem awarii po stronie samej stacji.<\/p>\n\n\n\n<p>Sygna\u0142y o problemach dociera\u0142y z r\u00f3\u017cnych miejsc, cz\u0119sto od siebie niezale\u017cnych, co znacznie utrudnia\u0142o szybkie ustalenie \u017ar\u00f3d\u0142a k\u0142opot\u00f3w.<\/p>\n\n\n\n<p>\u2013 \u201eStaramy si\u0119 ustali\u0107, co dok\u0142adnie si\u0119 dzieje i jak du\u017ca jest skala problemu. Docieraj\u0105 do nas informacje z kilku lokalizacji o powa\u017cnych awariach lub ca\u0142kowitych wy\u0142\u0105czeniach, ale na tym etapie nie mamy pe\u0142nej wiedzy\u201d \u2013 m\u00f3wi\u0142 Tomasz Sakiewicz na antenie stacji. Wspomnia\u0142 r\u00f3wnie\u017c o wydarzeniach sprzed dw\u00f3ch lat, zwi\u0105zanych z reorganizacj\u0105 medi\u00f3w publicznych, zaznaczaj\u0105c jednocze\u015bnie, \u017ce obecnie redakcja jest lepiej przygotowana na podobne scenariusze. Nie wskaza\u0142 jednak konkretnej przyczyny czwartkowych zak\u0142\u00f3ce\u0144, sugeruj\u0105c jedynie, \u017ce mog\u0142y one mie\u0107 \u201ezewn\u0119trzne \u017ar\u00f3d\u0142o\u201d.<\/p>\n\n\n\n<p>Nie by\u0142y to pierwsze problemy z odbiorem Telewizji Republika w ostatnim czasie. Na pocz\u0105tku grudnia stacja informowa\u0142a widz\u00f3w z Dolnego \u015al\u0105ska o braku sygna\u0142u w jednym z lokalnych multipleks\u00f3w naziemnych i publikowa\u0142a instrukcje dotycz\u0105ce zmiany ustawie\u0144 antenowych.<\/p>\n\n\n\n<figure class=\"wp-block-image\"><img decoding=\"async\" src=\"https:\/\/daily24.pl.ua\/wp-content\/uploads\/2025\/12\/image-97-1024x576.png\" alt=\"\" class=\"wp-image-27817\"\/><\/figure>\n\n\n\n<p>Kontrowersyjny pasek i jednoznaczny przekaz<br>Najwi\u0119ksze emocje wzbudzi\u0142 jednak pasek informacyjny wyemitowany w trakcie trwania problem\u00f3w technicznych. Na ekranie pojawi\u0142o si\u0119 has\u0142o: \u201eTusk chce wy\u0142\u0105czy\u0107 Republik\u0119 \u2013 wesprzyj nas teraz\u201d.<\/p>\n\n\n\n<p>Tym samym stacja bezpo\u015brednio zasugerowa\u0142a zwi\u0105zek pomi\u0119dzy zak\u0142\u00f3ceniami a dzia\u0142aniami premiera Donalda Tuska, mimo \u017ce oficjalnie przyczyna awarii nie zosta\u0142a potwierdzona. Przekaz ten wpisywa\u0142 si\u0119 w szersz\u0105 strategi\u0119 komunikacyjn\u0105 Telewizji Republika, kt\u00f3ra od d\u0142u\u017cszego czasu prowadzi na antenie liczne zbi\u00f3rki finansowe \u2013 m.in. na rozw\u00f3j infrastruktury technicznej czy now\u0105 siedzib\u0119. W przesz\u0142o\u015bci pojawia\u0142y si\u0119 tak\u017ce komunikaty o specjalnych podzi\u0119kowaniach dla najwi\u0119kszych darczy\u0144c\u00f3w.<\/p>\n","protected":false},"excerpt":{"rendered":"<p>W czwartek po po\u0142udniu widzowie Telewizji Republika stwierdzili nag\u0142e problemy z odbiorem sygna\u0142u. Na ekranach wielu z nich pojawi\u0142 si\u0119 na kilkana\u015bcie minut jedynie czarny obraz, a stacja w trakcie awarii nada\u0142a pasek sugeruj\u0105cy polityczne motywy zak\u0142\u00f3ce\u0144. Problemy techniczne bez jednoznacznego wyja\u015bnieniaWed\u0142ug informacji przekazanych przez Tomasza Sakiewicza zak\u0142\u00f3cenia w nadawaniu nie by\u0142y skutkiem awarii po &#8230; <a title=\"TV Republika nagle przesta\u0142a nadawa\u0107. Sakiewicz zarzuca celowe dzia\u0142anie\" class=\"read-more\" href=\"https:\/\/dobrezrodla.com\/?p=12687\" aria-label=\"Read more about TV Republika nagle przesta\u0142a nadawa\u0107. Sakiewicz zarzuca celowe dzia\u0142anie\">Read more<\/a><\/p>\n","protected":false},"author":1,"featured_media":12688,"comment_status":"open","ping_status":"open","sticky":false,"template":"","format":"standard","meta":{"footnotes":""},"categories":[1],"tags":[],"class_list":["post-12687","post","type-post","status-publish","format-standard","has-post-thumbnail","hentry","category-uncategorized"],"_links":{"self":[{"href":"https:\/\/dobrezrodla.com\/index.php?rest_route=\/wp\/v2\/posts\/12687","targetHints":{"allow":["GET"]}}],"collection":[{"href":"https:\/\/dobrezrodla.com\/index.php?rest_route=\/wp\/v2\/posts"}],"about":[{"href":"https:\/\/dobrezrodla.com\/index.php?rest_route=\/wp\/v2\/types\/post"}],"author":[{"embeddable":true,"href":"https:\/\/dobrezrodla.com\/index.php?rest_route=\/wp\/v2\/users\/1"}],"replies":[{"embeddable":true,"href":"https:\/\/dobrezrodla.com\/index.php?rest_route=%2Fwp%2Fv2%2Fcomments&post=12687"}],"version-history":[{"count":1,"href":"https:\/\/dobrezrodla.com\/index.php?rest_route=\/wp\/v2\/posts\/12687\/revisions"}],"predecessor-version":[{"id":12689,"href":"https:\/\/dobrezrodla.com\/index.php?rest_route=\/wp\/v2\/posts\/12687\/revisions\/12689"}],"wp:featuredmedia":[{"embeddable":true,"href":"https:\/\/dobrezrodla.com\/index.php?rest_route=\/wp\/v2\/media\/12688"}],"wp:attachment":[{"href":"https:\/\/dobrezrodla.com\/index.php?rest_route=%2Fwp%2Fv2%2Fmedia&parent=12687"}],"wp:term":[{"taxonomy":"category","embeddable":true,"href":"https:\/\/dobrezrodla.com\/index.php?rest_route=%2Fwp%2Fv2%2Fcategories&post=12687"},{"taxonomy":"post_tag","embeddable":true,"href":"https:\/\/dobrezrodla.com\/index.php?rest_route=%2Fwp%2Fv2%2Ftags&post=12687"}],"curies":[{"name":"wp","href":"https:\/\/api.w.org\/{rel}","templated":true}]}}