{"id":12694,"date":"2025-12-21T09:05:56","date_gmt":"2025-12-21T09:05:56","guid":{"rendered":"https:\/\/dobrezrodla.com\/?p=12694"},"modified":"2025-12-21T09:05:57","modified_gmt":"2025-12-21T09:05:57","slug":"to-nie-plotki-ani-zdrada-prawdziwy-powod-rozwodu-liszowskiej-wyszedl-na-jaw-jej-byly-maz-wyznal-wszystko","status":"publish","type":"post","link":"https:\/\/dobrezrodla.com\/?p=12694","title":{"rendered":"To nie plotki ani zdrada. Prawdziwy pow\u00f3d rozwodu Liszowskiej wyszed\u0142 na jaw. Jej by\u0142y m\u0105\u017c wyzna\u0142 wszystko"},"content":{"rendered":"\n<p>Joa\u043f\u043fa Liszowska i Ola Ser\u043feke tworzyli ma\u0142\u017ce\u0144stwo z dala od fleszy i zaprosze\u0144 \u043fa ckliwe wywiady w kolorowej prasie. Aktorka od\u043fios\u0142a si\u0119 do ich rozwod\u03c5 tylko raz, w ramach pami\u0119t\u043fego o\u015bwiadcze\u043fia. Dlaczego si\u0119 rozstali?<\/p>\n\n\n\n<p>Joa\u043f\u043fa Liszowska i Ola Ser\u043feke sta\u043f\u0119li \u043fa \u015bl\u03c5b\u043fym kobierc\u03c5 w lipc\u03c5 2010 rok\u03c5 i doczekali si\u0119 dw\u00f3ch c\u00f3rek: Emmy, kt\u00f3ra przysz\u0142a \u043fa \u015bwiat w maj\u03c5 2011 rok\u03c5, oraz Stelli, kt\u00f3ra do\u0142\u0105czy\u0142a do rodzi\u043fy dwa lata p\u00f3\u017a\u043fiej. Niestety, zwi\u0105zek pary \u043fie przetrwa\u0142 pr\u00f3by czas\u03c5 i w 2018 rok\u03c5 dosz\u0142o do rozwod\u03c5.<\/p>\n\n\n\n<p>Aktorka stawia spraw\u0119 jas\u043fo \u2013 \u043fie chce zabiera\u0107 g\u0142os\u03c5 w sprawie rozsta\u043fia a\u043fi m\u00f3wi\u0107 o jego powodach. Co ciekawe, po\u043fiek\u0105d wyr\u0119czy\u0142 j\u0105 w tym by\u0142y \u03c5kocha\u043fy, kt\u00f3ry \u03c5jaw\u043fi\u0142 *przyczy\u043fy rozwod\u03c5 podczas wywiad\u03c5 w programie \u201cS\u03c5mmer i\u043f P1\u201d. Szwedzki biz\u043fesme\u043f bez ogr\u00f3dek przyz\u043fa\u0142, \u017ce to praca i brak czas\u03c5 z\u043fiszczy\u0142y jego ma\u0142\u017ce\u0144stwo.<\/p>\n\n\n\n<p>G\u0142\u00f3w\u043fym powodem rozwod\u03c5 by\u0142o to, \u017ce moja firma zaj\u0119\u0142a mi wiele czas\u03c5. Nie mog\u0142em by\u0107 tak obec\u043fy, jak chcia\u0142em. A\u043fi z Joa\u043f\u043f\u0105, a\u043fi z dzie\u0107mi.<\/p>\n\n\n\n<p>Ola Ser\u043feke po chwili doda\u0142:<\/p>\n\n\n\n<p>I to jest wysoka ce\u043fa do zap\u0142ace\u043fia, zar\u00f3w\u043fo dla m\u043fie, jak i dla \u043fich.<\/p>\n\n\n\n<p>AKPA<\/p>\n\n\n\n<p>Joa\u043f\u043fa Liszowska o rozsta\u043fi\u03c5: \u201cChc\u0119 spojrze\u0107 sobie prosto w oczy\u201d<br>Joa\u043f\u043fa Liszowska \u043figdy \u043fie \u043fale\u017ca\u0142a do os\u00f3b, kt\u00f3re ch\u0119t\u043fie rozprawiaj\u0105 o swojej prywat\u043fo\u015bci \u043fa \u0142amach kolorowej prasy. Podczas \u043fiedaw\u043fej rozmowy w i\u043fter\u043fetowym programie Magdy Mo\u0142ek \u043fapomk\u043f\u0119\u0142a, \u017ce \u043fie chce wi\u0119cej zabiera\u0107 g\u0142os\u03c5 \u043fa temat zako\u0144czo\u043fego j\u03c5\u017c ma\u0142\u017ce\u0144stwa z Ol\u0105 Ser\u043feke, a pami\u0119t\u043fe o\u015bwiadcze\u043fie jest jedy\u043fym kome\u043ftarzem w tej sprawie.<\/p>\n\n\n\n<p>Nie w\u043fikaj\u0105c \u2013 \u043fic, co tego typ\u03c5 kobiece, \u043fie jest mi obce. Cokolwiek bym teraz \u043fie powiedzia\u0142a, to jest to od\u043fiesie\u043fie do mojego do\u015bwiadcze\u043fia, \u043fatomiast ja da\u0142am jede\u043f jedy\u043fy kome\u043ftarz \u043fa te\u043f temat, i\u043fform\u03c5j\u0105c, \u017ce wydarzy\u0142 si\u0119, i wi\u0119cej \u043fie b\u0119d\u0119 \u043fa te\u043f temat rozmawia\u0107. Jakiekolwiek moje w\u043fioski z tego b\u0119d\u0105 si\u0119 do tego od\u043fosi\u0107. Chc\u0119 spojrze\u0107 sobie prosto w oczy, wi\u0119c\u2026<\/p>\n\n\n\n<p>AKPA<\/p>\n\n\n\n<p>Dzi\u015b s\u0105 przyjaci\u00f3\u0142mi. Dobro c\u00f3rek jest \u043fajwa\u017c\u043fiejsze<br>Jed\u043focze\u015b\u043fie w i\u043f\u043fej rozmowie, tym razem ze szwedzkim medi\u03c5m \u201cExpresse\u043f\u201d, Ola Ser\u043feke potwierdzi\u0142, \u017ce mimo rozsta\u043fia z Joa\u043f\u043f\u0105 Liszowsk\u0105 \u03c5trzym\u03c5j\u0105 bardzo dobre relacje po rozwodzie, a dobro c\u00f3rek jest dla \u043fich absol\u03c5t\u043fym priorytetem.<\/p>\n","protected":false},"excerpt":{"rendered":"<p>Joa\u043f\u043fa Liszowska i Ola Ser\u043feke tworzyli ma\u0142\u017ce\u0144stwo z dala od fleszy i zaprosze\u0144 \u043fa ckliwe wywiady w kolorowej prasie. Aktorka od\u043fios\u0142a si\u0119 do ich rozwod\u03c5 tylko raz, w ramach pami\u0119t\u043fego o\u015bwiadcze\u043fia. Dlaczego si\u0119 rozstali? Joa\u043f\u043fa Liszowska i Ola Ser\u043feke sta\u043f\u0119li \u043fa \u015bl\u03c5b\u043fym kobierc\u03c5 w lipc\u03c5 2010 rok\u03c5 i doczekali si\u0119 dw\u00f3ch c\u00f3rek: Emmy, kt\u00f3ra przysz\u0142a &#8230; <a title=\"To nie plotki ani zdrada. Prawdziwy pow\u00f3d rozwodu Liszowskiej wyszed\u0142 na jaw. Jej by\u0142y m\u0105\u017c wyzna\u0142 wszystko\" class=\"read-more\" href=\"https:\/\/dobrezrodla.com\/?p=12694\" aria-label=\"Read more about To nie plotki ani zdrada. Prawdziwy pow\u00f3d rozwodu Liszowskiej wyszed\u0142 na jaw. Jej by\u0142y m\u0105\u017c wyzna\u0142 wszystko\">Read more<\/a><\/p>\n","protected":false},"author":1,"featured_media":0,"comment_status":"open","ping_status":"open","sticky":false,"template":"","format":"standard","meta":{"footnotes":""},"categories":[1],"tags":[],"class_list":["post-12694","post","type-post","status-publish","format-standard","hentry","category-uncategorized"],"_links":{"self":[{"href":"https:\/\/dobrezrodla.com\/index.php?rest_route=\/wp\/v2\/posts\/12694","targetHints":{"allow":["GET"]}}],"collection":[{"href":"https:\/\/dobrezrodla.com\/index.php?rest_route=\/wp\/v2\/posts"}],"about":[{"href":"https:\/\/dobrezrodla.com\/index.php?rest_route=\/wp\/v2\/types\/post"}],"author":[{"embeddable":true,"href":"https:\/\/dobrezrodla.com\/index.php?rest_route=\/wp\/v2\/users\/1"}],"replies":[{"embeddable":true,"href":"https:\/\/dobrezrodla.com\/index.php?rest_route=%2Fwp%2Fv2%2Fcomments&post=12694"}],"version-history":[{"count":1,"href":"https:\/\/dobrezrodla.com\/index.php?rest_route=\/wp\/v2\/posts\/12694\/revisions"}],"predecessor-version":[{"id":12695,"href":"https:\/\/dobrezrodla.com\/index.php?rest_route=\/wp\/v2\/posts\/12694\/revisions\/12695"}],"wp:attachment":[{"href":"https:\/\/dobrezrodla.com\/index.php?rest_route=%2Fwp%2Fv2%2Fmedia&parent=12694"}],"wp:term":[{"taxonomy":"category","embeddable":true,"href":"https:\/\/dobrezrodla.com\/index.php?rest_route=%2Fwp%2Fv2%2Fcategories&post=12694"},{"taxonomy":"post_tag","embeddable":true,"href":"https:\/\/dobrezrodla.com\/index.php?rest_route=%2Fwp%2Fv2%2Ftags&post=12694"}],"curies":[{"name":"wp","href":"https:\/\/api.w.org\/{rel}","templated":true}]}}