{"id":12696,"date":"2025-12-21T09:06:44","date_gmt":"2025-12-21T09:06:44","guid":{"rendered":"https:\/\/dobrezrodla.com\/?p=12696"},"modified":"2025-12-21T09:06:45","modified_gmt":"2025-12-21T09:06:45","slug":"splakany-strasburger-potwierdzil-doniesienia-z-domu-6-lat-pobyl-ojcem-a-tu-takie-wiesci-2","status":"publish","type":"post","link":"https:\/\/dobrezrodla.com\/?p=12696","title":{"rendered":"Sp\u0142akany Strasburger potwierdzi\u0142 doniesienia z domu. 6 lat poby\u0142 ojcem, a tu takie wie\u015bci"},"content":{"rendered":"\n<p>Karol Strasburger cieszy si\u0119 nies\u0142abn\u0105c\u0105 popularno\u015bci\u0105 od lat. Gospodarz \u201cFamiliady\u201d i wybitny aktor wci\u0105\u017c pozostaje bardzo aktywny zawodowo. Ma zreszt\u0105 dla kogo si\u0119 stra\u0107, wszak zaledwie sze\u015b\u0107 lat temu po raz pierwszy zosta\u0142 tat\u0105.<\/p>\n\n\n\n<p>Wraz z pi\u0119kn\u0105 \u017con\u0105 Ma\u0142gorzat\u0105 doczekali si\u0119 w\u00f3wczas wsp\u00f3lnej pociechy, kt\u00f3rej dali na imi\u0119 Laura.<\/p>\n\n\n\n<p>Sze\u015b\u0107 lat temu Karol Strasburger zosta\u0142 ojcem, a teraz takie wie\u015bci. 78-latek og\u0142osi\u0142 na antenie TVN. \u201c\u0141zy same pop\u0142yn\u0119\u0142y\u201d<\/p>\n\n\n\n<p>Z okazji urodzin jedynaczki Karol pojawi\u0142 si\u0119 w czwartkowy poranek w \u201cDzie\u0144 Dobry TVN\u201d, by co nieco powspomina\u0107. Rozmowa by\u0142a niezwykle wzruszaj\u0105ca.<\/p>\n\n\n\n<p>Dumny tata przypomnia\u0142 sobie na antenie, jakie emocje towarzyszy\u0142y mu podczas pierwszego spotkania z Laur\u0105. Gwiazdor wyjawi\u0142, \u017ce nie wytrzyma\u0142 i si\u0119 pop\u0142aka\u0142. Zreszt\u0105 samo tamto wspomnienie zn\u00f3w przywo\u0142a\u0142o silne emocje.<\/p>\n\n\n\n<p>\u201c\u0141zy same polecia\u0142y. Jak o tym m\u00f3wi\u0119, nadal si\u0119 wzruszam\u201d \u2013 wyzna\u0142 w TVN gospodarz \u201cFamiliady\u201d.<\/p>\n\n\n\n<p>Znajomi odradzali Strasburgerowi ojcostwo. Nie \u017ca\u0142uje, \u017ce ich nie pos\u0142ucha\u0142<\/p>\n\n\n\n<p>Potem poruszy\u0142 do\u015b\u0107 dra\u017cliwy temat zwi\u0105zany z jego metryk\u0105. W ko\u0144cu wyjawi\u0142 na antenie, \u017ce znajomi odradzali mu tak p\u00f3\u017ane ojcostwo.<\/p>\n\n\n\n<p>\u201cKoledzy m\u00f3wili: \u2018(\u2026) nie wytrzymasz nocy, pieluch, tego wszystkiego\u2019. A ja regularnie \u0107wicz\u0119, chodz\u0119 na sal\u0119 gimnastyczn\u0105 i nadal to robi\u0119. Nie jestem tat\u0105, kt\u00f3ry ledwo wchodzi po schodach\u201d \u2013 zapewni\u0142 Strasburger.<\/p>\n\n\n\n<p>Karol Strasburger otwarcie wyzna\u0142. Boi si\u0119 jednego<\/p>\n\n\n\n<p>Na koniec doda\u0142, \u017ce w p\u00f3\u017anym ojcostwie nie widzi niemal \u017cadnych minus\u00f3w, no mo\u017ce poza jednym. Po sze\u015bciu latach, gdy poby\u0142 ojcem, otwarcie i wzruszaj\u0105co wyzna\u0142, \u017ce czuje jedynie l\u0119k o czas, kt\u00f3ry im razem pozosta\u0142.<\/p>\n\n\n\n<p>\u201cJedynym minusem jest to, \u017ce mo\u017cemy nie zd\u0105\u017cy\u0107 prze\u017cy\u0107 wszystkiego\u201d \u2013 wyzna\u0142 przejmuj\u0105co Karol dodaj\u0105c \u017ce staraj\u0105 si\u0119 z \u017con\u0105 dawa\u0107 swej pociesze \u201cwszystko, co najlepsze tu i teraz\u201d.<\/p>\n\n\n\n<p>Zobacz tak\u017ce:<\/p>\n\n\n\n<p>Znienacka potwierdzi\u0142y si\u0119 radosne wie\u015bci ws. Strasburgera. Takiego zwrotu akcji nikt si\u0119 ju\u017c nie spodziewa\u0142. Doczeka\u0142<\/p>\n\n\n\n<p>Strasburger zdoby\u0142 si\u0119 na trudne wyznanie. Musi pomaga\u0107 mu \u017cona<\/p>\n\n\n\n<p>Nowe doniesienia ws. Strasburgera dotar\u0142y o \u015bwicie. Mia\u0142 du\u017ce w\u0105tpliwo\u015bci<\/p>\n","protected":false},"excerpt":{"rendered":"<p>Karol Strasburger cieszy si\u0119 nies\u0142abn\u0105c\u0105 popularno\u015bci\u0105 od lat. Gospodarz \u201cFamiliady\u201d i wybitny aktor wci\u0105\u017c pozostaje bardzo aktywny zawodowo. Ma zreszt\u0105 dla kogo si\u0119 stra\u0107, wszak zaledwie sze\u015b\u0107 lat temu po raz pierwszy zosta\u0142 tat\u0105. Wraz z pi\u0119kn\u0105 \u017con\u0105 Ma\u0142gorzat\u0105 doczekali si\u0119 w\u00f3wczas wsp\u00f3lnej pociechy, kt\u00f3rej dali na imi\u0119 Laura. Sze\u015b\u0107 lat temu Karol Strasburger zosta\u0142 &#8230; <a title=\"Sp\u0142akany Strasburger potwierdzi\u0142 doniesienia z domu. 6 lat poby\u0142 ojcem, a tu takie wie\u015bci\" class=\"read-more\" href=\"https:\/\/dobrezrodla.com\/?p=12696\" aria-label=\"Read more about Sp\u0142akany Strasburger potwierdzi\u0142 doniesienia z domu. 6 lat poby\u0142 ojcem, a tu takie wie\u015bci\">Read more<\/a><\/p>\n","protected":false},"author":1,"featured_media":0,"comment_status":"open","ping_status":"open","sticky":false,"template":"","format":"standard","meta":{"footnotes":""},"categories":[1],"tags":[],"class_list":["post-12696","post","type-post","status-publish","format-standard","hentry","category-uncategorized"],"_links":{"self":[{"href":"https:\/\/dobrezrodla.com\/index.php?rest_route=\/wp\/v2\/posts\/12696","targetHints":{"allow":["GET"]}}],"collection":[{"href":"https:\/\/dobrezrodla.com\/index.php?rest_route=\/wp\/v2\/posts"}],"about":[{"href":"https:\/\/dobrezrodla.com\/index.php?rest_route=\/wp\/v2\/types\/post"}],"author":[{"embeddable":true,"href":"https:\/\/dobrezrodla.com\/index.php?rest_route=\/wp\/v2\/users\/1"}],"replies":[{"embeddable":true,"href":"https:\/\/dobrezrodla.com\/index.php?rest_route=%2Fwp%2Fv2%2Fcomments&post=12696"}],"version-history":[{"count":1,"href":"https:\/\/dobrezrodla.com\/index.php?rest_route=\/wp\/v2\/posts\/12696\/revisions"}],"predecessor-version":[{"id":12697,"href":"https:\/\/dobrezrodla.com\/index.php?rest_route=\/wp\/v2\/posts\/12696\/revisions\/12697"}],"wp:attachment":[{"href":"https:\/\/dobrezrodla.com\/index.php?rest_route=%2Fwp%2Fv2%2Fmedia&parent=12696"}],"wp:term":[{"taxonomy":"category","embeddable":true,"href":"https:\/\/dobrezrodla.com\/index.php?rest_route=%2Fwp%2Fv2%2Fcategories&post=12696"},{"taxonomy":"post_tag","embeddable":true,"href":"https:\/\/dobrezrodla.com\/index.php?rest_route=%2Fwp%2Fv2%2Ftags&post=12696"}],"curies":[{"name":"wp","href":"https:\/\/api.w.org\/{rel}","templated":true}]}}