{"id":12716,"date":"2025-12-21T20:39:04","date_gmt":"2025-12-21T20:39:04","guid":{"rendered":"https:\/\/dobrezrodla.com\/?p=12716"},"modified":"2025-12-21T20:39:05","modified_gmt":"2025-12-21T20:39:05","slug":"niemieckie-media-rozpisuja-sie-o-polsce-w-ten-sposob-okreslily-prezydenta-nawrockiego","status":"publish","type":"post","link":"https:\/\/dobrezrodla.com\/?p=12716","title":{"rendered":"Niemieckie media rozpisuj\u0105 si\u0119 o Polsce. W ten spos\u00f3b okre\u015bli\u0142y prezydenta Nawrockiego"},"content":{"rendered":"\n<p>Niemiecki nadawca publiczny MDR (Mitteldeutscher Rundfunk) wzi\u0105\u0142 pod lup\u0119 pierwsze miesi\u0105ce urz\u0119dowania Karola Nawrockiego jako Prezydenta Rzeczpospolitej Polskiej.<\/p>\n\n\n\n<p>Analiza zachodnich s\u0105siad\u00f3w nie pozostawia z\u0142udze\u0144 \u2014 prezydentura ta up\u0142ywa pod znakiem ostrego kursu kolizyjnego z rz\u0105dem Donalda Tuska, co budzi skojarzenia z ameryka\u0144skim stylem sprawowania w\u0142adzy.<\/p>\n\n\n\n<p>Architektura konfliktu czyli prezydentura w cieniu \u201ewojny polsko-polskiej\u201d<br>Karol Nawrocki testuje konstytucyjne granice w\u0142adzy.<\/p>\n\n\n\n<p>MDR: \u201cPolski Trump\u201d<br>Populizm kontra elity czyli wsp\u00f3lny mianownik zza oceanu<br>Architektura konfliktu czyli prezydentura w cieniu \u201ewojny polsko-polskiej\u201d<br>Relacje na linii Pa\u0142ac Prezydencki \u2014 Kancelaria Prezesa Rady Ministr\u00f3w (KPRM) od dawna nie by\u0142y tak napi\u0119te, co zauwa\u017caj\u0105 nie tylko krajowi obserwatorzy, ale i zagraniczni korespondenci. Niemiecka stacja MDR, z siedzib\u0105 w Lipsku, w swojej niedawnej analizie oceni\u0142a, \u017ce dynamika stosunk\u00f3w mi\u0119dzy Karolem Nawrockim a gabinetem Donalda Tuska ulega systematycznemu pogorszeniu. Punktem wyj\u015bcia do tej oceny jest g\u0142\u0119boki podzia\u0142 spo\u0142ecze\u0144stwa na dwa przeciwstawne obozy, kt\u00f3ra od lat definiuje polsk\u0105 scen\u0119 polityczn\u0105.&nbsp;<\/p>\n\n\n\n<figure class=\"wp-block-image\"><img decoding=\"async\" src=\"https:\/\/daily24.pl.ua\/wp-content\/uploads\/2025\/12\/image-100-1024x701.png\" alt=\"\" class=\"wp-image-27862\"\/><\/figure>\n\n\n\n<p>Sp\u00f3r mi\u0119dzy frakcj\u0105 liberaln\u0105 a narodowo-konserwatywn\u0105 przeni\u00f3s\u0142 si\u0119 z parlamentarnych \u0142aw bezpo\u015brednio na najwy\u017csze szczeble w\u0142adzy wykonawczej. Cho\u0107 Karol Nawrocki w trakcie swojej kampanii wyborczej wielokrotnie deklarowa\u0142 ch\u0119\u0107 zako\u0144czenia wyniszczaj\u0105cej \u00abwojny polsko-polskiej\u201d, rzeczywisto\u015b\u0107 polityczna po zaprzysi\u0119\u017ceniu okaza\u0142a si\u0119 zgo\u0142a odmienna. Wed\u0142ug niemieckich dziennikarzy, zamiast obiecanego wyciszenia emocji, obserwujemy obecnie eskalacj\u0119 konfliktu, kt\u00f3ra uniemo\u017cliwia jak\u0105kolwiek merytoryczn\u0105 dyskusj\u0119 nad najwa\u017cniejszymi sprawami pa\u0144stwowymi. Fundamentem tej niech\u0119ci s\u0105 wydarzenia jeszcze z okresu przedwyborczego.&nbsp;<\/p>\n\n\n\n<p>Karol Nawrocki testuje konstytucyjne granice w\u0142adzy. MDR: \u00abPolski Trump\u00bb<br>Niemieckie media przypominaj\u0105, \u017ce jeszcze przed wygran\u0105 Karola Nawrockiego w wy\u015bcigu o fotel prezydencki nie szcz\u0119dzi\u0142 on gorzkich s\u0142\u00f3w pod adresem obecnego szefa rz\u0105du. Nazywanie Donalda Tuska \u00abnajgorszym premierem po 1989 roku\u201d ustawi\u0142o poprzeczk\u0119 wzajemnych relacji bardzo nisko, co dzi\u015b owocuje brakiem zaufania i permanentnym stanem blokady decyzyjnej. W opinii zachodnich s\u0105siad\u00f3w, taki uk\u0142ad si\u0142 sprawia, \u017ce polska prezydentura staje si\u0119 coraz bardziej narz\u0119dziem walki partyjnej, a nie urz\u0119dem czuwaj\u0105cym nad jedno\u015bci\u0105 narodu. Brak konstruktywnej wsp\u00f3\u0142pracy na najwy\u017cszych szczeblach w\u0142adzy jest postrzegany przez MDR jako czynnik destabilizuj\u0105cy, kt\u00f3ry rzutuje na wizerunek Polski jako przewidywalnego partnera w Unii Europejskiej.<\/p>\n\n\n\n<p>Jednak\u017ce najbardziej intryguj\u0105cym elementem niemieckiej analizy jest por\u00f3wnanie Karola Nawrockiego do Donalda Trumpa. Nadawca MDR wprost sugeruje, \u017ce Karol Nawrocki pr\u00f3buje odgrywa\u0107 rol\u0119 \u201epolskiego Trumpa\u201d, co przejawia si\u0119 w specyficznym sposobie komunikacji oraz d\u0105\u017ceniu do dominacji w przestrzeni publicznej. Dziennikarze zauwa\u017caj\u0105 jednak istotn\u0105 r\u00f3\u017cnic\u0119 systemow\u0105 \u2014 polska konstytucja nie daje g\u0142owie pa\u0144stwa tak szerokich uprawnie\u0144 wykonawczych, jakimi dysponuje prezydent USA.&nbsp;<\/p>\n\n\n\n<p>Czytaj wi\u0119cej: USA na skraju wojny? Ten kraj zosta\u0142 \u201cca\u0142kowicie okr\u0105\u017cony\u201d<\/p>\n\n\n\n<p>W Stanach Zjednoczonych system prezydencki sprawia, \u017ce prezydent jest jednocze\u015bnie szefem rz\u0105du, podczas gdy w Polsce realna w\u0142adza nad resortami spoczywa w r\u0119kach premiera. Mimo tych ogranicze\u0144, Karol Nawrocki \u2014 zdaniem niemieckich medi\u00f3w \u2014 podejmuje pr\u00f3by rozszerzenia swoich kompetencji, \u201erozpychaj\u0105c si\u0119 \u0142okciami\u201d i wchodz\u0105c w obszary tradycyjnie zarezerwowane dla administracji rz\u0105dowej. To d\u0105\u017cenie do wzmocnienia roli urz\u0119du objawia si\u0119 m.in. w aktywnym kreowaniu polityki zagranicznej oraz cz\u0119stym korzystaniu z prawa weta, co parali\u017cuje inicjatywy ustawodawcze rz\u0105du.&nbsp;<\/p>\n\n\n\n<p>Zdaniem politolog\u00f3w i dziennikarzy Nawrocki stara si\u0119 sprawia\u0107 wra\u017cenie, \u017ce kieruje prac\u0105 rz\u0105du i stoi nad Tuskiem jako swego rodzaju \u201cnadpremier\u201d (niem. Oberpremier). Jednocze\u015bnie buduje wizerunek twardziela, kt\u00f3ry panuje nad sytuacj\u0105. Podobie\u0144stwa do Trumpa s\u0105 oczywiste, a wiele wskazuje na to, \u017ce ameryka\u0144ski prezydent jest jego politycznym wzorem \u2014 oceni\u0142 niemiecki nadawca.<\/p>\n\n\n\n<p>Czytaj wi\u0119cej: Sonda\u017c po g\u0142o\u015bnym wecie Karola Nawrockiego. Polacy jasno si\u0119 opowiedzieli<\/p>\n\n\n\n<p>Niemieccy komentatorzy wskazuj\u0105, \u017ce taka postawa jest form\u0105 buntu przeciwko ograniczaniu roli prezydenta wy\u0142\u0105cznie do funkcji reprezentacyjnych. W tym kontek\u015bcie \u201etrumpizm\u201d Karola Nawrockiego jest postrzegany jako \u015bwiadoma technika polityczna maj\u0105ca na celu narzucenie w\u0142asnej agendy i pokazanie si\u0142y elektoratowi, kt\u00f3ry oczekuje od g\u0142owy pa\u0144stwa sprawczo\u015bci. Jednocze\u015bnie stacja MDR ostrzega, \u017ce takie dzia\u0142anie mo\u017ce prowadzi\u0107 do parali\u017cu pa\u0144stwa, w kt\u00f3rym dwie najwa\u017cniejsze instytucje w\u0142adzy dzia\u0142aj\u0105 przeciwko sobie, zamiast d\u0105\u017cy\u0107 do kompromisu w kluczowych sektorach gospodarki i bezpiecze\u0144stwa.<\/p>\n\n\n\n<p>Populizm kontra elity czyli wsp\u00f3lny mianownik zza oceanu<br>Analizuj\u0105c podobie\u0144stwa mi\u0119dzy Karolem Nawrockim a Donaldem Trumpem, niemiecka telewizja wskazuje na g\u0142\u0119bokie pokrewie\u0144stwo \u015bwiatopogl\u0105dowe i retoryczne. Obu polityk\u00f3w ma \u0142\u0105czy\u0107 \u00abg\u0142\u00f3d w\u0142adzy\u201d oraz skrajnie konserwatywne podej\u015bcie do kluczowych wyzwa\u0144 wsp\u00f3\u0142czesno\u015bci. Mowa tu przede wszystkim o sceptycznym stosunku do polityki klimatycznej, restrykcyjnym podej\u015bciu do kwestii migracji oraz tradycyjnym pojmowaniu r\u00f3l spo\u0142ecznych i praw mniejszo\u015bci, w tym \u015brodowisk LGBTQ+.&nbsp;<\/p>\n\n\n\n<p>Wed\u0142ug MDR, zar\u00f3wno Trump, jak i Nawrocki umiej\u0119tnie pos\u0142uguj\u0105 si\u0119 populizmem, a wi\u0119c nurtem politycznym odwo\u0142uj\u0105cym si\u0119 do woli ludu i wymierzonym przeciwko elitom. Kreuj\u0105 si\u0119 oni na jedynych prawdziwych obro\u0144c\u00f3w \u00abzwyk\u0142ych ludzi\u201d przed skorumpowanym czy oderwanym od rzeczywisto\u015bci establishmentem.<\/p>\n\n\n\n<figure class=\"wp-block-image\"><img decoding=\"async\" src=\"https:\/\/daily24.pl.ua\/wp-content\/uploads\/2025\/12\/image-101-1024x683.png\" alt=\"\" class=\"wp-image-27863\"\/><\/figure>\n\n\n\n<p>Warto jednak odnotowa\u0107 istotny niuans, na kt\u00f3ry zwracaj\u0105 uwag\u0119 autorzy z Lipska. O ile Donald Trump urodzi\u0142 si\u0119 w rodzinie milionera, o tyle Karol Nawrocki rzeczywi\u015bcie pochodzi ze skromnego domu. Jego karier\u0119 mo\u017cna wi\u0119c opowiedzie\u0107 jako klasyczn\u0105 histori\u0119 awansu spo\u0142ecznego, co uwiarygadnia go w oczach wyborc\u00f3w bardziej ni\u017c ameryka\u0144skiego miliardera.<\/p>\n\n\n\n<p>Niemiecka prasa ocenia jednak, \u017ce za t\u0105 fasad\u0105 \u00abswojego cz\u0142owieka\u201d kryje si\u0119 polityk cynicznie graj\u0105cy na emocjach spo\u0142ecznych. Taka strategia, cho\u0107 skuteczna wyborczo, w d\u0142u\u017cszej perspektywie pog\u0142\u0119bia polaryzacj\u0119 polskiego spo\u0142ecze\u0144stwa. Konkluzja niemieckich medi\u00f3w jest surowa \u2014 prezydentura Nawrockiego, zamiast stabilizowa\u0107, staje si\u0119 kolejnym frontem wielkiego starcia o kszta\u0142t polskiej demokracji.<\/p>\n","protected":false},"excerpt":{"rendered":"<p>Niemiecki nadawca publiczny MDR (Mitteldeutscher Rundfunk) wzi\u0105\u0142 pod lup\u0119 pierwsze miesi\u0105ce urz\u0119dowania Karola Nawrockiego jako Prezydenta Rzeczpospolitej Polskiej. Analiza zachodnich s\u0105siad\u00f3w nie pozostawia z\u0142udze\u0144 \u2014 prezydentura ta up\u0142ywa pod znakiem ostrego kursu kolizyjnego z rz\u0105dem Donalda Tuska, co budzi skojarzenia z ameryka\u0144skim stylem sprawowania w\u0142adzy. Architektura konfliktu czyli prezydentura w cieniu \u201ewojny polsko-polskiej\u201dKarol Nawrocki testuje &#8230; <a title=\"Niemieckie media rozpisuj\u0105 si\u0119 o Polsce. W ten spos\u00f3b okre\u015bli\u0142y prezydenta Nawrockiego\" class=\"read-more\" href=\"https:\/\/dobrezrodla.com\/?p=12716\" aria-label=\"Read more about Niemieckie media rozpisuj\u0105 si\u0119 o Polsce. W ten spos\u00f3b okre\u015bli\u0142y prezydenta Nawrockiego\">Read more<\/a><\/p>\n","protected":false},"author":1,"featured_media":0,"comment_status":"open","ping_status":"open","sticky":false,"template":"","format":"standard","meta":{"footnotes":""},"categories":[1],"tags":[],"class_list":["post-12716","post","type-post","status-publish","format-standard","hentry","category-uncategorized"],"_links":{"self":[{"href":"https:\/\/dobrezrodla.com\/index.php?rest_route=\/wp\/v2\/posts\/12716","targetHints":{"allow":["GET"]}}],"collection":[{"href":"https:\/\/dobrezrodla.com\/index.php?rest_route=\/wp\/v2\/posts"}],"about":[{"href":"https:\/\/dobrezrodla.com\/index.php?rest_route=\/wp\/v2\/types\/post"}],"author":[{"embeddable":true,"href":"https:\/\/dobrezrodla.com\/index.php?rest_route=\/wp\/v2\/users\/1"}],"replies":[{"embeddable":true,"href":"https:\/\/dobrezrodla.com\/index.php?rest_route=%2Fwp%2Fv2%2Fcomments&post=12716"}],"version-history":[{"count":1,"href":"https:\/\/dobrezrodla.com\/index.php?rest_route=\/wp\/v2\/posts\/12716\/revisions"}],"predecessor-version":[{"id":12717,"href":"https:\/\/dobrezrodla.com\/index.php?rest_route=\/wp\/v2\/posts\/12716\/revisions\/12717"}],"wp:attachment":[{"href":"https:\/\/dobrezrodla.com\/index.php?rest_route=%2Fwp%2Fv2%2Fmedia&parent=12716"}],"wp:term":[{"taxonomy":"category","embeddable":true,"href":"https:\/\/dobrezrodla.com\/index.php?rest_route=%2Fwp%2Fv2%2Fcategories&post=12716"},{"taxonomy":"post_tag","embeddable":true,"href":"https:\/\/dobrezrodla.com\/index.php?rest_route=%2Fwp%2Fv2%2Ftags&post=12716"}],"curies":[{"name":"wp","href":"https:\/\/api.w.org\/{rel}","templated":true}]}}