{"id":12728,"date":"2025-12-21T20:42:13","date_gmt":"2025-12-21T20:42:13","guid":{"rendered":"https:\/\/dobrezrodla.com\/?p=12728"},"modified":"2025-12-21T20:42:14","modified_gmt":"2025-12-21T20:42:14","slug":"raperka-twierdzi-ze-kierowca-lyfta-odmowil-jej-przejazdu","status":"publish","type":"post","link":"https:\/\/dobrezrodla.com\/?p=12728","title":{"rendered":"RAPERKA TWIERDZI, \u017bE KIEROWCA LYFTA ODM\u00d3WI\u0141 JEJ PRZEJAZDU"},"content":{"rendered":"\n<h2 class=\"wp-block-heading\">Incydent, kt\u00f3ry wstrz\u0105sn\u0105\u0142 mediami spo\u0142eczno\u015bciowymi<\/h2>\n\n\n\n<p>Ameryka\u0144ska raperka Dajua Blanding, znana pod pseudonimem Dank Demoss, znalaz\u0142a si\u0119 w centrum medialnej burzy po tym, jak kierowca Lyfta odm\u00f3wi\u0142 jej przejazdu. Wed\u0142ug jej relacji, powodem mia\u0142a by\u0107 jej waga, co wywo\u0142a\u0142o dyskusj\u0119 o dyskryminacji w bran\u017cy przewozowej. Sprawa trafi\u0142a do s\u0105du, a w internecie rozgorza\u0142a debata na temat praw pasa\u017cer\u00f3w oraz kierowc\u00f3w.<\/p>\n\n\n\n<h2 class=\"wp-block-heading\">Przejazd, kt\u00f3ry si\u0119 nie odby\u0142<\/h2>\n\n\n\n<p>18 stycznia Blanding zam\u00f3wi\u0142a przejazd, by dotrze\u0107 do kuzynki na wsp\u00f3lne ogl\u0105danie meczu pi\u0142karskiego. Kierowca, znany jako John Doe, przyby\u0142 do jej domu w Detroit. Kiedy jednak raperka podesz\u0142a do samochodu, napotka\u0142a nieoczekiwan\u0105 przeszkod\u0119. Wed\u0142ug jej relacji, kierowca oznajmi\u0142, \u017ce jego samoch\u00f3d nie jest w stanie unie\u015b\u0107 jej wagi, a tylne siedzenie nie zapewnia wystarczaj\u0105co du\u017co miejsca.<\/p>\n\n\n\n<h2 class=\"wp-block-heading\">Nagrana konfrontacja<\/h2>\n\n\n\n<p>Blanding udost\u0119pni\u0142a wideo na TikToku, w kt\u00f3rym wida\u0107, jak dochodzi do wymiany zda\u0144 mi\u0119dzy ni\u0105 a kierowc\u0105. Z jego strony pojawi\u0142y si\u0119 argumenty dotycz\u0105ce stanu opon oraz przestrzeni w samochodzie. Ostatecznie kierowca odwo\u0142a\u0142 przejazd i odjecha\u0142, pozostawiaj\u0105c raperk\u0119 bez mo\u017cliwo\u015bci dotarcia do celu. Kobieta poczu\u0142a si\u0119 upokorzona i postanowi\u0142a dochodzi\u0107 swoich praw na drodze s\u0105dowej.<\/p>\n\n\n\n<figure class=\"wp-block-image\"><img decoding=\"async\" src=\"https:\/\/zapodaj.net\/images\/a30bf347a172a.jpg\" alt=\"\"\/><\/figure>\n\n\n\n<h2 class=\"wp-block-heading\">Walka o sprawiedliwo\u015b\u0107<\/h2>\n\n\n\n<p>27 stycznia Blanding z\u0142o\u017cy\u0142a pozew przeciwko Lyftowi oraz kierowcy. Twierdzi, \u017ce pad\u0142a ofiar\u0105 dyskryminacji ze wzgl\u0119du na swoj\u0105 wag\u0119. W dokumentach s\u0105dowych zaznaczono, \u017ce kierowca mia\u0142 zamkn\u0105\u0107 drzwi pojazdu i odjecha\u0107, gdy zobaczy\u0142 klientk\u0119. Ponadto argumentowano, \u017ce jego sugestia zam\u00f3wienia Lyft XL, wi\u0119kszej wersji pojazdu, by\u0142a form\u0105 wykluczenia.<\/p>\n\n\n\n<h2 class=\"wp-block-heading\">Spo\u0142eczna debata<\/h2>\n\n\n\n<p>Incydent wywo\u0142a\u0142 fal\u0119 komentarzy w mediach spo\u0142eczno\u015bciowych. Jedni bronili prawa kierowcy do decydowania, kogo przewozi, podkre\u015blaj\u0105c kwestie bezpiecze\u0144stwa. Inni wskazywali, \u017ce jest to forma dyskryminacji, por\u00f3wnywalna do odmowy us\u0142ugi ze wzgl\u0119du na ras\u0119 czy religii\u0119.<\/p>\n\n\n\n<p>Wielu internaut\u00f3w zwraca\u0142o uwag\u0119 na techniczne ograniczenia pojazd\u00f3w. Argumentowali, \u017ce ka\u017cdy samoch\u00f3d ma okre\u015blone limity dotycz\u0105ce maksymalnej wagi pasa\u017cer\u00f3w i wyposa\u017cenia. Inni z kolei wskazywali, \u017ce przewo\u017anik powinien jasno okre\u015bli\u0107 zasady dotycz\u0105ce pasa\u017cer\u00f3w o wi\u0119kszych gabarytach.<\/p>\n\n\n\n<h2 class=\"wp-block-heading\">Gdzie le\u017cy granica?<\/h2>\n\n\n\n<p>Prawnicy raperki podkre\u015blaj\u0105, \u017ce odm\u00f3wienie us\u0142ugi ze wzgl\u0119du na wag\u0119 jest naruszeniem praw obywatelskich. Twierdz\u0105, \u017ce sytuacja ta mog\u0142aby mie\u0107 tragiczne konsekwencje, gdyby pasa\u017cerka by\u0142a w nag\u0142ej potrzebie lub znajdowa\u0142a si\u0119 w niebezpiecznej sytuacji.<\/p>\n\n\n\n<p>Z kolei przedstawiciele Lyft zaznaczyli, \u017ce firma pot\u0119pia wszelkie formy dyskryminacji, ale jednocze\u015bnie daje kierowcom mo\u017cliwo\u015b\u0107 podejmowania decyzji dotycz\u0105cych bezpiecze\u0144stwa przejazdu.<\/p>\n\n\n\n<h2 class=\"wp-block-heading\">Co dalej z t\u0105 spraw\u0105?<\/h2>\n\n\n\n<p>Pozew Blanding mo\u017ce stworzy\u0107 precedens prawny i wp\u0142yn\u0105\u0107 na przysz\u0142e regulacje w bran\u017cy przewozowej. Czy firmy transportowe powinny wprowadzi\u0107 jasne zasady dotycz\u0105ce gabaryt\u00f3w pasa\u017cer\u00f3w? A mo\u017ce kierowcy powinni mie\u0107 wi\u0119ksz\u0105 swobod\u0119 w podejmowaniu decyzji? To pytania, na kt\u00f3re odpowiedzi mo\u017ce udzieli\u0107 dopiero s\u0105d.<\/p>\n","protected":false},"excerpt":{"rendered":"<p>Incydent, kt\u00f3ry wstrz\u0105sn\u0105\u0142 mediami spo\u0142eczno\u015bciowymi Ameryka\u0144ska raperka Dajua Blanding, znana pod pseudonimem Dank Demoss, znalaz\u0142a si\u0119 w centrum medialnej burzy po tym, jak kierowca Lyfta odm\u00f3wi\u0142 jej przejazdu. Wed\u0142ug jej relacji, powodem mia\u0142a by\u0107 jej waga, co wywo\u0142a\u0142o dyskusj\u0119 o dyskryminacji w bran\u017cy przewozowej. Sprawa trafi\u0142a do s\u0105du, a w internecie rozgorza\u0142a debata na temat &#8230; <a title=\"RAPERKA TWIERDZI, \u017bE KIEROWCA LYFTA ODM\u00d3WI\u0141 JEJ PRZEJAZDU\" class=\"read-more\" href=\"https:\/\/dobrezrodla.com\/?p=12728\" aria-label=\"Read more about RAPERKA TWIERDZI, \u017bE KIEROWCA LYFTA ODM\u00d3WI\u0141 JEJ PRZEJAZDU\">Read more<\/a><\/p>\n","protected":false},"author":1,"featured_media":0,"comment_status":"open","ping_status":"open","sticky":false,"template":"","format":"standard","meta":{"footnotes":""},"categories":[1],"tags":[],"class_list":["post-12728","post","type-post","status-publish","format-standard","hentry","category-uncategorized"],"_links":{"self":[{"href":"https:\/\/dobrezrodla.com\/index.php?rest_route=\/wp\/v2\/posts\/12728","targetHints":{"allow":["GET"]}}],"collection":[{"href":"https:\/\/dobrezrodla.com\/index.php?rest_route=\/wp\/v2\/posts"}],"about":[{"href":"https:\/\/dobrezrodla.com\/index.php?rest_route=\/wp\/v2\/types\/post"}],"author":[{"embeddable":true,"href":"https:\/\/dobrezrodla.com\/index.php?rest_route=\/wp\/v2\/users\/1"}],"replies":[{"embeddable":true,"href":"https:\/\/dobrezrodla.com\/index.php?rest_route=%2Fwp%2Fv2%2Fcomments&post=12728"}],"version-history":[{"count":1,"href":"https:\/\/dobrezrodla.com\/index.php?rest_route=\/wp\/v2\/posts\/12728\/revisions"}],"predecessor-version":[{"id":12729,"href":"https:\/\/dobrezrodla.com\/index.php?rest_route=\/wp\/v2\/posts\/12728\/revisions\/12729"}],"wp:attachment":[{"href":"https:\/\/dobrezrodla.com\/index.php?rest_route=%2Fwp%2Fv2%2Fmedia&parent=12728"}],"wp:term":[{"taxonomy":"category","embeddable":true,"href":"https:\/\/dobrezrodla.com\/index.php?rest_route=%2Fwp%2Fv2%2Fcategories&post=12728"},{"taxonomy":"post_tag","embeddable":true,"href":"https:\/\/dobrezrodla.com\/index.php?rest_route=%2Fwp%2Fv2%2Ftags&post=12728"}],"curies":[{"name":"wp","href":"https:\/\/api.w.org\/{rel}","templated":true}]}}