{"id":12752,"date":"2025-12-21T20:53:06","date_gmt":"2025-12-21T20:53:06","guid":{"rendered":"https:\/\/dobrezrodla.com\/?p=12752"},"modified":"2025-12-21T20:53:06","modified_gmt":"2025-12-21T20:53:06","slug":"wiesci-ws-anity-werner-nadeszly-w-piatkowe-popoludnie-ludzie-nie-mieli-pojecia","status":"publish","type":"post","link":"https:\/\/dobrezrodla.com\/?p=12752","title":{"rendered":"Wie\u015bci ws. Anity Werner nadesz\u0142y w pi\u0105tkowe popo\u0142udnie. Ludzie nie mieli poj\u0119cia"},"content":{"rendered":"\n<p>Wie\u015bci ws. Anity Werner nadesz\u0142y w pi\u0105tkowe popo\u0142udnie. Ludzie w szoku<\/p>\n\n\n\n<p>Anita Werner jest dzi\u015b jedn\u0105 z najlepiej rozpoznawanych dziennikarek w naszym kraju. 47-latka s\u0142ynie z profesjonalizmu, klasy i charyzmy, co szczeg\u00f3lnie doceniaj\u0105 widzowie prowadzonych przez ni\u0105 program\u00f3w. Kobieta prywatnie od lat zwi\u0105zana jest z koleg\u0105 po fachu, dziennikarzem sportowym Micha\u0142em Ko\u0142odziejczykiem.<\/p>\n\n\n\n<p>Zakochani z przyjemno\u015bci\u0105 celebruj\u0105 ka\u017cd\u0105 woln\u0105 chwil\u0119, a uroczymi kadrami z wsp\u00f3lnych wypad\u00f3w dziennikarka ch\u0119tnie dzieli si\u0119 ze \u015bwiatem w mediach spo\u0142eczno\u015bciowych. Ledwie kilka dni temu Anita Werner potwierdzi\u0142a zaskakuj\u0105ce wie\u015bci. Z ukochanym u boku og\u0142osi\u0142a:<\/p>\n\n\n\n<p>\u201cTak si\u0119 z\u0142o\u017cy\u0142o, \u017ce wyl\u0105dowa\u0142am nad Morzem P\u00f3\u0142nocnym. Czy zainteresuj\u0105 Was totalnie deszczowe, szare zdj\u0119cia z p\u00f3\u0142nocno-wschodniego wybrze\u017ca Anglii? Je\u017celi nie, to scrollujcie dalej, bo nie zobaczycie na nich grama s\u0142o\u0144ca\u201d \u2013 napisa\u0142a pod galeri\u0105 ze zdj\u0119ciami, na kt\u00f3rych pojawia si\u0119 tak\u017ce Micha\u0142 Ko\u0142odziejczyk.<\/p>\n\n\n\n<p>W pi\u0105tkowe popo\u0142udnie Anita Werner zn\u00f3w zwr\u00f3ci\u0142a si\u0119 do ludzi. Tym razem pokaza\u0142a, kto towarzyszy\u0142 jej w pracy. Tego nikt si\u0119 nie spodziewa\u0142.<\/p>\n\n\n\n<p>Anita Werner og\u0142osi\u0142a i si\u0119 zacz\u0119\u0142o. Poruszenie w komentarzach<\/p>\n\n\n\n<p>Okazuje si\u0119, \u017ce tego dnia dziennikarka prowadzi\u0142a wiadomo\u015bci telewizyjne\u2026 z uroczym pluszakiem.<\/p>\n\n\n\n<p>\u201cZabra\u0142am Mi\u015bka do pracy. A w\u0142a\u015bciwie Mi\u015bk\u0119, bo to Wajla. Sp\u0119dzi\u0142a ze mn\u0105 jeden dzie\u0144 w redakcji @faktytvn. Chyba jej si\u0119 podoba\u0142o. Zobaczcie sami! (\u2026)\u201d \u2013 napisa\u0142a, prezentuj\u0105c przy okazji fotorelacj\u0119 z wspomnianej akcji.<\/p>\n\n\n\n<p>Dziennikarka podkre\u015bli\u0142a tak\u017ce, \u017ce misie wspieraj\u0105 szczytn\u0105 akcje. Pod postem natychmiast zaroi\u0142o si\u0119 od komentarzy:<\/p>\n\n\n\n<p>\u201cJa bardzo chcia\u0142abym by\u0107 na miejscu Wajli!!\u201d;<\/p>\n\n\n\n<p>\u201cUwielbiam Pani\u0105\u201d;<\/p>\n\n\n\n<p>\u201cUrocza Misia, pasuje do Pani\u201d \u2013 pisali.<\/p>\n\n\n\n<p>Zobacz wi\u0119cej<\/p>\n\n\n\n<p>Kosze upominkowe<\/p>\n\n\n\n<p>ZOBACZ TAK\u017bE<\/p>\n\n\n\n<p>Ledwo dwa tygodnie do ko\u0144ca roku, a tu takie wie\u015bci ws. Anity Werner. Jasno og\u0142osi\u0142a. \u201cTo tyle\u201d<\/p>\n\n\n\n<p>Werner d\u0142ugo na to czeka\u0142a i w ko\u0144cu podzieli\u0142a si\u0119 rado\u015bci\u0105 ze \u015bwiatem. Og\u0142osi\u0142a z ukochanym<\/p>\n\n\n\n<p>Plejada gwiazd na warszawskich salonach: Wojciechowska, Werner, Kwa\u015bniewska, Olejnik. Kt\u00f3ra wygl\u0105da najlepiej?<\/p>\n","protected":false},"excerpt":{"rendered":"<p>Wie\u015bci ws. Anity Werner nadesz\u0142y w pi\u0105tkowe popo\u0142udnie. Ludzie w szoku Anita Werner jest dzi\u015b jedn\u0105 z najlepiej rozpoznawanych dziennikarek w naszym kraju. 47-latka s\u0142ynie z profesjonalizmu, klasy i charyzmy, co szczeg\u00f3lnie doceniaj\u0105 widzowie prowadzonych przez ni\u0105 program\u00f3w. Kobieta prywatnie od lat zwi\u0105zana jest z koleg\u0105 po fachu, dziennikarzem sportowym Micha\u0142em Ko\u0142odziejczykiem. Zakochani z przyjemno\u015bci\u0105 &#8230; <a title=\"Wie\u015bci ws. Anity Werner nadesz\u0142y w pi\u0105tkowe popo\u0142udnie. Ludzie nie mieli poj\u0119cia\" class=\"read-more\" href=\"https:\/\/dobrezrodla.com\/?p=12752\" aria-label=\"Read more about Wie\u015bci ws. Anity Werner nadesz\u0142y w pi\u0105tkowe popo\u0142udnie. Ludzie nie mieli poj\u0119cia\">Read more<\/a><\/p>\n","protected":false},"author":1,"featured_media":0,"comment_status":"open","ping_status":"open","sticky":false,"template":"","format":"standard","meta":{"footnotes":""},"categories":[1],"tags":[],"class_list":["post-12752","post","type-post","status-publish","format-standard","hentry","category-uncategorized"],"_links":{"self":[{"href":"https:\/\/dobrezrodla.com\/index.php?rest_route=\/wp\/v2\/posts\/12752","targetHints":{"allow":["GET"]}}],"collection":[{"href":"https:\/\/dobrezrodla.com\/index.php?rest_route=\/wp\/v2\/posts"}],"about":[{"href":"https:\/\/dobrezrodla.com\/index.php?rest_route=\/wp\/v2\/types\/post"}],"author":[{"embeddable":true,"href":"https:\/\/dobrezrodla.com\/index.php?rest_route=\/wp\/v2\/users\/1"}],"replies":[{"embeddable":true,"href":"https:\/\/dobrezrodla.com\/index.php?rest_route=%2Fwp%2Fv2%2Fcomments&post=12752"}],"version-history":[{"count":1,"href":"https:\/\/dobrezrodla.com\/index.php?rest_route=\/wp\/v2\/posts\/12752\/revisions"}],"predecessor-version":[{"id":12753,"href":"https:\/\/dobrezrodla.com\/index.php?rest_route=\/wp\/v2\/posts\/12752\/revisions\/12753"}],"wp:attachment":[{"href":"https:\/\/dobrezrodla.com\/index.php?rest_route=%2Fwp%2Fv2%2Fmedia&parent=12752"}],"wp:term":[{"taxonomy":"category","embeddable":true,"href":"https:\/\/dobrezrodla.com\/index.php?rest_route=%2Fwp%2Fv2%2Fcategories&post=12752"},{"taxonomy":"post_tag","embeddable":true,"href":"https:\/\/dobrezrodla.com\/index.php?rest_route=%2Fwp%2Fv2%2Ftags&post=12752"}],"curies":[{"name":"wp","href":"https:\/\/api.w.org\/{rel}","templated":true}]}}