{"id":12764,"date":"2025-12-22T07:19:56","date_gmt":"2025-12-22T07:19:56","guid":{"rendered":"https:\/\/dobrezrodla.com\/?p=12764"},"modified":"2025-12-22T07:19:57","modified_gmt":"2025-12-22T07:19:57","slug":"prosze-pana-ten-chlopiec-mieszkal-ze-mna-w-sierocincu-2","status":"publish","type":"post","link":"https:\/\/dobrezrodla.com\/?p=12764","title":{"rendered":"\u2014 Prosz\u0119 pana, ten ch\u0142opiec mieszka\u0142 ze mn\u0105 w sieroci\u0144cu!"},"content":{"rendered":"\n<p>Elena ledwo mog\u0142a oddycha\u0107. By\u0142o tak, jakby powietrze w pokoju sta\u0142o si\u0119 ci\u0119\u017ckie, dusz\u0105ce. Oczy dziecka na portrecie by\u0142y tymi samymi oczami, kt\u00f3re widzia\u0142a jako dziecko, gdy dzielili ten sam ma\u0142y pok\u00f3j, te same porysowane talerze i to samo nierealne marzenie \u2014 o prawdziwej rodzinie.<\/p>\n\n\n\n<p>Cofn\u0119\u0142a si\u0119 o krok, potem kolejny, czuj\u0105c, jak mi\u0119kn\u0105 jej kolana. Nie chcia\u0142a w to uwierzy\u0107, ale serce m\u00f3wi\u0142o jej co innego. Twarz na obrazie nale\u017ca\u0142a do Mihaia, kruchego ch\u0142opca, kt\u00f3ry zasypia\u0142 na jej ramieniu w ch\u0142odne wieczory w sieroci\u0144cu.<\/p>\n\n\n\n<p>Artem spojrza\u0142 na ni\u0105 ze zdumieniem.<br>\u2014 Znasz go? \u2014 zapyta\u0142 cicho, ale szorstko.<br>Elena powoli odwr\u00f3ci\u0142a si\u0119 do niego, a \u0142zy p\u0142yn\u0119\u0142y jej nieprzerwanie.<br>\u2014 Dorastali\u015bmy razem\u2026 w sieroci\u0144cu w Radu\u0219i. Nazywa\u0142em go \u201eMihaita\u201d.<\/p>\n\n\n\n<p>M\u0119\u017cczyzna zamar\u0142. To imi\u0119 przeszy\u0142o jego dusz\u0119 niczym miecz. Nikt go nie wymawia\u0142 od dziesi\u0119cioleci.<\/p>\n\n\n\n<p>\u201eJak\u2026 jak on si\u0119 czu\u0142?\u201d \u2013 zdo\u0142a\u0142 wymamrota\u0107.<br>Elena zakry\u0142a usta d\u0142oni\u0105, pr\u00f3buj\u0105c zebra\u0107 my\u015bli.<br>\u201eBy\u0142 delikatny. \u015apiewa\u0142 bez przerwy. Marzy\u0142o mu si\u0119, \u017ce pewnego dnia jego brat po niego przyjdzie\u2026 ale pewnego wieczoru przyszli obcy i go zabrali. Od tamtej pory nikt go nie widzia\u0142.<\/p>\n\n\n\n<p>Pok\u00f3j wype\u0142ni\u0142a ci\u0119\u017cka cisza. Artem zrobi\u0142 kilka krok\u00f3w w stron\u0119 obrazu, dotykaj\u0105c ramy dr\u017c\u0105cymi palcami.<\/p>\n\n\n\n<p>\u201eM\u00f3j brat\u2026\u201d wyszepta\u0142.<\/p>\n\n\n\n<p>Potem odwr\u00f3ci\u0142 si\u0119 do Eleny, jego wzrok by\u0142 zagubiony.<\/p>\n\n\n\n<p>\u201eCo m\u00f3wi\u0142a\u015b, \u017ce mi si\u0119 \u015bni\u0142o?\u201d<\/p>\n\n\n\n<p>\u201e\u017be jego brat po niego przyjdzie\u201d \u2013 powt\u00f3rzy\u0142a.<br>\u2014 Czeka\u0142 na\u2026 swoj\u0105 obietnic\u0119.<\/p>\n\n\n\n<p>Elena skin\u0119\u0142a g\u0142ow\u0105.<\/p>\n\n\n\n<p>\u2014 Ka\u017cdego dnia.<\/p>\n\n\n\n<p>Wtedy co\u015b w nim p\u0119k\u0142o. Wszystkie lata milczenia, poczucia winy i rozpaczy rozp\u0142yn\u0119\u0142y si\u0119 w jednym westchnieniu. Opad\u0142 na krzes\u0142o i zakry\u0142 twarz d\u0142o\u0144mi.<\/p>\n\n\n\n<p>Elena powoli podesz\u0142a.<\/p>\n\n\n\n<p>\u2014 Mo\u017ce\u2026 mo\u017ce jeszcze jest szansa, powiedzia\u0142a cicho.<\/p>\n\n\n\n<p>\u2014 Nie, jest za p\u00f3\u017ano\u2026<\/p>\n\n\n\n<p>\u2014 Nigdy nie jest za p\u00f3\u017ano, \u017ceby szuka\u0107 kogo\u015b, kogo\u2026 Mi\u0142o\u015b\u0107.<\/p>\n\n\n\n<p>Jej s\u0142owa kr\u0105\u017cy\u0142y mu po g\u0142owie przez ca\u0142y dzie\u0144. Tego wieczoru, po raz pierwszy od dziesi\u0119cioleci, Artem otworzy\u0142 zakurzone akta dotycz\u0105ce zagini\u0119cia brata. W\u015br\u00f3d starych papier\u00f3w znalaz\u0142 co\u015b, czego nigdy wcze\u015bniej nie widzia\u0142: zdj\u0119cie zrobione w sieroci\u0144cu z kilkorgiem dzieci. W rogu zdj\u0119cia, napisane niebieskim d\u0142ugopisem, wyra\u017anie widnia\u0142o imi\u0119: \u201eMihai Popa \u2013 adoptowany w 1993 roku\u201d.<\/p>\n\n\n\n<p>Serce podskoczy\u0142o mu do gard\u0142a. Nast\u0119pnego dnia wyruszy\u0142 do wioski, gdzie widnia\u0142 adres jego rodziny adopcyjnej. Droga by\u0142a d\u0142uga, a my\u015bli dr\u0119czy\u0142y go. Kogo tam zastanie? Cz\u0142owieka, kt\u00f3ry niczego nie pami\u0119ta? A mo\u017ce kogo\u015b, kto go nienawidzi, bo nigdy nie przyjecha\u0142?<\/p>\n\n\n\n<p>Kiedy dotar\u0142 na miejsce, powita\u0142 go m\u0119\u017cczyzna o oczach identycznych jak jego. By\u0142 m\u0142odszy, z ma\u0142\u0105 blizn\u0105 na skroni, ale jego u\u015bmiech\u2026 u\u015bmiech by\u0142 taki sam jak od dzieci\u0144stwa.<\/p>\n\n\n\n<p>Czas si\u0119 zatrzyma\u0142.<\/p>\n\n\n\n<p>Artem nic nie powiedzia\u0142. Po prostu podszed\u0142, dr\u017c\u0105c, i Przytuli\u0142a go. S\u0142owa nie by\u0142y potrzebne.<\/p>\n\n\n\n<p>Elena, kt\u00f3ra z nimi przyjecha\u0142a, p\u0142aka\u0142a cicho. Czu\u0142a si\u0119, jakby by\u0142a \u015bwiadkiem cudu.<\/p>\n\n\n\n<p>Po tylu latach zakurzony obraz i wspomnienie z sieroci\u0144ca zdo\u0142a\u0142y naprawi\u0107 to, co \u017cycie rozdar\u0142o.<\/p>\n\n\n\n<p>Artem u\u015bmiechn\u0105\u0142 si\u0119 przez \u0142zy.<\/p>\n\n\n\n<p>\u2014 Teraz\u2026 ten dom nie jest ju\u017c pusty.<\/p>\n\n\n\n<p>I po raz pierwszy od trzydziestu lat w tej zimnej rezydencji rozleg\u0142 si\u0119 \u015bmiech dw\u00f3ch zjednoczonych braci.<\/p>\n\n\n\n<p>To dzie\u0142o jest inspirowane prawdziwymi wydarzeniami i postaciami, ale zosta\u0142o sfabularyzowane dla cel\u00f3w tw\u00f3rczych. Imiona, postacie i szczeg\u00f3\u0142y zosta\u0142y zmienione w celu ochrony prywatno\u015bci i wzbogacenia narracji. Jakiekolwiek podobie\u0144stwo do prawdziwych os\u00f3b, \u017cyj\u0105cych lub zmar\u0142ych, lub do prawdziwych wydarze\u0144 jest czysto przypadkowe i niezamierzone przez autora.<\/p>\n\n\n\n<p>Autor i wydawca nie ponosz\u0105 odpowiedzialno\u015bci za dok\u0142adno\u015b\u0107 wydarze\u0144 ani spos\u00f3b przedstawienia postaci, a tak\u017ce nie ponosz\u0105 odpowiedzialno\u015bci za jakiekolwiek b\u0142\u0119dne interpretacje. Niniejsza historia jest udost\u0119pniana \u201etak jak jest\u201d, a wszelkie wyra\u017cone opinie s\u0105 opiniami postaci i nie odzwierciedlaj\u0105 pogl\u0105d\u00f3w autora. lub wydawca.<\/p>\n","protected":false},"excerpt":{"rendered":"<p>Elena ledwo mog\u0142a oddycha\u0107. By\u0142o tak, jakby powietrze w pokoju sta\u0142o si\u0119 ci\u0119\u017ckie, dusz\u0105ce. Oczy dziecka na portrecie by\u0142y tymi samymi oczami, kt\u00f3re widzia\u0142a jako dziecko, gdy dzielili ten sam ma\u0142y pok\u00f3j, te same porysowane talerze i to samo nierealne marzenie \u2014 o prawdziwej rodzinie. Cofn\u0119\u0142a si\u0119 o krok, potem kolejny, czuj\u0105c, jak mi\u0119kn\u0105 jej &#8230; <a title=\"\u2014 Prosz\u0119 pana, ten ch\u0142opiec mieszka\u0142 ze mn\u0105 w sieroci\u0144cu!\" class=\"read-more\" href=\"https:\/\/dobrezrodla.com\/?p=12764\" aria-label=\"Read more about \u2014 Prosz\u0119 pana, ten ch\u0142opiec mieszka\u0142 ze mn\u0105 w sieroci\u0144cu!\">Read more<\/a><\/p>\n","protected":false},"author":1,"featured_media":0,"comment_status":"open","ping_status":"open","sticky":false,"template":"","format":"standard","meta":{"footnotes":""},"categories":[1],"tags":[],"class_list":["post-12764","post","type-post","status-publish","format-standard","hentry","category-uncategorized"],"_links":{"self":[{"href":"https:\/\/dobrezrodla.com\/index.php?rest_route=\/wp\/v2\/posts\/12764","targetHints":{"allow":["GET"]}}],"collection":[{"href":"https:\/\/dobrezrodla.com\/index.php?rest_route=\/wp\/v2\/posts"}],"about":[{"href":"https:\/\/dobrezrodla.com\/index.php?rest_route=\/wp\/v2\/types\/post"}],"author":[{"embeddable":true,"href":"https:\/\/dobrezrodla.com\/index.php?rest_route=\/wp\/v2\/users\/1"}],"replies":[{"embeddable":true,"href":"https:\/\/dobrezrodla.com\/index.php?rest_route=%2Fwp%2Fv2%2Fcomments&post=12764"}],"version-history":[{"count":1,"href":"https:\/\/dobrezrodla.com\/index.php?rest_route=\/wp\/v2\/posts\/12764\/revisions"}],"predecessor-version":[{"id":12765,"href":"https:\/\/dobrezrodla.com\/index.php?rest_route=\/wp\/v2\/posts\/12764\/revisions\/12765"}],"wp:attachment":[{"href":"https:\/\/dobrezrodla.com\/index.php?rest_route=%2Fwp%2Fv2%2Fmedia&parent=12764"}],"wp:term":[{"taxonomy":"category","embeddable":true,"href":"https:\/\/dobrezrodla.com\/index.php?rest_route=%2Fwp%2Fv2%2Fcategories&post=12764"},{"taxonomy":"post_tag","embeddable":true,"href":"https:\/\/dobrezrodla.com\/index.php?rest_route=%2Fwp%2Fv2%2Ftags&post=12764"}],"curies":[{"name":"wp","href":"https:\/\/api.w.org\/{rel}","templated":true}]}}