{"id":12826,"date":"2025-12-22T17:13:23","date_gmt":"2025-12-22T17:13:23","guid":{"rendered":"https:\/\/dobrezrodla.com\/?p=12826"},"modified":"2025-12-22T17:13:23","modified_gmt":"2025-12-22T17:13:23","slug":"ziobro-nie-stawil-sie-w-sadzie-co-zrobil-sad-padla-zaskakujaca-decyzja","status":"publish","type":"post","link":"https:\/\/dobrezrodla.com\/?p=12826","title":{"rendered":"Ziobro nie stawi\u0142 si\u0119 w s\u0105dzie. Co zrobi\u0142 s\u0105d? Pad\u0142a zaskakuj\u0105ca decyzja"},"content":{"rendered":"\n<p>Warszawski s\u0105d mia\u0142 zdecydowa\u0107, czy Zbigniew Ziobro trafi na trzy miesi\u0105ce do aresztu, ale&#8230; post\u0119powanie zosta\u0142o odroczone. Pow\u00f3d? Techniczne kwestie i z\u0142o\u017cone przez obron\u0119 wnioski.<\/p>\n\n\n\n<p>Prokurator Piotr Wo\u017aniak, nadzoruj\u0105cy \u015bledztwo dotycz\u0105ce Funduszu Sprawiedliwo\u015bci, poinformowa\u0142, \u017ce posiedzenie nie dotyczy\u0142o jeszcze samych zarzut\u00f3w, a skupiono si\u0119 na formalno\u015bciach. <\/p>\n\n\n\n<p>Wniosek prokuratury zak\u0142ada izolacj\u0119 by\u0142ego ministra na 90 dni, jednak s\u0119dzia Agnieszka Prokopowicz postanowi\u0142a najpierw rozpatrzy\u0107 argumenty obrony.<\/p>\n\n\n\n<p>Ziobro, kt\u00f3ry od pa\u017adziernika przebywa poza granicami Polski, nie pojawi\u0142 si\u0119 w s\u0105dzie. Jego pe\u0142nomocnicy, mec. Bartosz Lewandowski i mec. Adam Gomo\u0142a, przekonywali, \u017ce w aktach sprawy brakuje istotnych materia\u0142\u00f3w, r\u00f3wnie\u017c tych, kt\u00f3re mog\u0105 dzia\u0142a\u0107 na korzy\u015b\u0107 oskar\u017conego. <\/p>\n\n\n\n<p>Gomo\u0142a zapowiedzia\u0142 nawet z\u0142o\u017cenie wniosku o wy\u0142\u0105czenie prokuratora Wo\u017aniaka z powodu &#8220;w\u0105tpliwej bezstronno\u015bci&#8221;.<\/p>\n\n\n\n<p>S\u0105d b\u0119dzie kontynuowa\u0142 analiz\u0119 sprawy, a decyzja o ewentualnym areszcie ma zapa\u015b\u0107 w p\u00f3\u017aniejszym terminie. Tymczasem Ziobro pozostaje poza krajem, a opinia publiczna z napi\u0119ciem czeka na dalszy rozw\u00f3j wydarze\u0144.<\/p>\n","protected":false},"excerpt":{"rendered":"<p>Warszawski s\u0105d mia\u0142 zdecydowa\u0107, czy Zbigniew Ziobro trafi na trzy miesi\u0105ce do aresztu, ale&#8230; post\u0119powanie zosta\u0142o odroczone. Pow\u00f3d? Techniczne kwestie i z\u0142o\u017cone przez obron\u0119 wnioski. Prokurator Piotr Wo\u017aniak, nadzoruj\u0105cy \u015bledztwo dotycz\u0105ce Funduszu Sprawiedliwo\u015bci, poinformowa\u0142, \u017ce posiedzenie nie dotyczy\u0142o jeszcze samych zarzut\u00f3w, a skupiono si\u0119 na formalno\u015bciach. Wniosek prokuratury zak\u0142ada izolacj\u0119 by\u0142ego ministra na 90 dni, &#8230; <a title=\"Ziobro nie stawi\u0142 si\u0119 w s\u0105dzie. Co zrobi\u0142 s\u0105d? Pad\u0142a zaskakuj\u0105ca decyzja\" class=\"read-more\" href=\"https:\/\/dobrezrodla.com\/?p=12826\" aria-label=\"Read more about Ziobro nie stawi\u0142 si\u0119 w s\u0105dzie. Co zrobi\u0142 s\u0105d? Pad\u0142a zaskakuj\u0105ca decyzja\">Read more<\/a><\/p>\n","protected":false},"author":1,"featured_media":0,"comment_status":"open","ping_status":"open","sticky":false,"template":"","format":"standard","meta":{"footnotes":""},"categories":[1],"tags":[],"class_list":["post-12826","post","type-post","status-publish","format-standard","hentry","category-uncategorized"],"_links":{"self":[{"href":"https:\/\/dobrezrodla.com\/index.php?rest_route=\/wp\/v2\/posts\/12826","targetHints":{"allow":["GET"]}}],"collection":[{"href":"https:\/\/dobrezrodla.com\/index.php?rest_route=\/wp\/v2\/posts"}],"about":[{"href":"https:\/\/dobrezrodla.com\/index.php?rest_route=\/wp\/v2\/types\/post"}],"author":[{"embeddable":true,"href":"https:\/\/dobrezrodla.com\/index.php?rest_route=\/wp\/v2\/users\/1"}],"replies":[{"embeddable":true,"href":"https:\/\/dobrezrodla.com\/index.php?rest_route=%2Fwp%2Fv2%2Fcomments&post=12826"}],"version-history":[{"count":1,"href":"https:\/\/dobrezrodla.com\/index.php?rest_route=\/wp\/v2\/posts\/12826\/revisions"}],"predecessor-version":[{"id":12827,"href":"https:\/\/dobrezrodla.com\/index.php?rest_route=\/wp\/v2\/posts\/12826\/revisions\/12827"}],"wp:attachment":[{"href":"https:\/\/dobrezrodla.com\/index.php?rest_route=%2Fwp%2Fv2%2Fmedia&parent=12826"}],"wp:term":[{"taxonomy":"category","embeddable":true,"href":"https:\/\/dobrezrodla.com\/index.php?rest_route=%2Fwp%2Fv2%2Fcategories&post=12826"},{"taxonomy":"post_tag","embeddable":true,"href":"https:\/\/dobrezrodla.com\/index.php?rest_route=%2Fwp%2Fv2%2Ftags&post=12826"}],"curies":[{"name":"wp","href":"https:\/\/api.w.org\/{rel}","templated":true}]}}