{"id":12832,"date":"2025-12-22T17:16:44","date_gmt":"2025-12-22T17:16:44","guid":{"rendered":"https:\/\/dobrezrodla.com\/?p=12832"},"modified":"2025-12-22T17:16:44","modified_gmt":"2025-12-22T17:16:44","slug":"obajtek-z-aktem-oskarzenia-prokuratura-ujawnia-kulisy-prywatnych-zlecen-za-setki-tysiecy","status":"publish","type":"post","link":"https:\/\/dobrezrodla.com\/?p=12832","title":{"rendered":"Obajtek z aktem oskar\u017cenia. Prokuratura ujawnia kulisy prywatnych zlece\u0144 za setki tysi\u0119cy"},"content":{"rendered":"\n<p>By\u0142y prezes Orlenu, Daniel Obajtek, us\u0142ysza\u0142 powa\u017cne zarzuty. Prokuratura Regionalna w Warszawie skierowa\u0142a do s\u0105du akt oskar\u017cenia, w kt\u00f3rym Obajtkowi zarzuca si\u0119 nadu\u017cycie uprawnie\u0144 i dzia\u0142anie na szkod\u0119 sp\u00f3\u0142ki. <\/p>\n\n\n\n<p>Sprawa dotyczy detektywistycznych zlece\u0144 o warto\u015bci niemal 400 tys. z\u0142, kt\u00f3re \u2013 wed\u0142ug \u015bledczych \u2013 mia\u0142y s\u0142u\u017cy\u0107 nie Orlenowi, a prywatnym interesom by\u0142ego prezesa.<\/p>\n\n\n\n<p>W centrum sprawy s\u0105 dwie umowy zawarte z prywatnym detektywem Wojciechem K., kt\u00f3re z pomini\u0119ciem przetargu zleci\u0142 \u00f3wczesny dyrektor Biura Kontroli i Bezpiecze\u0144stwa w Orlenie, Zbigniew L. <\/p>\n\n\n\n<p>Us\u0142ugi mia\u0142y dotyczy\u0107 walki z nieuczciw\u0105 konkurencj\u0105, ale jak ustali\u0142a prokuratura \u2013 w rzeczywisto\u015bci chodzi\u0142o o zbieranie informacji o maj\u0105tku i \u017cyciu prywatnym polityk\u00f3w opozycji.<\/p>\n\n\n\n<p>Opr\u00f3cz Obajtka oskar\u017ceni zostali r\u00f3wnie\u017c Zbigniew L. i Wojciech K. Ten ostatni ma tak\u017ce zarzut pom\u00f3wienia kilku polityk\u00f3w, w tym Roberta Kropiwnickiego, Marcina Kierwi\u0144skiego, Jana Grabca, Andrzeja Halickiego i pracownika NIK.<\/p>\n\n\n\n<p>Wszystkim trzem grozi do 5 lat wi\u0119zienia. W tle ca\u0142ej sprawy \u2013 polityka, wielkie pieni\u0105dze i cie\u0144 inwigilacji.<\/p>\n","protected":false},"excerpt":{"rendered":"<p>By\u0142y prezes Orlenu, Daniel Obajtek, us\u0142ysza\u0142 powa\u017cne zarzuty. Prokuratura Regionalna w Warszawie skierowa\u0142a do s\u0105du akt oskar\u017cenia, w kt\u00f3rym Obajtkowi zarzuca si\u0119 nadu\u017cycie uprawnie\u0144 i dzia\u0142anie na szkod\u0119 sp\u00f3\u0142ki. Sprawa dotyczy detektywistycznych zlece\u0144 o warto\u015bci niemal 400 tys. z\u0142, kt\u00f3re \u2013 wed\u0142ug \u015bledczych \u2013 mia\u0142y s\u0142u\u017cy\u0107 nie Orlenowi, a prywatnym interesom by\u0142ego prezesa. W centrum &#8230; <a title=\"Obajtek z aktem oskar\u017cenia. Prokuratura ujawnia kulisy prywatnych zlece\u0144 za setki tysi\u0119cy\" class=\"read-more\" href=\"https:\/\/dobrezrodla.com\/?p=12832\" aria-label=\"Read more about Obajtek z aktem oskar\u017cenia. Prokuratura ujawnia kulisy prywatnych zlece\u0144 za setki tysi\u0119cy\">Read more<\/a><\/p>\n","protected":false},"author":1,"featured_media":0,"comment_status":"open","ping_status":"open","sticky":false,"template":"","format":"standard","meta":{"footnotes":""},"categories":[1],"tags":[],"class_list":["post-12832","post","type-post","status-publish","format-standard","hentry","category-uncategorized"],"_links":{"self":[{"href":"https:\/\/dobrezrodla.com\/index.php?rest_route=\/wp\/v2\/posts\/12832","targetHints":{"allow":["GET"]}}],"collection":[{"href":"https:\/\/dobrezrodla.com\/index.php?rest_route=\/wp\/v2\/posts"}],"about":[{"href":"https:\/\/dobrezrodla.com\/index.php?rest_route=\/wp\/v2\/types\/post"}],"author":[{"embeddable":true,"href":"https:\/\/dobrezrodla.com\/index.php?rest_route=\/wp\/v2\/users\/1"}],"replies":[{"embeddable":true,"href":"https:\/\/dobrezrodla.com\/index.php?rest_route=%2Fwp%2Fv2%2Fcomments&post=12832"}],"version-history":[{"count":1,"href":"https:\/\/dobrezrodla.com\/index.php?rest_route=\/wp\/v2\/posts\/12832\/revisions"}],"predecessor-version":[{"id":12833,"href":"https:\/\/dobrezrodla.com\/index.php?rest_route=\/wp\/v2\/posts\/12832\/revisions\/12833"}],"wp:attachment":[{"href":"https:\/\/dobrezrodla.com\/index.php?rest_route=%2Fwp%2Fv2%2Fmedia&parent=12832"}],"wp:term":[{"taxonomy":"category","embeddable":true,"href":"https:\/\/dobrezrodla.com\/index.php?rest_route=%2Fwp%2Fv2%2Fcategories&post=12832"},{"taxonomy":"post_tag","embeddable":true,"href":"https:\/\/dobrezrodla.com\/index.php?rest_route=%2Fwp%2Fv2%2Ftags&post=12832"}],"curies":[{"name":"wp","href":"https:\/\/api.w.org\/{rel}","templated":true}]}}