{"id":12834,"date":"2025-12-22T17:18:47","date_gmt":"2025-12-22T17:18:47","guid":{"rendered":"https:\/\/dobrezrodla.com\/?p=12834"},"modified":"2025-12-22T17:18:48","modified_gmt":"2025-12-22T17:18:48","slug":"ziobro-jeszcze-nie-w-areszcie-minister-zurek-komentuje-i-zapowiada-zmiany-w-funduszu-sprawiedliwosci","status":"publish","type":"post","link":"https:\/\/dobrezrodla.com\/?p=12834","title":{"rendered":"Ziobro jeszcze nie w areszcie. Minister \u017burek komentuje i zapowiada zmiany w Funduszu Sprawiedliwo\u015bci"},"content":{"rendered":"\n<p>Cho\u0107 decyzja o tymczasowym aresztowaniu Zbigniewa Ziobry mia\u0142a zapa\u015b\u0107 tu\u017c przed \u015bwi\u0119tami, s\u0105d zdecydowa\u0142 o odroczeniu posiedzenia. Minister sprawiedliwo\u015bci Waldemar \u017burek zabra\u0142 g\u0142os w tej sprawie, podkre\u015blaj\u0105c, \u017ce wszystko przebiega zgodnie z procedurami.<\/p>\n\n\n\n<p>\u2013 S\u0105d mia\u0142 pe\u0142ne prawo wstrzyma\u0107 si\u0119 z decyzj\u0105, zw\u0142aszcza \u017ce obrona wnios\u0142a o zapoznanie si\u0119 z materia\u0142ami niejawnymi \u2013 wyja\u015bnia\u0142 \u017burek na konferencji prasowej. Jak doda\u0142, prokuratura nie do\u0142\u0105czy\u0142a ich do akt sprawy, wi\u0119c s\u0105d nie mia\u0142 do nich wgl\u0105du. \u2013 Teraz ten materia\u0142 zostanie uzupe\u0142niony, a decyzja zapadnie w po\u0142owie stycznia \u2013 poinformowa\u0142.<\/p>\n\n\n\n<p>Prokuratura domaga si\u0119 trzymiesi\u0119cznego aresztu dla Ziobry, kt\u00f3remu chce postawi\u0107 26 zarzut\u00f3w, w tym kierowanie zorganizowan\u0105 grup\u0105 przest\u0119pcz\u0105. Sprawa dotyczy nieprawid\u0142owo\u015bci w Funduszu Sprawiedliwo\u015bci.<\/p>\n\n\n\n<p>Minister \u017burek odni\u00f3s\u0142 si\u0119 r\u00f3wnie\u017c do terminu rozprawy. \u2013 Tu\u017c przed Wigili\u0105? Nie by\u0142 to najszcz\u0119\u015bliwszy moment. Ale tak\u0105 dat\u0119 wyznaczy\u0142 s\u0105d \u2013 zaznaczy\u0142. Jego zdaniem sytuacja obrazuje skal\u0119 problem\u00f3w wymiaru sprawiedliwo\u015bci.<\/p>\n\n\n\n<p>\u017burek zapowiedzia\u0142 tak\u017ce zmiany w samym Funduszu Sprawiedliwo\u015bci. \u2013 Pracujemy nad tym, jak go przeorganizowa\u0107, by nie budzi\u0142 kontrowersji \u2013 powiedzia\u0142. Jednym z rozwa\u017canych scenariuszy jest przekazanie zarz\u0105dzania \u015brodkami funduszu do struktur samorz\u0105dowych lub administracji rz\u0105dowej, by zapewni\u0107 wi\u0119ksz\u0105 transparentno\u015b\u0107.<\/p>\n\n\n\n<p>Na koniec ujawni\u0142, \u017ce z\u0142o\u017cono kolejny wniosek o europejski nakaz aresztowania dla Marcina Romanowskiego \u2013 by\u0142ego wiceministra sprawiedliwo\u015bci i bliskiego wsp\u00f3\u0142pracownika Ziobry.<\/p>\n","protected":false},"excerpt":{"rendered":"<p>Cho\u0107 decyzja o tymczasowym aresztowaniu Zbigniewa Ziobry mia\u0142a zapa\u015b\u0107 tu\u017c przed \u015bwi\u0119tami, s\u0105d zdecydowa\u0142 o odroczeniu posiedzenia. Minister sprawiedliwo\u015bci Waldemar \u017burek zabra\u0142 g\u0142os w tej sprawie, podkre\u015blaj\u0105c, \u017ce wszystko przebiega zgodnie z procedurami. \u2013 S\u0105d mia\u0142 pe\u0142ne prawo wstrzyma\u0107 si\u0119 z decyzj\u0105, zw\u0142aszcza \u017ce obrona wnios\u0142a o zapoznanie si\u0119 z materia\u0142ami niejawnymi \u2013 wyja\u015bnia\u0142 \u017burek &#8230; <a title=\"Ziobro jeszcze nie w areszcie. Minister \u017burek komentuje i zapowiada zmiany w Funduszu Sprawiedliwo\u015bci\" class=\"read-more\" href=\"https:\/\/dobrezrodla.com\/?p=12834\" aria-label=\"Read more about Ziobro jeszcze nie w areszcie. Minister \u017burek komentuje i zapowiada zmiany w Funduszu Sprawiedliwo\u015bci\">Read more<\/a><\/p>\n","protected":false},"author":1,"featured_media":0,"comment_status":"open","ping_status":"open","sticky":false,"template":"","format":"standard","meta":{"footnotes":""},"categories":[1],"tags":[],"class_list":["post-12834","post","type-post","status-publish","format-standard","hentry","category-uncategorized"],"_links":{"self":[{"href":"https:\/\/dobrezrodla.com\/index.php?rest_route=\/wp\/v2\/posts\/12834","targetHints":{"allow":["GET"]}}],"collection":[{"href":"https:\/\/dobrezrodla.com\/index.php?rest_route=\/wp\/v2\/posts"}],"about":[{"href":"https:\/\/dobrezrodla.com\/index.php?rest_route=\/wp\/v2\/types\/post"}],"author":[{"embeddable":true,"href":"https:\/\/dobrezrodla.com\/index.php?rest_route=\/wp\/v2\/users\/1"}],"replies":[{"embeddable":true,"href":"https:\/\/dobrezrodla.com\/index.php?rest_route=%2Fwp%2Fv2%2Fcomments&post=12834"}],"version-history":[{"count":1,"href":"https:\/\/dobrezrodla.com\/index.php?rest_route=\/wp\/v2\/posts\/12834\/revisions"}],"predecessor-version":[{"id":12835,"href":"https:\/\/dobrezrodla.com\/index.php?rest_route=\/wp\/v2\/posts\/12834\/revisions\/12835"}],"wp:attachment":[{"href":"https:\/\/dobrezrodla.com\/index.php?rest_route=%2Fwp%2Fv2%2Fmedia&parent=12834"}],"wp:term":[{"taxonomy":"category","embeddable":true,"href":"https:\/\/dobrezrodla.com\/index.php?rest_route=%2Fwp%2Fv2%2Fcategories&post=12834"},{"taxonomy":"post_tag","embeddable":true,"href":"https:\/\/dobrezrodla.com\/index.php?rest_route=%2Fwp%2Fv2%2Ftags&post=12834"}],"curies":[{"name":"wp","href":"https:\/\/api.w.org\/{rel}","templated":true}]}}