{"id":12840,"date":"2025-12-22T17:27:40","date_gmt":"2025-12-22T17:27:40","guid":{"rendered":"https:\/\/dobrezrodla.com\/?p=12840"},"modified":"2025-12-22T17:27:41","modified_gmt":"2025-12-22T17:27:41","slug":"kosztowny-blad-brauna-i-jego-ludzi-tym-razem-nie-zbiora-kasy-z-1-5-podatku","status":"publish","type":"post","link":"https:\/\/dobrezrodla.com\/?p=12840","title":{"rendered":"Kosztowny b\u0142\u0105d Brauna i jego ludzi. Tym razem nie zbior\u0105 kasy z 1.5% podatku"},"content":{"rendered":"\n<p>Fundacja Osuchowa zosta\u0142a skre\u015blona z list Organizacji Po\u017cytku Publicznego, kt\u00f3re mog\u0105 zbiera\u0107 pieni\u0105dze z 1.5% podatku. Pow\u00f3d? Nie nades\u0142a\u0142a sprawozdania na czas. Za PiS te\u017c notorycznie si\u0119 z tym sp\u00f3\u017ania\u0142a, ale w\u00f3wczas takie organizacje by\u0142y pod parasolem rz\u0105dz\u0105cych. Tegoroczny b\u0142\u0105d b\u0119dzie kosztowny &#8211; z PIT\u00f3w za poprzedni rok, Grzegorz Braun i W\u0142odzimierz Skalik zebrali prawie p\u00f3\u0142 miliona z\u0142 na dzia\u0142alno\u015b\u0107 polityczn\u0105.<\/p>\n\n\n\n<p>10 grudnia Narodowy Instytut Wolno\u015bci opublikowa\u0142 wykaz organizacji uprawnionych do pozyskiwania 1,5% podatku w rozliczeniu za bie\u017c\u0105cy rok. Na li\u015bcie jest 9 697 organizacji. Istotniejsze jednak jest, kogo na niej zabrak\u0142o \u2013 lista jest a\u017c o 568 organizacji kr\u00f3tsza ni\u017c w 2024 r. G\u0142\u00f3wny pow\u00f3d wykre\u015blenia z listy OPP \u2013 brak obligatoryjnego sprawozdania za poprzedni rok &#8211; nie wys\u0142a\u0142o go a\u017c 359 organizacji. Termin mija, ka\u017cdego roku, 15 lipca.<\/p>\n\n\n\n<p>Op\u00f3\u017anienia wyuczone bezkarno\u015bci\u0105<br>Wielkim przegranym jest Fundacja Osuchowa za\u0142o\u017cona przez obecnego europos\u0142a Grzegorza Brauna, a prowadzona przez W\u0142odzimierz Skalika \u2013 te\u017c pos\u0142a Konfederacji Korony Polskiej. Braun z \u017con\u0105 Aleksandr\u0105 s\u0105 w jej zarz\u0105dzie. W bie\u017c\u0105cym roku, dzi\u0119ki 1.5% z podatk\u00f3w za 2024 r., Osuchowa zebra\u0142a 486,6 tys. z\u0142 \u2013 to ponad 1\/3 og\u00f3\u0142u przychod\u00f3w Fundacji (1,28 mln z\u0142) \u2013 tak wynika z ich sprawozdania finansowego, do kt\u00f3rego dotarli\u015bmy. (W mediach pojawia si\u0119 wy\u017csza kwota przychod\u00f3w z 1.5% tj. 835,3 tys. z\u0142. Nie uda\u0142o nam si\u0119 ustali\u0107, dlaczego).<\/p>\n\n\n\n<p>Fundacja Brauna zosta\u0142a wykre\u015blona z list OPP, bo nie z\u0142o\u017cy\u0142a sprawozdania za 2024 r. na czas. Jak wynika z bazy sprawozda\u0144 NIW, pope\u0142ni\u0142a g\u0142upi b\u0142\u0105d &#8211; sp\u00f3\u017ani\u0142a si\u0119 o 64 minuty i 15 sekund! \u201eW szczeg\u00f3lnych przypadkach, gdy organizacja udowodni, \u017ce op\u00f3\u017anienie nast\u0105pi\u0142o nie z jej winy, istnieje mo\u017cliwo\u015b\u0107 dopisania jej do wykazu\u201d &#8211; czytamy w o\u015bwiadczeniu NIW, jakie nam wys\u0142ano. Ale Osuchowa nie pr\u00f3bowa\u0142a si\u0119 t\u0142umaczy\u0107, ani odwo\u0142ywa\u0107.<\/p>\n\n\n\n<p>B\u0142\u0105d jest tym bardziej bolesny, \u017ce ze sprawozdania finansowego wynika, i\u017c przygotowano je ju\u017c 25 marca br, zatwierdzono ponad 3 miesi\u0105ce p\u00f3\u017aniej, 30 czerwca, a wys\u0142ano do bazy sprawozda\u0144 dopiero 16 lipca br.<\/p>\n\n\n\n<p>Sk\u0105d to sp\u00f3\u017anienie i brak dzia\u0142a\u0144, by naprawi\u0107 sw\u00f3j b\u0142\u0105d? Mo\u017cna si\u0119 tego domy\u015ble\u0107 czytaj\u0105c sprawozdania Osuchowej za poprzednie lata. Za rz\u0105d\u00f3w PiS Fundacja prawie zawsze sp\u00f3\u017ania\u0142a si\u0119 z ich wys\u0142aniem, cz\u0119sto bardzo mocno. Sprawozdania za: 2019, 2020, 2021 nadsy\u0142ano 3 miesi\u0105ce po czasie, w po\u0142owie pa\u017adziernika, a za 2022 r \u2013 2 dni po czasie, 17 lipca. Dopiero gdy w\u0142adza si\u0119 zmieni\u0142a, Osuchowa nades\u0142a\u0142a sprawozdanie o czasie, cho\u0107 o 22.52, czyli nieco ponad godzin\u0119 przed up\u0142ywem terminu.<\/p>\n\n\n\n<p>Dlaczego wtedy nie skre\u015blano Osuchowej z list OPP, cho\u0107 obligatoryjne op\u00f3\u017anienia by\u0142y drastyczne? Micha\u0142 Braun, dyrektor NIW miesi\u0105c temu, w kontek\u015bcie innej sprawy, m\u00f3wi\u0142 redakcji Goniec.pl, \u017ce za rz\u0105d\u00f3w PiS organizacje prawicowe, nacjonalistyczne, katolickie nie by\u0142y w og\u00f3le kontrolowane przez NIW. Z takim samym pob\u0142a\u017caniem zapewne te\u017c traktowano ich wielomiesi\u0119czne sp\u00f3\u017anienia z obligatoryjnym sprawozdaniem.<\/p>\n\n\n\n<p>Strac\u0105 min. 800 tys. z\u0142?<br>Micha\u0142 Braun, dyrektor NIW, t\u0142umaczy redakcji Goniec.pl, \u017ce obecna sytuacja Osuchowej jest gorsza ni\u017c organizacji, kt\u00f3re nie by\u0142y nigdy OPP. Bo zakazane jest zbieranie 1,5% podatku przez inn\u0105 organizacj\u0119 OPP na rzecz organizacji, kt\u00f3ra zosta\u0142a wykre\u015blona z wykazu. Z\u0142amanie przepis\u00f3w grozi grzywn\u0105.<\/p>\n\n\n\n<p>M\u00f3wi o tym art. 50c ustawy o dzia\u0142alno\u015bci po\u017cytku publicznego. \u201eKto, dzia\u0142aj\u0105c w imieniu organizacji po\u017cytku publicznego, kt\u00f3ra zosta\u0142a uwzgl\u0119dniona w wykazie, o kt\u00f3rym mowa w art. 27a, wzywa do przekazania lub przekazuje \u015brodki finansowe pochodz\u0105ce z 1,5% podatku dochodowego od os\u00f3b fizycznych na rzecz organizacji po\u017cytku publicznego, kt\u00f3ra nie zosta\u0142a uwzgl\u0119dniona w tym wykazie, podlega karze grzywny\u201d.<\/p>\n\n\n\n<p>To mo\u017ce by\u0107 bolesne finansowo dla tych polityk\u00f3w skrajnej prawicy. Bo Osuchowa by\u0142a na listach OPP od 2018 r., a w ci\u0105gu ostatnich 5 lat jej przychody z tego tytu\u0142u \u2013 wg Rzeczpospolitej \u2013 wzrasta\u0142y wielokrotnie. W tym roku zapewne pobi\u0142yby kolejne rekordy. Wg u\u015brednionych sonda\u017cy agregowanych na Ewybory.eu, Konfederacja Korony Polskiej w maju ub.r (wtedy zacz\u0119\u0142a by\u0107 regularnie ujmowana w sonda\u017cach) mia\u0142a poparcie 5.1%, a obecnie to 7.9% &#8211; czyli o 55% wi\u0119cej. Mo\u017cna wi\u0119c szacowa\u0107, \u017ce przy proporcjonalnym wzro\u015bcie dochod\u00f3w z 1.5%, oraz wzro\u015bcie p\u0142ac rok do roku o 7.1%, za 2025 r. Osuchowa zgarn\u0119\u0142aby z tego \u017ar\u00f3d\u0142a ponad 800 tys. z\u0142. Minimalnie. Bo notowania partii Brauna w okresie stycze\u0144 \u2013 kwiecie\u0144 br. gdy Polacy wype\u0142niali PITy i decydowali komu przeznaczy\u0107 pieni\u0105dze z 1.5% podatku za 2024 r., musia\u0142y by\u0107 ni\u017csze ni\u017c wskazane 5.1%. Dodatkowo obecnie, w niekt\u00f3rych sonda\u017cach, KKP ma znacznie wy\u017csze notowania ni\u017c wspomniane 7.9% i nawet przegania Konfederacj\u0119.<\/p>\n\n\n\n<p>Antyukrai\u0144scy hejterzy<br>Fundacja Osuchowa to zaplecze polityczno- finansowe Grzegorza Brauna. Osuchowa od lat zbiera pieni\u0105dze na dzia\u0142alno\u015b\u0107 polityczn\u0105 Brauna i Skalika. Z jej sprawozdania wynika, \u017ce m.in. w 2024 r. zorganizowa\u0142a ponad 300 spotka\u0144 promuj\u0105cych Brauna, w kt\u00f3rych mia\u0142o uczestniczy\u0107 ok. 60 tys. os\u00f3b. Spotkania te by\u0142y powi\u0105zane z promocj\u0105 polityczn\u0105 Grzegorza Brauna. Na zjazdach \u201eWsp\u00f3lnota Pobudka\u201d, kt\u00f3re promuj\u0105 program polityczny tego europos\u0142a, \u201eobecne s\u0105 gad\u017cety polityczne\u201d, w tym\u2026 ga\u015bnice. Osuchowa wspiera te\u017c inn\u0105 organizacj\u0119 Brauna \u2013 Fundacj\u0119 Polskie Veto, kt\u00f3ra promuje tre\u015bci\u2026 antyszczepionkowe.<\/p>\n\n\n\n<p>Wg raportu bran\u017cowego magazynu PRESS, oraz innych raport\u00f3w m.in. Fundacji Centrum im. Bronis\u0142awa Gieremka, czy Demagagoga z IMM, Grzegorz Braun i W\u0142odzimierz Skalik s\u0105 politykami, kt\u00f3rymi nader cz\u0119sto upowszechniaj\u0105 antyukrai\u0144skie fejk newsy. Podsycaj\u0105 w ten spos\u00f3b hejt skierowany w obywateli walcz\u0105cej Ukrainy. W\u015br\u00f3d antyukrai\u0144skich fejknews\u00f3w publikowanych przez polityk\u00f3w, partia Brauna i jej politycy odpowiadaj\u0105 za ponad po\u0142ow\u0119 (52,8%) tej dezinformacji.<\/p>\n\n\n\n<ul class=\"wp-block-list\">\n<li>Prawo pozyskiwania 1.5% podatku Fundacja utraci\u0142a ze wzgl\u0119du na niedope\u0142nienie obowi\u0105zku sprawozdawczego. Trzeba jednak jasno powiedzie\u0107, \u017ce Grzegorz Braun zamiast dzia\u0142a\u0107 na rzecz po\u017cytku publicznego, rozbija spo\u0142ecze\u0144stwo sieje nienawi\u015b\u0107, dzia\u0142a wbrew racji stanu, stosuje przemoc i agresj\u0119 \u2013 spraw\u0119 skre\u015blenia z OPP komentuje dla Goniec.pl Micha\u0142 Braun, dyrektor NIW.<\/li>\n<\/ul>\n\n\n\n<p>Nie\u015bwiadomi?<br>W NIW nieoficjalnie uwa\u017caj\u0105, \u017ce w Osuchowej nadal nie wiedz\u0105 o wykre\u015bleniu ich z list OPP. Bo nadal na swoich stronach publikuj\u0105: \u201ePrzeka\u017c 1.5% na Fundacj\u0119 Osuchowa\u201d i filmik z Grzegorzem Braunem zach\u0119caj\u0105cym do tego. \u201eKa\u017cdy z nas mo\u017ce przekaza\u0107 1,5% swojego podatku na Fundacj\u0119 Osuchowa, kt\u00f3ra wspiera Pobudk\u0119, Fundacj\u0119 Konfederacja Gietrzwa\u0142dzka, Braun Movies i wiele innych inicjatyw.\u201d czytamy na ich stronie. Nadal te\u017c do pobrania jest specjalny program rozliczaj\u0105cy PITy, kt\u00f3ry przeznacza 1.5% podatku na Osuchow\u0105.<\/p>\n\n\n\n<p>W zwi\u0105zku z tym, oraz ww. informacjami, w sobot\u0119 20 grudnia wieczorem wys\u0142ali\u015bmy do Fundacji Osuchowa 4 pytania. Pytali\u015bmy m.in. czy wiedz\u0105 o wykre\u015bleniu ich z list OPP, je\u015bli tak, to dlaczego nadal publikuj\u0105 informacje, jakby byli na tych listach. Dopytywali\u015bmy tak\u017ce kto jest odpowiedzialny za kardynalny b\u0142\u0105d \u2013 op\u00f3\u017anienie w wys\u0142aniu dawno gotowego sprawozdania.<\/p>\n\n\n\n<p>Czekamy na odpowiedzi.<\/p>\n\n\n\n<p>Na Facebooku, Konfederacja Korony Polskiej \u2013 \u015awi\u0119tokrzyskie zapowiedzia\u0142a prezydium partii na 22 grudnia br. oraz uroczyste otwarcie biur poselskich Grzegorza Brauna i W\u0142odzimierza Skalika.<\/p>\n","protected":false},"excerpt":{"rendered":"<p>Fundacja Osuchowa zosta\u0142a skre\u015blona z list Organizacji Po\u017cytku Publicznego, kt\u00f3re mog\u0105 zbiera\u0107 pieni\u0105dze z 1.5% podatku. Pow\u00f3d? Nie nades\u0142a\u0142a sprawozdania na czas. Za PiS te\u017c notorycznie si\u0119 z tym sp\u00f3\u017ania\u0142a, ale w\u00f3wczas takie organizacje by\u0142y pod parasolem rz\u0105dz\u0105cych. Tegoroczny b\u0142\u0105d b\u0119dzie kosztowny &#8211; z PIT\u00f3w za poprzedni rok, Grzegorz Braun i W\u0142odzimierz Skalik zebrali prawie &#8230; <a title=\"Kosztowny b\u0142\u0105d Brauna i jego ludzi. Tym razem nie zbior\u0105 kasy z 1.5% podatku\" class=\"read-more\" href=\"https:\/\/dobrezrodla.com\/?p=12840\" aria-label=\"Read more about Kosztowny b\u0142\u0105d Brauna i jego ludzi. Tym razem nie zbior\u0105 kasy z 1.5% podatku\">Read more<\/a><\/p>\n","protected":false},"author":1,"featured_media":12841,"comment_status":"open","ping_status":"open","sticky":false,"template":"","format":"standard","meta":{"footnotes":""},"categories":[1],"tags":[],"class_list":["post-12840","post","type-post","status-publish","format-standard","has-post-thumbnail","hentry","category-uncategorized"],"_links":{"self":[{"href":"https:\/\/dobrezrodla.com\/index.php?rest_route=\/wp\/v2\/posts\/12840","targetHints":{"allow":["GET"]}}],"collection":[{"href":"https:\/\/dobrezrodla.com\/index.php?rest_route=\/wp\/v2\/posts"}],"about":[{"href":"https:\/\/dobrezrodla.com\/index.php?rest_route=\/wp\/v2\/types\/post"}],"author":[{"embeddable":true,"href":"https:\/\/dobrezrodla.com\/index.php?rest_route=\/wp\/v2\/users\/1"}],"replies":[{"embeddable":true,"href":"https:\/\/dobrezrodla.com\/index.php?rest_route=%2Fwp%2Fv2%2Fcomments&post=12840"}],"version-history":[{"count":1,"href":"https:\/\/dobrezrodla.com\/index.php?rest_route=\/wp\/v2\/posts\/12840\/revisions"}],"predecessor-version":[{"id":12842,"href":"https:\/\/dobrezrodla.com\/index.php?rest_route=\/wp\/v2\/posts\/12840\/revisions\/12842"}],"wp:featuredmedia":[{"embeddable":true,"href":"https:\/\/dobrezrodla.com\/index.php?rest_route=\/wp\/v2\/media\/12841"}],"wp:attachment":[{"href":"https:\/\/dobrezrodla.com\/index.php?rest_route=%2Fwp%2Fv2%2Fmedia&parent=12840"}],"wp:term":[{"taxonomy":"category","embeddable":true,"href":"https:\/\/dobrezrodla.com\/index.php?rest_route=%2Fwp%2Fv2%2Fcategories&post=12840"},{"taxonomy":"post_tag","embeddable":true,"href":"https:\/\/dobrezrodla.com\/index.php?rest_route=%2Fwp%2Fv2%2Ftags&post=12840"}],"curies":[{"name":"wp","href":"https:\/\/api.w.org\/{rel}","templated":true}]}}