{"id":12850,"date":"2025-12-22T17:32:43","date_gmt":"2025-12-22T17:32:43","guid":{"rendered":"https:\/\/dobrezrodla.com\/?p=12850"},"modified":"2025-12-22T17:32:44","modified_gmt":"2025-12-22T17:32:44","slug":"nawrocki-szykuje-rewolucyjny-projekt-ustawy-obietnica-zostanie-spelniona","status":"publish","type":"post","link":"https:\/\/dobrezrodla.com\/?p=12850","title":{"rendered":"Nawrocki szykuje rewolucyjny projekt ustawy. Obietnica zostanie spe\u0142niona"},"content":{"rendered":"\n<p>Prezydent Karol Nawrocki ponownie przyci\u0105ga uwag\u0119 opinii publicznej swoimi dzia\u0142aniami wobec g\u00f3rnictwa. Po podpisaniu ostatniej ustawy pojawi\u0142y si\u0119 g\u0142osy, \u017ce nie wszyscy pracownicy zostali potraktowani jednakowo. Teraz zapowiada kolejne kroki, kt\u00f3re maj\u0105 to zmieni\u0107.<\/p>\n\n\n\n<p>Nawrocki szykuje rewolucyjny projekt ustawy. Obietnica zostanie spe\u0142niona<br>Dlaczego nowelizacja ustawy o g\u00f3rnictwie jest potrzebna?<br>Prezydent Nawrocki potwierdza: projekt nowelizacji trafi do Sejmu<br>Nawrocki szykuje projekt ustawy<br>Prezydent Karol Nawrocki nie zamierza odk\u0142ada\u0107 w czasie kolejnych decyzji dotycz\u0105cych g\u00f3rnictwa. Po podpisaniu ostatniej ustawy o funkcjonowaniu sektora w\u0119gla kamiennego pojawi\u0142y si\u0119 g\u0142osy, \u017ce nie wszyscy g\u00f3rnicy zostali potraktowani jednakowo.<\/p>\n\n\n\n<p>Teraz prezydent zapowiada, \u017ce do Sejmu trafi projekt nowelizacji, kt\u00f3ry ma to zmieni\u0107. Co dok\u0142adnie szykuje i kiedy mo\u017cemy spodziewa\u0107 si\u0119 efekt\u00f3w? Wiele os\u00f3b zastanawia si\u0119, jak planowana zmiana wp\u0142ynie na ca\u0142y sektor. W tle nie brakuje komentarzy dotycz\u0105cych rzekomych trudno\u015bci formalnych, kt\u00f3re \u2013 zdaniem prezydenta \u2013 nie mog\u0105 sta\u0107 na przeszkodzie.<\/p>\n\n\n\n<p>W rozmowach ze stron\u0105 spo\u0142eczn\u0105 temat by\u0142 poruszany od samego pocz\u0105tku, a ka\u017cdy sygna\u0142 niedopatrzenia ma by\u0107 eliminowany. Ruch ten mo\u017ce mie\u0107 istotne znaczenie dla pracownik\u00f3w i dla gospodarki. Warto przyjrze\u0107 si\u0119 bli\u017cej kontekstowi tego projektu.<\/p>\n\n\n\n<p>Nawrocki szykuje rewolucyjny projekt ustawy. Obietnica zostanie spe\u0142niona<br>Karol Nawrocki, fot. KAPiF<br>Dlaczego nowelizacja ustawy o g\u00f3rnictwie jest potrzebna?<br>Ostatnia ustawa o funkcjonowaniu g\u00f3rnictwa w\u0119gla kamiennego spotka\u0142a si\u0119 z mieszanymi opiniami. Karol Rabenda w wpisie na portalu X z 22 grudnia podkre\u015bla:<\/p>\n\n\n\n<p>\u2013 Prezydent Karol Nawrocki przy podpisywaniu ustawy g\u00f3rniczej zwraca\u0142 uwag\u0119, \u017ce nie traktuje ona r\u00f3wno wszystkich g\u00f3rnik\u00f3w, dlatego zapowiedzia\u0142 z\u0142o\u017cenie nowelizacji tego prawa.<\/p>\n\n\n\n<p>Problem, na kt\u00f3ry zwracano uwag\u0119, dotyczy r\u00f3\u017cnic w traktowaniu pracownik\u00f3w jednej bran\u017cy, co w d\u0142u\u017cszej perspektywie mog\u0142oby prowadzi\u0107 do nier\u00f3wno\u015bci i konflikt\u00f3w.<\/p>\n\n\n\n<p>Rz\u0105d wskazywa\u0142 na formalne trudno\u015bci, ale prezydent okre\u015bli\u0142 to jako \u201etypowy niedasizm\u201d i ostrzeg\u0142, \u017ce nie mo\u017cna wprowadza\u0107 opinii publicznej w b\u0142\u0105d. Od pocz\u0105tku trwaj\u0105 konsultacje ze stron\u0105 spo\u0142eczn\u0105, kt\u00f3ra alarmowa\u0142a o mo\u017cliwych konsekwencjach niepe\u0142nego prawa.<\/p>\n\n\n\n<p>Ustawa sama w sobie jest wa\u017cnym elementem polityki gospodarczej, ale nie obejmuje wszystkich pracownik\u00f3w w jednakowy spos\u00f3b. Dla wielu obserwator\u00f3w by\u0142a to jasna wskaz\u00f3wka, \u017ce zmiany s\u0105 nieuniknione. Zapowied\u017a nowelizacji wywo\u0142a\u0142a zainteresowanie nie tylko w\u015br\u00f3d g\u00f3rnik\u00f3w, ale r\u00f3wnie\u017c w mediach i w\u015br\u00f3d polityk\u00f3w.<\/p>\n\n\n\n<p>&#x1f1f5;&#x1f1f1; Prezydent Karol Nawrocki przy podpisywaniu ustawy g\u00f3rniczej zwraca\u0142 uwag\u0119, \u017ce nie traktuje ona r\u00f3wno wszystkich g\u00f3rnik\u00f3w dlatego zapowiedzia\u0142 z\u0142o\u017cenie nowelizacji tego prawa.<\/p>\n\n\n\n<p>Obietnica ta, tak jak inne zostanie spe\u0142niona i wkr\u00f3tce do Sejmu trafi prezydencki projekt ustawy.\u2026 https:\/\/t.co\/mkpkFHNyPu<\/p>\n\n\n\n<p>\u2014 Karol Rabenda (@KarolRabenda) December 22, 2025<br>Prezydent Nawrocki potwierdza: projekt nowelizacji trafi do Sejmu<br>Wcze\u015bniejsze obawy o nier\u00f3wne traktowanie g\u00f3rnik\u00f3w znalaz\u0142y ju\u017c odpowied\u017a. Karol Rabenda przypomina w swoim wpisie z 15 grudnia:<\/p>\n\n\n\n<p>\u2013 Prezydent Karol Nawrocki tak jak obieca\u0142 g\u00f3rnikom podpisa\u0142 ustaw\u0119 o funkcjonowaniu g\u00f3rnictwa w\u0119gla kamiennego. To bardzo wa\u017cne nie tylko dla \u015al\u0105ska, ale r\u00f3wnie\u017c dla funkcjonowania strategicznego sektora gospodarki jakim jest g\u00f3rnictwo. Ustawa nie jest idealna, mamy tego \u015bwiadomo\u015b\u0107. Po rozmowach ze stron\u0105 spo\u0142eczn\u0105 Pan Prezydent podj\u0105\u0142 decyzj\u0119, \u017ce wyst\u0105pi z inicjatyw\u0105 zmiany tej ustawy, by obj\u0119\u0142a wszystkich g\u00f3rnik\u00f3w. Nie mo\u017cna doprowadzi\u0107 do sytuacji, gdzie pracownicy jednej bran\u017cy b\u0119d\u0105 r\u00f3\u017cnie traktowani w Polsce. Po pierwsze Polska, po pierwsze Polacy.<\/p>\n\n\n\n<p>Teraz wiadomo, \u017ce zapowiadany projekt nowelizacji wkr\u00f3tce trafi do Sejmu. Prezydent deklaruje, \u017ce wszystkie obietnice zostan\u0105 spe\u0142nione, a kwestie formalne nie b\u0119d\u0105 wym\u00f3wk\u0105 do odwlekania zmian. Dla g\u00f3rnik\u00f3w oznacza to r\u00f3wne traktowanie i wi\u0119ksz\u0105 pewno\u015b\u0107 zatrudnienia.<\/p>\n\n\n\n<p>Dla pa\u0144stwa to pr\u00f3ba uporz\u0105dkowania przepis\u00f3w w strategicznym sektorze gospodarki. Wkr\u00f3tce oka\u017ce si\u0119, jakie dok\u0142adnie poprawki zostan\u0105 wprowadzone i jak wp\u0142yn\u0105 na codzienn\u0105 prac\u0119 w kopalniach. Ten ruch pokazuje, \u017ce dialog ze stron\u0105 spo\u0142eczn\u0105 wci\u0105\u017c odgrywa kluczow\u0105 rol\u0119 w procesie legislacyjnym.<\/p>\n\n\n\n<p>&#x1f1f5;&#x1f1f1; Prezydent Karol @NawrockiKn tak jak obieca\u0142 g\u00f3rnikom podpisa\u0142 ustaw\u0119 o funkcjonowaniu g\u00f3rnictwa w\u0119gla kamiennego. To bardzo wa\u017cne nie tylko dla \u015al\u0105ska, ale r\u00f3wnie\u017c dla funkcjonowania strategicznego sektora gospodarki jakim jest g\u00f3rnictwo.<br>Ustawa nie jest idealna, mamy tego\u2026<\/p>\n","protected":false},"excerpt":{"rendered":"<p>Prezydent Karol Nawrocki ponownie przyci\u0105ga uwag\u0119 opinii publicznej swoimi dzia\u0142aniami wobec g\u00f3rnictwa. Po podpisaniu ostatniej ustawy pojawi\u0142y si\u0119 g\u0142osy, \u017ce nie wszyscy pracownicy zostali potraktowani jednakowo. Teraz zapowiada kolejne kroki, kt\u00f3re maj\u0105 to zmieni\u0107. Nawrocki szykuje rewolucyjny projekt ustawy. Obietnica zostanie spe\u0142nionaDlaczego nowelizacja ustawy o g\u00f3rnictwie jest potrzebna?Prezydent Nawrocki potwierdza: projekt nowelizacji trafi do SejmuNawrocki &#8230; <a title=\"Nawrocki szykuje rewolucyjny projekt ustawy. Obietnica zostanie spe\u0142niona\" class=\"read-more\" href=\"https:\/\/dobrezrodla.com\/?p=12850\" aria-label=\"Read more about Nawrocki szykuje rewolucyjny projekt ustawy. Obietnica zostanie spe\u0142niona\">Read more<\/a><\/p>\n","protected":false},"author":1,"featured_media":0,"comment_status":"open","ping_status":"open","sticky":false,"template":"","format":"standard","meta":{"footnotes":""},"categories":[1],"tags":[],"class_list":["post-12850","post","type-post","status-publish","format-standard","hentry","category-uncategorized"],"_links":{"self":[{"href":"https:\/\/dobrezrodla.com\/index.php?rest_route=\/wp\/v2\/posts\/12850","targetHints":{"allow":["GET"]}}],"collection":[{"href":"https:\/\/dobrezrodla.com\/index.php?rest_route=\/wp\/v2\/posts"}],"about":[{"href":"https:\/\/dobrezrodla.com\/index.php?rest_route=\/wp\/v2\/types\/post"}],"author":[{"embeddable":true,"href":"https:\/\/dobrezrodla.com\/index.php?rest_route=\/wp\/v2\/users\/1"}],"replies":[{"embeddable":true,"href":"https:\/\/dobrezrodla.com\/index.php?rest_route=%2Fwp%2Fv2%2Fcomments&post=12850"}],"version-history":[{"count":1,"href":"https:\/\/dobrezrodla.com\/index.php?rest_route=\/wp\/v2\/posts\/12850\/revisions"}],"predecessor-version":[{"id":12851,"href":"https:\/\/dobrezrodla.com\/index.php?rest_route=\/wp\/v2\/posts\/12850\/revisions\/12851"}],"wp:attachment":[{"href":"https:\/\/dobrezrodla.com\/index.php?rest_route=%2Fwp%2Fv2%2Fmedia&parent=12850"}],"wp:term":[{"taxonomy":"category","embeddable":true,"href":"https:\/\/dobrezrodla.com\/index.php?rest_route=%2Fwp%2Fv2%2Fcategories&post=12850"},{"taxonomy":"post_tag","embeddable":true,"href":"https:\/\/dobrezrodla.com\/index.php?rest_route=%2Fwp%2Fv2%2Ftags&post=12850"}],"curies":[{"name":"wp","href":"https:\/\/api.w.org\/{rel}","templated":true}]}}