{"id":12854,"date":"2025-12-22T17:34:20","date_gmt":"2025-12-22T17:34:20","guid":{"rendered":"https:\/\/dobrezrodla.com\/?p=12854"},"modified":"2025-12-22T17:34:21","modified_gmt":"2025-12-22T17:34:21","slug":"karol-nawrocki-w-wigilie-wyruszy-na-granice-z-bialorusia-ma-wazna-misje","status":"publish","type":"post","link":"https:\/\/dobrezrodla.com\/?p=12854","title":{"rendered":"Karol Nawrocki w wigili\u0119 wyruszy na granic\u0119 z Bia\u0142orusi\u0105. Ma wa\u017cn\u0105 misj\u0119"},"content":{"rendered":"\n<p>W Wigili\u0119 Bo\u017cego Narodzenia prezydent RP sp\u0119dzi czas na wschodniej granicy kraju. Kancelaria Prezydenta poinformowa\u0142a, \u017ce g\u0142owa pa\u0144stwa b\u0119dzie towarzyszy\u0107 \u017co\u0142nierzom i funkcjonariuszom pe\u0142ni\u0105cym s\u0142u\u017cb\u0119 na granicy z Bia\u0142orusi\u0105, podkre\u015blaj\u0105c znaczenie ich pracy dla bezpiecze\u0144stwa Polski.<\/p>\n\n\n\n<p>\u015awi\u0105teczna wizyta Karola Nawrockiego na granicy<br>Kim s\u0105 \u017co\u0142nierze Zgrupowania Zadaniowego \u201ePodlasie\u201d<br>Podzi\u0119kowania dla s\u0142u\u017cb strzeg\u0105cych bezpiecze\u0144stwa kraju<br>Wigilia Karola Nawrockiego<br>Informacja o planach prezydenta pojawi\u0142a si\u0119 na oficjalnym profilu Kancelarii Prezydenta RP. Rafa\u0142 Le\u015bkiewicz przekaza\u0142, \u017ce w Wigili\u0119 \u015awi\u0105t Bo\u017cego Narodzenia Prezydent Rzeczypospolitej Polskiej, Zwierzchnik Si\u0142 Zbrojnych Karol Nawrocki, uda si\u0119 na granic\u0119 polsko-bia\u0142orusk\u0105, by osobi\u015bcie spotka\u0107 si\u0119 z funkcjonariuszami pe\u0142ni\u0105cymi tam s\u0142u\u017cb\u0119.<\/p>\n\n\n\n<p>Zgodnie z komunikatem, prezydent b\u0119dzie towarzyszy\u0142 \u017co\u0142nierzom Zgrupowania Zadaniowego \u201ePodlasie\u201d, a tak\u017ce funkcjonariuszom Stra\u017cy Granicznej i Policji. Wizyta ma odby\u0107 si\u0119 w trakcie realizowania przez nich bie\u017c\u0105cych zada\u0144 operacyjnych, kt\u00f3re zwi\u0105zane s\u0105 z ochron\u0105 granicy pa\u0144stwowej i reagowaniem na pojawiaj\u0105ce si\u0119 zagro\u017cenia.<\/p>\n\n\n\n<p>S\u0142u\u017cba nawet w \u015bwi\u0119ta<br>Zgrupowanie Zadaniowe \u201ePodlasie\u201d od d\u0142u\u017cszego czasu wspiera Stra\u017c Graniczn\u0105 w zabezpieczaniu wschodniej granicy Polski. \u017bo\u0142nierze Wojska Polskiego dzia\u0142aj\u0105 tam w trudnych warunkach, cz\u0119sto w okresach \u015bwi\u0105tecznych i z dala od swoich rodzin. Ich obecno\u015b\u0107 jest jednym z kluczowych element\u00f3w systemu bezpiecze\u0144stwa pa\u0144stwa.<\/p>\n\n\n\n<p>W opublikowanym wpisie podkre\u015blono, \u017ce s\u0142u\u017cba pe\u0142niona przez \u017co\u0142nierzy i funkcjonariuszy zas\u0142uguje na szczeg\u00f3lny szacunek. Rafa\u0142 Le\u015bkiewicz zaznaczy\u0142, \u017ce s\u0105 to osoby wykonuj\u0105ce swoje obowi\u0105zki z du\u017cym po\u015bwi\u0119ceniem i odpowiedzialno\u015bci\u0105, dbaj\u0105c o bezpiecze\u0144stwo obywateli oraz integralno\u015b\u0107 granic Rzeczypospolitej.<\/p>\n\n\n\n<p>Uk\u0142on w stron\u0119 funkcjonariuszy<br>\u015awi\u0105teczna wizyta prezydenta ma mie\u0107 przede wszystkim symboliczny charakter. To gest wsparcia i solidarno\u015bci z tymi, kt\u00f3rzy w czasie, gdy wi\u0119kszo\u015b\u0107 Polak\u00f3w zasiada przy wigilijnym stole, pe\u0142ni\u0105 s\u0142u\u017cb\u0119 w terenie. Obecno\u015b\u0107 g\u0142owy pa\u0144stwa ma by\u0107 tak\u017ce form\u0105 osobistego podzi\u0119kowania za ich codzienn\u0105 prac\u0119.<\/p>\n\n\n\n<p>Granica polsko-bia\u0142oruska od kilku lat pozostaje miejscem wzmo\u017conych dzia\u0142a\u0144 s\u0142u\u017cb mundurowych. Wizyta prezydenta w Wigili\u0119 ma zwr\u00f3ci\u0107 uwag\u0119 opinii publicznej na znaczenie tej s\u0142u\u017cby oraz podkre\u015bli\u0107, \u017ce bezpiecze\u0144stwo kraju pozostaje jednym z najwa\u017cniejszych priorytet\u00f3w w\u0142adz pa\u0144stwowych, niezale\u017cnie od pory roku czy \u015bwi\u0105tecznego czasu.<\/p>\n\n\n\n<p>W Wigili\u0119 \u015awi\u0105t Bo\u017cego Narodzenia Prezydent RP, Zwierzchnik Si\u0142 Zbrojnych Karol Nawrocki b\u0119dzie towarzyszy\u0142 \u017co\u0142nierzom Zgrupowania Zadaniowego \u201ePodlasie\u201d, funkcjonariuszom Stra\u017cy Granicznej i Policji w czasie wykonywania przez nich zada\u0144 operacyjnych na granicy RP z Bia\u0142orusi\u0105.\u2026<\/p>\n\n\n\n<p>\u2014 Rafa\u0142 Le\u015bkiewicz (@LeskiewiczRafa) December 22, 2025<\/p>\n","protected":false},"excerpt":{"rendered":"<p>W Wigili\u0119 Bo\u017cego Narodzenia prezydent RP sp\u0119dzi czas na wschodniej granicy kraju. Kancelaria Prezydenta poinformowa\u0142a, \u017ce g\u0142owa pa\u0144stwa b\u0119dzie towarzyszy\u0107 \u017co\u0142nierzom i funkcjonariuszom pe\u0142ni\u0105cym s\u0142u\u017cb\u0119 na granicy z Bia\u0142orusi\u0105, podkre\u015blaj\u0105c znaczenie ich pracy dla bezpiecze\u0144stwa Polski. \u015awi\u0105teczna wizyta Karola Nawrockiego na granicyKim s\u0105 \u017co\u0142nierze Zgrupowania Zadaniowego \u201ePodlasie\u201dPodzi\u0119kowania dla s\u0142u\u017cb strzeg\u0105cych bezpiecze\u0144stwa krajuWigilia Karola NawrockiegoInformacja o &#8230; <a title=\"Karol Nawrocki w wigili\u0119 wyruszy na granic\u0119 z Bia\u0142orusi\u0105. Ma wa\u017cn\u0105 misj\u0119\" class=\"read-more\" href=\"https:\/\/dobrezrodla.com\/?p=12854\" aria-label=\"Read more about Karol Nawrocki w wigili\u0119 wyruszy na granic\u0119 z Bia\u0142orusi\u0105. Ma wa\u017cn\u0105 misj\u0119\">Read more<\/a><\/p>\n","protected":false},"author":1,"featured_media":0,"comment_status":"open","ping_status":"open","sticky":false,"template":"","format":"standard","meta":{"footnotes":""},"categories":[1],"tags":[],"class_list":["post-12854","post","type-post","status-publish","format-standard","hentry","category-uncategorized"],"_links":{"self":[{"href":"https:\/\/dobrezrodla.com\/index.php?rest_route=\/wp\/v2\/posts\/12854","targetHints":{"allow":["GET"]}}],"collection":[{"href":"https:\/\/dobrezrodla.com\/index.php?rest_route=\/wp\/v2\/posts"}],"about":[{"href":"https:\/\/dobrezrodla.com\/index.php?rest_route=\/wp\/v2\/types\/post"}],"author":[{"embeddable":true,"href":"https:\/\/dobrezrodla.com\/index.php?rest_route=\/wp\/v2\/users\/1"}],"replies":[{"embeddable":true,"href":"https:\/\/dobrezrodla.com\/index.php?rest_route=%2Fwp%2Fv2%2Fcomments&post=12854"}],"version-history":[{"count":1,"href":"https:\/\/dobrezrodla.com\/index.php?rest_route=\/wp\/v2\/posts\/12854\/revisions"}],"predecessor-version":[{"id":12855,"href":"https:\/\/dobrezrodla.com\/index.php?rest_route=\/wp\/v2\/posts\/12854\/revisions\/12855"}],"wp:attachment":[{"href":"https:\/\/dobrezrodla.com\/index.php?rest_route=%2Fwp%2Fv2%2Fmedia&parent=12854"}],"wp:term":[{"taxonomy":"category","embeddable":true,"href":"https:\/\/dobrezrodla.com\/index.php?rest_route=%2Fwp%2Fv2%2Fcategories&post=12854"},{"taxonomy":"post_tag","embeddable":true,"href":"https:\/\/dobrezrodla.com\/index.php?rest_route=%2Fwp%2Fv2%2Ftags&post=12854"}],"curies":[{"name":"wp","href":"https:\/\/api.w.org\/{rel}","templated":true}]}}