{"id":12856,"date":"2025-12-22T17:35:23","date_gmt":"2025-12-22T17:35:23","guid":{"rendered":"https:\/\/dobrezrodla.com\/?p=12856"},"modified":"2025-12-22T17:35:24","modified_gmt":"2025-12-22T17:35:24","slug":"z-ostatniej-chwili-jest-akt-oskarzenia-przeciwko-obajtkowi","status":"publish","type":"post","link":"https:\/\/dobrezrodla.com\/?p=12856","title":{"rendered":"Z ostatniej chwili: Jest akt oskar\u017cenia przeciwko Obajtkowi"},"content":{"rendered":"\n<p>Sprawa, kt\u00f3ra od miesi\u0119cy kr\u0105\u017cy\u0142a w kuluarach, wesz\u0142a w now\u0105 faz\u0119. Tym razem nie chodzi ju\u017c o spekulacje ani polityczne komentarze, ale o konkretne decyzje procesowe. Prokuratura wykona\u0142a ruch, kt\u00f3ry mo\u017ce mie\u0107 realne konsekwencje dla jednego z najbardziej rozpoznawalnych mened\u017cer\u00f3w ostatnich lat.<\/p>\n\n\n\n<p>Akt oskar\u017cenia wobec Daniela Obajtka<br>Umowy detektywistyczne Orlenu pod lup\u0105 prokuratury<br>Zarzuty wobec Obajtka i jego stanowisko<br>Akt oskar\u017cenia wobec Daniela Obajtka. Prokuratura stawia zarzuty ws. um\u00f3w detektywistycznych Orlenu<br>Prokuratura poinformowa\u0142a o skierowaniu aktu oskar\u017cenia przeciwko kilku osobom w zwi\u0105zku z dzia\u0142alno\u015bci\u0105 sp\u00f3\u0142ki Orlen S.A., w tym przeciwko jej by\u0142emu prezesowi Danielowi Obajtkowi. Sprawa dotyczy um\u00f3w zawieranych przez koncern na \u015bwiadczenie us\u0142ug detektywistycznych i jest kolejnym etapem post\u0119powania prowadzonego przez organy \u015bcigania w tej sprawie.<\/p>\n\n\n\n<p>Decyzja o wniesieniu aktu oskar\u017cenia poprzedzona by\u0142a wcze\u015bniejszymi dzia\u0142aniami formalnymi wobec Obajtka. Chodzi o wniosek o uchylenie immunitetu, kt\u00f3ry 19 grudnia 2024 roku trafi\u0142 do Parlamentu Europejskiego. Dokument zosta\u0142 z\u0142o\u017cony przez \u00f3wczesnego ministra sprawiedliwo\u015bci i prokuratora generalnego Adama Bodnara. W momencie skierowania wniosku Daniel Obajtek posiada\u0142 ju\u017c mandat europos\u0142a Prawa i Sprawiedliwo\u015bci, co wymaga\u0142o zastosowania procedur przewidzianych dla os\u00f3b obj\u0119tych immunitetem.<\/p>\n\n\n\n<p>Post\u0119powanie prokuratury dotyczy podejrze\u0144 zwi\u0105zanych z niedope\u0142nieniem obowi\u0105zk\u00f3w s\u0142u\u017cbowych oraz ewentualnym przekroczeniem uprawnie\u0144. Wed\u0142ug \u015bledczych dzia\u0142ania te mog\u0142y mie\u0107 na celu osi\u0105gni\u0119cie korzy\u015bci osobistej.<\/p>\n\n\n\n<p>Z ostatniej chwili: Jest akt oskar\u017cenia przeciwko Obajtkowi<br>policja, fot. Canva<br>Umowy detektywistyczne Orlenu pod lup\u0105 prokuratury<br>Jak informowa\u0142a w grudniu Prokuratura Generalna, prowadzone \u015bledztwo koncentruje si\u0119 na dw\u00f3ch umowach zawartych przez sp\u00f3\u0142k\u0119 Orlen. Dotyczy\u0142y one \u015bwiadczenia us\u0142ug detektywistycznych i zosta\u0142y podpisane z firm\u0105, kt\u00f3ra \u2013 jak wynika z ustale\u0144 \u015bledczych \u2013 zosta\u0142a wskazana bezpo\u015brednio przez \u00f3wczesnego prezesa sp\u00f3\u0142ki, Daniela Obajtka.<\/p>\n\n\n\n<p>Z informacji przekazywanych przez prokuratur\u0119 wynika, \u017ce wyb\u00f3r tego podmiotu nie by\u0142 przypadkowy. Wcze\u015bniej ta sama firma realizowa\u0142a bowiem zlecenia zwi\u0105zane z osobist\u0105 ochron\u0105 Daniela Obajtka. Zakres tych us\u0142ug obejmowa\u0142 nie tylko jego bezpiecze\u0144stwo osobiste, ale r\u00f3wnie\u017c ochron\u0119 nale\u017c\u0105cego do niego maj\u0105tku.<\/p>\n\n\n\n<p>\u015aledczy skupili si\u0119 na sprawdzeniu, czy w opisanej sytuacji mog\u0142o doj\u015b\u0107 do konfliktu interes\u00f3w. Prokuratura bada\u0142a tak\u017ce, czy decyzje podejmowane w imieniu pa\u0144stwowej sp\u00f3\u0142ki mia\u0142y realne i uzasadnione podstawy biznesowe oraz czy by\u0142y zgodne z obowi\u0105zuj\u0105cymi procedurami. W ramach prowadzonego \u015bledztwa 12 listopada Daniel Obajtek us\u0142ysza\u0142 zarzuty.<\/p>\n\n\n\n<p>Daniel Obajtek odpowiada na zarzuty. Sprawa trafi do s\u0105du<br>Po wyj\u015bciu z prokuratury 12 listopada Daniel Obajtek publicznie odni\u00f3s\u0142 si\u0119 do przedstawionych mu zarzut\u00f3w. By\u0142y prezes Orlenu jednoznacznie zaprezentowa\u0142 swoje stanowisko, podkre\u015blaj\u0105c, \u017ce nie zgadza si\u0119 z ocen\u0105 \u015bledczych i nie widzi podstaw do stawianych mu zarzut\u00f3w. W kr\u00f3tkim wyst\u0105pieniu zaznaczy\u0142, \u017ce w toku czynno\u015bci procesowych nie przyzna\u0142 si\u0119 do winy i konsekwentnie podtrzymuje swoje dotychczasowe stanowisko.<\/p>\n\n\n\n<p>\u2013 Nie przyzna\u0142em si\u0119 do winy. Broni\u0142em interes\u00f3w koncernu. Wys\u0142ucha\u0142em tego, co mia\u0142em wys\u0142ucha\u0107 i generalnie nie zgadzam si\u0119 z opini\u0105 prokuratury, decyzj\u0105 w tym zakresie. (\u2026) B\u0119d\u0119 si\u0119 broni\u0142, dochodzi\u0142 swoich praw \u2013 powiedzia\u0142 Obajtek.<\/p>\n\n\n\n<p>Tymi s\u0142owami zakwestionowa\u0142 ustalenia organ\u00f3w \u015bcigania, podkre\u015blaj\u0105c, \u017ce wszystkie podejmowane przez niego dzia\u0142ania mia\u0142y s\u0142u\u017cy\u0107 dobru sp\u00f3\u0142ki, a nie realizacji prywatnych interes\u00f3w.<\/p>\n\n\n\n<p>Jednocze\u015bnie by\u0142y prezes Orlenu zapowiedzia\u0142 aktywn\u0105 obron\u0119 w dalszym toku post\u0119powania. Skierowanie aktu oskar\u017cenia do s\u0105du oznacza bowiem, \u017ce sprawa wchodzi w kolejny, kluczowy etap. To przed s\u0105dem rozstrzygni\u0119te zostanie, czy zawarcie um\u00f3w detektywistycznych rzeczywi\u015bcie narusza\u0142o obowi\u0105zuj\u0105ce przepisy prawa. Wynik post\u0119powania mo\u017ce mie\u0107 znaczenie nie tylko dla odpowiedzialno\u015bci samego Daniela Obajtka, lecz tak\u017ce dla szerszej debaty dotycz\u0105cej standard\u00f3w zarz\u0105dzania i nadzoru w sp\u00f3\u0142kach z udzia\u0142em Skarbu Pa\u0144stwa.<\/p>\n\n\n\n<p>Z ostatniej chwili: Jest akt oskar\u017cenia przeciwko Obajtkowi<\/p>\n","protected":false},"excerpt":{"rendered":"<p>Sprawa, kt\u00f3ra od miesi\u0119cy kr\u0105\u017cy\u0142a w kuluarach, wesz\u0142a w now\u0105 faz\u0119. Tym razem nie chodzi ju\u017c o spekulacje ani polityczne komentarze, ale o konkretne decyzje procesowe. Prokuratura wykona\u0142a ruch, kt\u00f3ry mo\u017ce mie\u0107 realne konsekwencje dla jednego z najbardziej rozpoznawalnych mened\u017cer\u00f3w ostatnich lat. Akt oskar\u017cenia wobec Daniela ObajtkaUmowy detektywistyczne Orlenu pod lup\u0105 prokuraturyZarzuty wobec Obajtka i &#8230; <a title=\"Z ostatniej chwili: Jest akt oskar\u017cenia przeciwko Obajtkowi\" class=\"read-more\" href=\"https:\/\/dobrezrodla.com\/?p=12856\" aria-label=\"Read more about Z ostatniej chwili: Jest akt oskar\u017cenia przeciwko Obajtkowi\">Read more<\/a><\/p>\n","protected":false},"author":1,"featured_media":0,"comment_status":"open","ping_status":"open","sticky":false,"template":"","format":"standard","meta":{"footnotes":""},"categories":[1],"tags":[],"class_list":["post-12856","post","type-post","status-publish","format-standard","hentry","category-uncategorized"],"_links":{"self":[{"href":"https:\/\/dobrezrodla.com\/index.php?rest_route=\/wp\/v2\/posts\/12856","targetHints":{"allow":["GET"]}}],"collection":[{"href":"https:\/\/dobrezrodla.com\/index.php?rest_route=\/wp\/v2\/posts"}],"about":[{"href":"https:\/\/dobrezrodla.com\/index.php?rest_route=\/wp\/v2\/types\/post"}],"author":[{"embeddable":true,"href":"https:\/\/dobrezrodla.com\/index.php?rest_route=\/wp\/v2\/users\/1"}],"replies":[{"embeddable":true,"href":"https:\/\/dobrezrodla.com\/index.php?rest_route=%2Fwp%2Fv2%2Fcomments&post=12856"}],"version-history":[{"count":1,"href":"https:\/\/dobrezrodla.com\/index.php?rest_route=\/wp\/v2\/posts\/12856\/revisions"}],"predecessor-version":[{"id":12857,"href":"https:\/\/dobrezrodla.com\/index.php?rest_route=\/wp\/v2\/posts\/12856\/revisions\/12857"}],"wp:attachment":[{"href":"https:\/\/dobrezrodla.com\/index.php?rest_route=%2Fwp%2Fv2%2Fmedia&parent=12856"}],"wp:term":[{"taxonomy":"category","embeddable":true,"href":"https:\/\/dobrezrodla.com\/index.php?rest_route=%2Fwp%2Fv2%2Fcategories&post=12856"},{"taxonomy":"post_tag","embeddable":true,"href":"https:\/\/dobrezrodla.com\/index.php?rest_route=%2Fwp%2Fv2%2Ftags&post=12856"}],"curies":[{"name":"wp","href":"https:\/\/api.w.org\/{rel}","templated":true}]}}