{"id":12858,"date":"2025-12-22T17:36:22","date_gmt":"2025-12-22T17:36:22","guid":{"rendered":"https:\/\/dobrezrodla.com\/?p=12858"},"modified":"2025-12-22T17:36:22","modified_gmt":"2025-12-22T17:36:22","slug":"list-ksiedza-do-karola-nawrockiego-wlasnie-obiegl-polske","status":"publish","type":"post","link":"https:\/\/dobrezrodla.com\/?p=12858","title":{"rendered":"List ksi\u0119dza do Karola Nawrockiego w\u0142a\u015bnie obieg\u0142 Polsk\u0119"},"content":{"rendered":"\n<p>Gdy wieloletnie rytua\u0142y ulegaj\u0105 nag\u0142ej zmianie, zawsze rodz\u0105 si\u0119 pytania o fundamenty wsp\u00f3lnoty. Decyzja g\u0142owy pa\u0144stwa o zaniechaniu symbolicznego gestu wobec spo\u0142eczno\u015bci \u017cydowskiej wywo\u0142a\u0142a fal\u0119 komentarzy, si\u0119gaj\u0105cych g\u0142\u0119biej ni\u017c tylko do kwestii protoko\u0142u. W tej w\u0142a\u015bnie sprawie ks. prof. Alfred Marek Wierzbicki z Katedry Etyki UMCS opublikowa\u0142 list otwarty do Prezydenta RP.<\/p>\n\n\n\n<p>Koniec pa\u0142acowej tradycji<br>W tym roku w Pa\u0142acu Prezydenckim nie zap\u0142on\u0105 \u015bwiece chanukowe, co stanowi wyra\u017any koniec wieloletniej praktyki kultywowanej w tym miejscu. Prezydent Karol Nawrocki zdecydowa\u0142 o przerwaniu tej d\u0142ugoletniej tradycji, a jego postanowienie wywo\u0142a\u0142o w ostatnich dniach szeroki rozg\u0142os. Nag\u0142a rezygnacja z ugruntowanego obyczaju sta\u0142a si\u0119 faktem w\u0142a\u015bnie teraz, zmieniaj\u0105c dotychczasowy porz\u0105dek symboliczny.<\/p>\n\n\n\n<p>Uzasadnienie tego kroku pad\u0142o w rozmowie z dziennikarzami. W wywiadzie dla stacji RMF FM Prezydent Nawrocki wyja\u015bni\u0142, \u017ce podejmuj\u0105c tak\u0105 decyzj\u0119, kierowa\u0142by si\u0119 przede wszystkim \u201epowa\u017cnym traktowaniem warto\u015bci chrze\u015bcija\u0144skich\u201d.<\/p>\n\n\n\n<p>List otwarty do Karola Nawrockiego<br>Na te wydarzenia zareagowa\u0142 ks. prof. Alfred Marek Wierzbicki z Katedry Etyki UMCS, kieruj\u0105c do prezydenta Karola Nawrockiego list otwarty. Duchowny nie ukrywa\u0142 w nim swoich emocji, pisz\u0105c wprost o odczuwanym \u201esmutku\u201d oraz \u201ekonsternacji\u201d. Podkre\u015bli\u0142, \u017ce gest zapalania \u015bwiec ma wielkie znaczenie dla \u017byd\u00f3w \u017cyj\u0105cych w diasporze, dla kt\u00f3rych \u017cyczliwo\u015b\u0107 ze strony G\u0142owy Pa\u0144stwa \u2013 kt\u00f3rego s\u0105 obywatelami \u2013 stanowi istotny wyraz afirmacji ich kultury.<\/p>\n\n\n\n<p>Etyk zwr\u00f3ci\u0142 uwag\u0119 na rol\u0119 prezydenta jako \u201epierwszego obywatela\u201d, kt\u00f3ry ma obowi\u0105zek s\u0142u\u017cy\u0107 dobru wsp\u00f3lnemu i uwzgl\u0119dnia\u0107 przekonania wszystkich cz\u0142onk\u00f3w spo\u0142ecze\u0144stwa. Zdaniem autora listu, w\u0142asne przekonania i zwyczaje religijne nie ponosz\u0105 przy tym \u017cadnego uszczerbku, a wr\u0119cz przeciwnie \u2013 wykazuj\u0105 one zdolno\u015b\u0107 do budowania wsp\u00f3lnoty w r\u00f3\u017cnorodno\u015bci.<\/p>\n\n\n\n<p>Wierzbicki w swojej argumentacji odwo\u0142a\u0142 si\u0119 do autorytetu papieskiego, przywo\u0142uj\u0105c s\u0142owa Jana Paw\u0142a II. Przypomnia\u0142, \u017ce polski papie\u017c nazywa\u0142 \u017byd\u00f3w \u201estarszymi bra\u0107mi w wierze\u201d, co stoi w sprzeczno\u015bci z sugerowan\u0105 przez prezydenck\u0105 decyzj\u0119 rzekom\u0105 obco\u015bci\u0105 mi\u0119dzy chrze\u015bcija\u0144stwem a judaizmem.<\/p>\n\n\n\n<p>Teologiczny wymiar gestu<br>Ksi\u0105dz profesor zdecydowanie odrzuci\u0142 tez\u0119, jakoby udzia\u0142 w uroczysto\u015bciach innej wiary stanowi\u0142 problem doktrynalny. W li\u015bcie otwartym argumentuje on, \u017ce obchodzenie \u015bwi\u0119ta \u017cydowskiego przez prezydenta katolika \u201enie k\u0142\u00f3ci si\u0119 w \u017caden spos\u00f3b z chrze\u015bcija\u0144stwem\u201d. Taka postawa nie tylko nie narusza to\u017csamo\u015bci religijnej, ale pozwala na g\u0142\u0119bsze zrozumienie w\u0142asnych korzeni.<\/p>\n\n\n\n<p>Stanowisko duchownego jest pr\u00f3b\u0105 zanegowania \u201erzekomej obco\u015bci mi\u0119dzy chrze\u015bcija\u0144stwem a judaizmem\u201d, kt\u00f3r\u0105 zdaje si\u0119 implikowa\u0107 niedawna decyzja Prezydenta Nawrockiego. Etyk wskazuje na nierozerwalne wi\u0119zi \u0142\u0105cz\u0105ce obie tradycje, kt\u00f3re wykluczaj\u0105 traktowanie ich jako byt\u00f3w wrogich lub ca\u0142kowicie odr\u0119bnych.<\/p>\n\n\n\n<p>Argumentacja ta zosta\u0142a szczeg\u00f3\u0142owo poparta nauczaniem \u015bw. Jana Paw\u0142a II, do kt\u00f3rego Wierzbicki nawi\u0105zuje bezpo\u015brednio w swoim li\u015bcie. Papie\u017c, rozwijaj\u0105c my\u015bl soborow\u0105, g\u0142osi\u0142 zasad\u0119: \u201eKto spotyka Jezusa, spotyka judaizm\u201d. Dodawa\u0142 r\u00f3wnie\u017c, \u017ce judaizm jest dla chrze\u015bcijan religi\u0105 wewn\u0119trzn\u0105, co oznacza relacje wyj\u0105tkowo bliskie, wr\u0119cz rodzinne. W konsekwencji ks. prof. Wierzbicki stawia tez\u0119, \u017ce nie mo\u017cna m\u00f3wi\u0107 o dojrza\u0142ej i pe\u0142nej to\u017csamo\u015bci chrze\u015bcija\u0144skiej bez uznania \u017cydowsko\u015bci Jezusa oraz kluczowego znaczenia judaizmu dla tre\u015bci samego chrze\u015bcija\u0144stwa.<\/p>\n\n\n\n<p>Krytyka rozumienia warto\u015bci<br>Reakcja etyka na s\u0142owa wypowiedziane przez polityka by\u0142a natychmiastowa i ostra. Ks. prof. Alfred Marek Wierzbicki przyzna\u0142, \u017ce bol\u0105 go s\u0142owa Karola Nawrockiego z rozmowy w RMF FM i odni\u00f3s\u0142 si\u0119 bezpo\u015brednio do tej ostatniej decyzji. Duchowny oceni\u0142 prezentowane przez prezydenta rozumienie warto\u015bci chrze\u015bcija\u0144skich jako \u201eb\u0142\u0119dne, a nawet bardzo szkodliwe\u201d, co wyrazi\u0142 ju\u017c na wst\u0119pie swojego listu, pisz\u0105c o towarzysz\u0105cym mu poczuciu konsternacji i smutku.<\/p>\n\n\n\n<p>Wierzbicki kontruje prezydenck\u0105 wizj\u0119, wskazuj\u0105c na szerszy kontekst sprawowania urz\u0119du. Argumentuje, \u017ce prezydent jako \u201epierwszy obywatel\u201d jest zobowi\u0105zany do s\u0142u\u017cby dobru wsp\u00f3lnemu, a jego dzia\u0142ania nie mog\u0105 by\u0107 wyrazem wy\u0142\u0105cznie prywatnych przekona\u0144, lecz musz\u0105 kategorycznie uwzgl\u0119dnia\u0107 wra\u017cliwo\u015b\u0107 wszystkich obywateli.<\/p>\n\n\n\n<p>Krytyka ta przybiera w finale form\u0119 g\u0142\u0119bokiej troski o kondycj\u0119 moraln\u0105 g\u0142owy pa\u0144stwa. List zawiera pytanie wyra\u017caj\u0105ce \u201echrze\u015bcija\u0144skie zaniepokojenie, co si\u0119 dzieje w duszy Prezydenta\u201d, co stanowi klamr\u0119 dla rozwa\u017ca\u0144 nad duchowym wymiarem tej politycznej decyzji.<\/p>\n","protected":false},"excerpt":{"rendered":"<p>Gdy wieloletnie rytua\u0142y ulegaj\u0105 nag\u0142ej zmianie, zawsze rodz\u0105 si\u0119 pytania o fundamenty wsp\u00f3lnoty. Decyzja g\u0142owy pa\u0144stwa o zaniechaniu symbolicznego gestu wobec spo\u0142eczno\u015bci \u017cydowskiej wywo\u0142a\u0142a fal\u0119 komentarzy, si\u0119gaj\u0105cych g\u0142\u0119biej ni\u017c tylko do kwestii protoko\u0142u. W tej w\u0142a\u015bnie sprawie ks. prof. Alfred Marek Wierzbicki z Katedry Etyki UMCS opublikowa\u0142 list otwarty do Prezydenta RP. Koniec pa\u0142acowej tradycjiW &#8230; <a title=\"List ksi\u0119dza do Karola Nawrockiego w\u0142a\u015bnie obieg\u0142 Polsk\u0119\" class=\"read-more\" href=\"https:\/\/dobrezrodla.com\/?p=12858\" aria-label=\"Read more about List ksi\u0119dza do Karola Nawrockiego w\u0142a\u015bnie obieg\u0142 Polsk\u0119\">Read more<\/a><\/p>\n","protected":false},"author":1,"featured_media":0,"comment_status":"open","ping_status":"open","sticky":false,"template":"","format":"standard","meta":{"footnotes":""},"categories":[1],"tags":[],"class_list":["post-12858","post","type-post","status-publish","format-standard","hentry","category-uncategorized"],"_links":{"self":[{"href":"https:\/\/dobrezrodla.com\/index.php?rest_route=\/wp\/v2\/posts\/12858","targetHints":{"allow":["GET"]}}],"collection":[{"href":"https:\/\/dobrezrodla.com\/index.php?rest_route=\/wp\/v2\/posts"}],"about":[{"href":"https:\/\/dobrezrodla.com\/index.php?rest_route=\/wp\/v2\/types\/post"}],"author":[{"embeddable":true,"href":"https:\/\/dobrezrodla.com\/index.php?rest_route=\/wp\/v2\/users\/1"}],"replies":[{"embeddable":true,"href":"https:\/\/dobrezrodla.com\/index.php?rest_route=%2Fwp%2Fv2%2Fcomments&post=12858"}],"version-history":[{"count":1,"href":"https:\/\/dobrezrodla.com\/index.php?rest_route=\/wp\/v2\/posts\/12858\/revisions"}],"predecessor-version":[{"id":12859,"href":"https:\/\/dobrezrodla.com\/index.php?rest_route=\/wp\/v2\/posts\/12858\/revisions\/12859"}],"wp:attachment":[{"href":"https:\/\/dobrezrodla.com\/index.php?rest_route=%2Fwp%2Fv2%2Fmedia&parent=12858"}],"wp:term":[{"taxonomy":"category","embeddable":true,"href":"https:\/\/dobrezrodla.com\/index.php?rest_route=%2Fwp%2Fv2%2Fcategories&post=12858"},{"taxonomy":"post_tag","embeddable":true,"href":"https:\/\/dobrezrodla.com\/index.php?rest_route=%2Fwp%2Fv2%2Ftags&post=12858"}],"curies":[{"name":"wp","href":"https:\/\/api.w.org\/{rel}","templated":true}]}}