{"id":12860,"date":"2025-12-22T17:37:18","date_gmt":"2025-12-22T17:37:18","guid":{"rendered":"https:\/\/dobrezrodla.com\/?p=12860"},"modified":"2025-12-22T17:37:19","modified_gmt":"2025-12-22T17:37:19","slug":"zamach-w-moskwie-nie-zyje-general-fanil-sarwarow-kluczowy-czlowiek-putina","status":"publish","type":"post","link":"https:\/\/dobrezrodla.com\/?p=12860","title":{"rendered":"Zamach w Moskwie: Nie \u017cyje genera\u0142 Fanil Sarwarow, kluczowy cz\u0142owiek Putina"},"content":{"rendered":"\n<p>Rosyjski genera\u0142 Fanil Sarwarow nie \u017cyje w wyniku porannego zamachu bombowego w stolicy Rosji. Jak informuj\u0105 \u017ar\u00f3d\u0142a takie jak serwis NEXTA oraz dziennikarz \u0141ukasz Bok, pod samochodem wysokiej rangi oficera Sztabu Generalnego zdetonowano \u0142adunek wybuchowy. Cho\u0107 pierwsze komunikaty m\u00f3wi\u0142y o stanie krytycznym, rosyjski Komitet \u015aledczy oficjalnie potwierdzi\u0142, \u017ce wojskowy zmar\u0142 w wyniku odniesionych obra\u017ce\u0144.<\/p>\n\n\n\n<ul class=\"wp-block-list\">\n<li>Eksplozja na osiedlu mieszkaniowym<\/li>\n\n\n\n<li>Kluczowa posta\u0107 rosyjskiego Sztabu Generalnego<\/li>\n\n\n\n<li>Od stanu krytycznego do potwierdzenia zgonu<\/li>\n\n\n\n<li>\u015aledztwo pod k\u0105tem udzia\u0142u s\u0142u\u017cb specjalnych<\/li>\n<\/ul>\n\n\n\n<h2 class=\"wp-block-heading\">Eksplozja na osiedlu mieszkaniowym<\/h2>\n\n\n\n<p>Do ataku dosz\u0142o w poniedzia\u0142ek, 22 grudnia 2025 roku, oko\u0142o godziny 7:00 rano na po\u0142udniu Moskwy. Improwizowany \u0142adunek wybuchowy (IED) zosta\u0142 umieszczony pod podwoziem bia\u0142ej Kii Sorento, na wysoko\u015bci fotela kierowcy. Eksplozja nast\u0105pi\u0142a zaledwie kilka sekund po tym, jak 56-letni genera\u0142 wsiad\u0142 do pojazdu i ruszy\u0142 z miejsca parkingowego.<\/p>\n\n\n\n<p><\/p>\n\n\n\n<h2 class=\"wp-block-heading\">Kluczowa posta\u0107 rosyjskiego Sztabu Generalnego<\/h2>\n\n\n\n<p>Fanil Sarwarow zajmowa\u0142 eksponowane stanowisko szefa wydzia\u0142u szkolenia operacyjnego Sztabu Generalnego Si\u0142 Zbrojnych Federacji Rosyjskiej. By\u0142 do\u015bwiadczonym oficerem, weteranem wojen w Czeczenii oraz operacji w Syrii. Jako wysoki rang\u0105 dow\u00f3dca bra\u0142 r\u00f3wnie\u017c bezpo\u015bredni udzia\u0142 w koordynowaniu dzia\u0142a\u0144 podczas pe\u0142noskalowej inwazji na Ukrain\u0119.<\/p>\n\n\n\n<h2 class=\"wp-block-heading\">Od stanu krytycznego do potwierdzenia zgonu<\/h2>\n\n\n\n<p>Pocz\u0105tkowe doniesienia medialne by\u0142y rozbie\u017cne. Serwis NEXTA raportowa\u0142, \u017ce genera\u0142 w stanie skrajnie krytycznym trafi\u0142 do szpitala z licznymi z\u0142amaniami i ranami od\u0142amkowymi. Jednocze\u015bnie \u0141ukasz Bok niemal natychmiast przekaza\u0142 informacj\u0119 o \u015bmierci wojskowego. Ostatecznie rosyjskie s\u0142u\u017cby \u015bledcze potwierdzi\u0142y, \u017ce mimo udzielonej pomocy medycznej, Sarwarow zmar\u0142 w plac\u00f3wce szpitalnej.<\/p>\n\n\n\n<h2 class=\"wp-block-heading\">\u015aledztwo pod k\u0105tem udzia\u0142u s\u0142u\u017cb specjalnych<\/h2>\n\n\n\n<p>Rosyjski Komitet \u015aledczy wszcz\u0105\u0142 post\u0119powanie karne w sprawie morderstwa pope\u0142nionego w spos\u00f3b og\u00f3lnie niebezpieczny. Jako g\u0142\u00f3wn\u0105 hipotez\u0119 \u015bledczy wskazuj\u0105 udzia\u0142 ukrai\u0144skich s\u0142u\u017cb specjalnych w zorganizowaniu zamachu. Incydent ten jest kolejnym z serii atak\u00f3w na wysokich rang\u0105 oficer\u00f3w w rosyjskiej stolicy, co zdaniem komentator\u00f3w obna\u017ca luki w systemie bezpiecze\u0144stwa wewn\u0119trznego Kremla.<\/p>\n","protected":false},"excerpt":{"rendered":"<p>Rosyjski genera\u0142 Fanil Sarwarow nie \u017cyje w wyniku porannego zamachu bombowego w stolicy Rosji. Jak informuj\u0105 \u017ar\u00f3d\u0142a takie jak serwis NEXTA oraz dziennikarz \u0141ukasz Bok, pod samochodem wysokiej rangi oficera Sztabu Generalnego zdetonowano \u0142adunek wybuchowy. Cho\u0107 pierwsze komunikaty m\u00f3wi\u0142y o stanie krytycznym, rosyjski Komitet \u015aledczy oficjalnie potwierdzi\u0142, \u017ce wojskowy zmar\u0142 w wyniku odniesionych obra\u017ce\u0144. Eksplozja &#8230; <a title=\"Zamach w Moskwie: Nie \u017cyje genera\u0142 Fanil Sarwarow, kluczowy cz\u0142owiek Putina\" class=\"read-more\" href=\"https:\/\/dobrezrodla.com\/?p=12860\" aria-label=\"Read more about Zamach w Moskwie: Nie \u017cyje genera\u0142 Fanil Sarwarow, kluczowy cz\u0142owiek Putina\">Read more<\/a><\/p>\n","protected":false},"author":1,"featured_media":0,"comment_status":"open","ping_status":"open","sticky":false,"template":"","format":"standard","meta":{"footnotes":""},"categories":[1],"tags":[],"class_list":["post-12860","post","type-post","status-publish","format-standard","hentry","category-uncategorized"],"_links":{"self":[{"href":"https:\/\/dobrezrodla.com\/index.php?rest_route=\/wp\/v2\/posts\/12860","targetHints":{"allow":["GET"]}}],"collection":[{"href":"https:\/\/dobrezrodla.com\/index.php?rest_route=\/wp\/v2\/posts"}],"about":[{"href":"https:\/\/dobrezrodla.com\/index.php?rest_route=\/wp\/v2\/types\/post"}],"author":[{"embeddable":true,"href":"https:\/\/dobrezrodla.com\/index.php?rest_route=\/wp\/v2\/users\/1"}],"replies":[{"embeddable":true,"href":"https:\/\/dobrezrodla.com\/index.php?rest_route=%2Fwp%2Fv2%2Fcomments&post=12860"}],"version-history":[{"count":1,"href":"https:\/\/dobrezrodla.com\/index.php?rest_route=\/wp\/v2\/posts\/12860\/revisions"}],"predecessor-version":[{"id":12861,"href":"https:\/\/dobrezrodla.com\/index.php?rest_route=\/wp\/v2\/posts\/12860\/revisions\/12861"}],"wp:attachment":[{"href":"https:\/\/dobrezrodla.com\/index.php?rest_route=%2Fwp%2Fv2%2Fmedia&parent=12860"}],"wp:term":[{"taxonomy":"category","embeddable":true,"href":"https:\/\/dobrezrodla.com\/index.php?rest_route=%2Fwp%2Fv2%2Fcategories&post=12860"},{"taxonomy":"post_tag","embeddable":true,"href":"https:\/\/dobrezrodla.com\/index.php?rest_route=%2Fwp%2Fv2%2Ftags&post=12860"}],"curies":[{"name":"wp","href":"https:\/\/api.w.org\/{rel}","templated":true}]}}