{"id":12937,"date":"2025-12-23T17:00:08","date_gmt":"2025-12-23T17:00:08","guid":{"rendered":"https:\/\/dobrezrodla.com\/?p=12937"},"modified":"2025-12-23T17:00:09","modified_gmt":"2025-12-23T17:00:09","slug":"swieta-na-granicy-tusk-wsrod-zolnierzy-ktos-musi-czuwac-by-ktos-mogl-swietowac","status":"publish","type":"post","link":"https:\/\/dobrezrodla.com\/?p=12937","title":{"rendered":"\u015awi\u0119ta na granicy. Tusk w\u015br\u00f3d \u017co\u0142nierzy: \u201eKto\u015b musi czuwa\u0107, by kto\u015b m\u00f3g\u0142 \u015bwi\u0119towa\u0107\u201d"},"content":{"rendered":"\n<p>Premier Donald Tusk w towarzystwie szefa MSWiA Marcina Kierwi\u0144skiego odwiedzi\u0142 s\u0142u\u017cby pe\u0142ni\u0105ce dy\u017cur na granicy z Bia\u0142orusi\u0105. <\/p>\n\n\n\n<p>W \u015bwi\u0105tecznym duchu, ale z mocnym przes\u0142aniem, spotka\u0142 si\u0119 z \u017co\u0142nierzami, stra\u017cnikami granicznymi i policjantami w Ozieranach Wielkich.<\/p>\n\n\n\n<p>Premier apelowa\u0142 o pami\u0119\u0107 i wdzi\u0119czno\u015b\u0107 wobec tysi\u0119cy funkcjonariuszy, kt\u00f3rzy sp\u0119dz\u0105 wigilijny wiecz\u00f3r z dala od rodzin, chroni\u0105c bezpiecze\u0144stwo kraju. <\/p>\n\n\n\n<p>\u2013 \u017beby kto\u015b m\u00f3g\u0142 \u015bwi\u0119towa\u0107, kto\u015b musi czuwa\u0107 \u2013 m\u00f3wi\u0142 Tusk, podkre\u015blaj\u0105c warto\u015b\u0107 solidarno\u015bci w tych szczeg\u00f3lnych dniach.<\/p>\n\n\n\n<p>Wed\u0142ug meldunku, kt\u00f3ry otrzyma\u0142 we wtorek, na granicach Polski z Bia\u0142orusi\u0105 i Litw\u0105 s\u0142u\u017cb\u0119 b\u0119dzie pe\u0142ni\u0107 ponad 6 tysi\u0119cy os\u00f3b. Premier skierowa\u0142 r\u00f3wnie\u017c \u017cyczenia \u015bwi\u0105teczne <\/p>\n\n\n\n<p>do wszystkich Polak\u00f3w \u2013 ze szczeg\u00f3lnym uwzgl\u0119dnieniem tych, kt\u00f3rzy \u015bwi\u0119ta sp\u0119dzaj\u0105 w pracy.<\/p>\n\n\n\n<p>Minister Kierwi\u0144ski zapowiedzia\u0142 dalsze inwestycje w bezpiecze\u0144stwo granic. Ju\u017c w styczniu ruszy pierwszy klaster tzw. systemu artydronowego, zainstalowany na jednej z nowych wie\u017c obserwacyjnych. Wspomnia\u0142 r\u00f3wnie\u017c o rekordowych \u015brodkach <\/p>\n\n\n\n<p>\u2013 ponad 2 mld z\u0142 \u2013 przeznaczonych w ostatnich latach na rozbudow\u0119 fizycznej i elektronicznej infrastruktury granicznej.<\/p>\n\n\n\n<p>W minionym roku funkcjonariusze udaremnili niemal 30 tys. pr\u00f3b nielegalnego przekroczenia granicy. Kierwi\u0144ski podkre\u015bli\u0142, \u017ce Polska mierzy si\u0119 z realnym zagro\u017ceniem hybrydowym ze strony Rosji i Bia\u0142orusi, a inwestycje b\u0119d\u0105 kontynuowane \u2013 tylko Stra\u017c Graniczna otrzyma blisko 2,5 mld z\u0142 w ramach programu \u201eSAFE\u201d.<\/p>\n","protected":false},"excerpt":{"rendered":"<p>Premier Donald Tusk w towarzystwie szefa MSWiA Marcina Kierwi\u0144skiego odwiedzi\u0142 s\u0142u\u017cby pe\u0142ni\u0105ce dy\u017cur na granicy z Bia\u0142orusi\u0105. W \u015bwi\u0105tecznym duchu, ale z mocnym przes\u0142aniem, spotka\u0142 si\u0119 z \u017co\u0142nierzami, stra\u017cnikami granicznymi i policjantami w Ozieranach Wielkich. Premier apelowa\u0142 o pami\u0119\u0107 i wdzi\u0119czno\u015b\u0107 wobec tysi\u0119cy funkcjonariuszy, kt\u00f3rzy sp\u0119dz\u0105 wigilijny wiecz\u00f3r z dala od rodzin, chroni\u0105c bezpiecze\u0144stwo kraju. &#8230; <a title=\"\u015awi\u0119ta na granicy. Tusk w\u015br\u00f3d \u017co\u0142nierzy: \u201eKto\u015b musi czuwa\u0107, by kto\u015b m\u00f3g\u0142 \u015bwi\u0119towa\u0107\u201d\" class=\"read-more\" href=\"https:\/\/dobrezrodla.com\/?p=12937\" aria-label=\"Read more about \u015awi\u0119ta na granicy. Tusk w\u015br\u00f3d \u017co\u0142nierzy: \u201eKto\u015b musi czuwa\u0107, by kto\u015b m\u00f3g\u0142 \u015bwi\u0119towa\u0107\u201d\">Read more<\/a><\/p>\n","protected":false},"author":1,"featured_media":0,"comment_status":"open","ping_status":"open","sticky":false,"template":"","format":"standard","meta":{"footnotes":""},"categories":[1],"tags":[],"class_list":["post-12937","post","type-post","status-publish","format-standard","hentry","category-uncategorized"],"_links":{"self":[{"href":"https:\/\/dobrezrodla.com\/index.php?rest_route=\/wp\/v2\/posts\/12937","targetHints":{"allow":["GET"]}}],"collection":[{"href":"https:\/\/dobrezrodla.com\/index.php?rest_route=\/wp\/v2\/posts"}],"about":[{"href":"https:\/\/dobrezrodla.com\/index.php?rest_route=\/wp\/v2\/types\/post"}],"author":[{"embeddable":true,"href":"https:\/\/dobrezrodla.com\/index.php?rest_route=\/wp\/v2\/users\/1"}],"replies":[{"embeddable":true,"href":"https:\/\/dobrezrodla.com\/index.php?rest_route=%2Fwp%2Fv2%2Fcomments&post=12937"}],"version-history":[{"count":1,"href":"https:\/\/dobrezrodla.com\/index.php?rest_route=\/wp\/v2\/posts\/12937\/revisions"}],"predecessor-version":[{"id":12938,"href":"https:\/\/dobrezrodla.com\/index.php?rest_route=\/wp\/v2\/posts\/12937\/revisions\/12938"}],"wp:attachment":[{"href":"https:\/\/dobrezrodla.com\/index.php?rest_route=%2Fwp%2Fv2%2Fmedia&parent=12937"}],"wp:term":[{"taxonomy":"category","embeddable":true,"href":"https:\/\/dobrezrodla.com\/index.php?rest_route=%2Fwp%2Fv2%2Fcategories&post=12937"},{"taxonomy":"post_tag","embeddable":true,"href":"https:\/\/dobrezrodla.com\/index.php?rest_route=%2Fwp%2Fv2%2Ftags&post=12937"}],"curies":[{"name":"wp","href":"https:\/\/api.w.org\/{rel}","templated":true}]}}