{"id":12941,"date":"2025-12-23T17:02:51","date_gmt":"2025-12-23T17:02:51","guid":{"rendered":"https:\/\/dobrezrodla.com\/?p=12941"},"modified":"2025-12-23T17:02:51","modified_gmt":"2025-12-23T17:02:51","slug":"nawrocki-ma-watpliwosci-wobec-nowych-kar-dla-kierowcow-sprawa-trafia-do-trybunalu","status":"publish","type":"post","link":"https:\/\/dobrezrodla.com\/?p=12941","title":{"rendered":"Nawrocki ma w\u0105tpliwo\u015bci wobec nowych kar dla kierowc\u00f3w. Sprawa trafia do Trybuna\u0142u"},"content":{"rendered":"\n<p>Prezydent Karol Nawrocki z\u0142o\u017cy\u0142 wniosek do Trybuna\u0142u Konstytucyjnego, domagaj\u0105c si\u0119 kontroli konstytucyjnej nowelizacji przepis\u00f3w dotycz\u0105cych bezpiecze\u0144stwa drogowego. <\/p>\n\n\n\n<p>Cho\u0107 podpisa\u0142 ustaw\u0119 zaostrzaj\u0105c\u0105 kary m.in. za organizowanie nielegalnych wy\u015bcig\u00f3w i \u0142amanie zakazu prowadzenia pojazd\u00f3w, nie kryje zastrze\u017ce\u0144 wobec cz\u0119\u015bci przepis\u00f3w.<\/p>\n\n\n\n<p>Jak wyja\u015bnia kancelaria prezydenta, decyzja o skierowaniu wniosku nie wynika z braku poparcia dla walki z piratami drogowymi, lecz z obawy, \u017ce niekt\u00f3re z rozwi\u0105za\u0144 mog\u0105 godzi\u0107 w podstawowe prawa obywatelskie. <\/p>\n\n\n\n<p>Prezydent zaznacza, \u017ce \u201es\u0142uszny cel nie usprawiedliwia stosowania \u015brodk\u00f3w niezgodnych z konstytucj\u0105\u201d.<\/p>\n\n\n\n<p>W\u0105tpliwo\u015bci budzi potencjalna nadmierna represyjno\u015b\u0107 przepis\u00f3w i ryzyko, \u017ce granice dopuszczalnej penalizacji zosta\u0142y przekroczone. <\/p>\n\n\n\n<p>Trybuna\u0142 ma teraz zbada\u0107, czy zaostrzone sankcje rzeczywi\u015bcie wpisuj\u0105 si\u0119 w ramy demokratycznego pa\u0144stwa prawa.<\/p>\n","protected":false},"excerpt":{"rendered":"<p>Prezydent Karol Nawrocki z\u0142o\u017cy\u0142 wniosek do Trybuna\u0142u Konstytucyjnego, domagaj\u0105c si\u0119 kontroli konstytucyjnej nowelizacji przepis\u00f3w dotycz\u0105cych bezpiecze\u0144stwa drogowego. Cho\u0107 podpisa\u0142 ustaw\u0119 zaostrzaj\u0105c\u0105 kary m.in. za organizowanie nielegalnych wy\u015bcig\u00f3w i \u0142amanie zakazu prowadzenia pojazd\u00f3w, nie kryje zastrze\u017ce\u0144 wobec cz\u0119\u015bci przepis\u00f3w. Jak wyja\u015bnia kancelaria prezydenta, decyzja o skierowaniu wniosku nie wynika z braku poparcia dla walki z piratami &#8230; <a title=\"Nawrocki ma w\u0105tpliwo\u015bci wobec nowych kar dla kierowc\u00f3w. Sprawa trafia do Trybuna\u0142u\" class=\"read-more\" href=\"https:\/\/dobrezrodla.com\/?p=12941\" aria-label=\"Read more about Nawrocki ma w\u0105tpliwo\u015bci wobec nowych kar dla kierowc\u00f3w. Sprawa trafia do Trybuna\u0142u\">Read more<\/a><\/p>\n","protected":false},"author":1,"featured_media":0,"comment_status":"open","ping_status":"open","sticky":false,"template":"","format":"standard","meta":{"footnotes":""},"categories":[1],"tags":[],"class_list":["post-12941","post","type-post","status-publish","format-standard","hentry","category-uncategorized"],"_links":{"self":[{"href":"https:\/\/dobrezrodla.com\/index.php?rest_route=\/wp\/v2\/posts\/12941","targetHints":{"allow":["GET"]}}],"collection":[{"href":"https:\/\/dobrezrodla.com\/index.php?rest_route=\/wp\/v2\/posts"}],"about":[{"href":"https:\/\/dobrezrodla.com\/index.php?rest_route=\/wp\/v2\/types\/post"}],"author":[{"embeddable":true,"href":"https:\/\/dobrezrodla.com\/index.php?rest_route=\/wp\/v2\/users\/1"}],"replies":[{"embeddable":true,"href":"https:\/\/dobrezrodla.com\/index.php?rest_route=%2Fwp%2Fv2%2Fcomments&post=12941"}],"version-history":[{"count":1,"href":"https:\/\/dobrezrodla.com\/index.php?rest_route=\/wp\/v2\/posts\/12941\/revisions"}],"predecessor-version":[{"id":12942,"href":"https:\/\/dobrezrodla.com\/index.php?rest_route=\/wp\/v2\/posts\/12941\/revisions\/12942"}],"wp:attachment":[{"href":"https:\/\/dobrezrodla.com\/index.php?rest_route=%2Fwp%2Fv2%2Fmedia&parent=12941"}],"wp:term":[{"taxonomy":"category","embeddable":true,"href":"https:\/\/dobrezrodla.com\/index.php?rest_route=%2Fwp%2Fv2%2Fcategories&post=12941"},{"taxonomy":"post_tag","embeddable":true,"href":"https:\/\/dobrezrodla.com\/index.php?rest_route=%2Fwp%2Fv2%2Ftags&post=12941"}],"curies":[{"name":"wp","href":"https:\/\/api.w.org\/{rel}","templated":true}]}}