{"id":12949,"date":"2025-12-23T17:57:46","date_gmt":"2025-12-23T17:57:46","guid":{"rendered":"https:\/\/dobrezrodla.com\/?p=12949"},"modified":"2025-12-23T17:57:46","modified_gmt":"2025-12-23T17:57:46","slug":"tragedia-na-torach-nie-zyje-mezczyzna","status":"publish","type":"post","link":"https:\/\/dobrezrodla.com\/?p=12949","title":{"rendered":"Tragedia na torach. Nie \u017cyje m\u0119\u017cczyzna"},"content":{"rendered":"\n<p>W poniedzia\u0142ek, 22 grudnia 2025 roku, w miejscowo\u015bci Jedlina-Zdr\u00f3j dosz\u0142o do \u015bmiertelnego wypadku na torowisku. Pod ko\u0142ami poci\u0105gu osobowego zgin\u0105\u0142 64-letni m\u0119\u017cczyzna. Jak wynika z ustale\u0144 portalu o2.pl oraz oficjalnych komunikat\u00f3w podkom. Agnieszki G\u0142owackiej-Kijek z Komendy Miejskiej Policji w Wa\u0142brzychu, maszynista podj\u0105\u0142 pr\u00f3b\u0119 hamowania, jednak zderzenia nie uda\u0142o si\u0119 unikn\u0105\u0107.<\/p>\n\n\n\n<p>Dramatyczna walka o zatrzymanie sk\u0142adu<br>Praca s\u0142u\u017cb pod nadzorem prokuratury<br>Pierwsze ustalenia i kontrola trze\u017awo\u015bci<br>Apel o bezpiecze\u0144stwo na terenach kolejowych<br>Dramatyczna walka o zatrzymanie sk\u0142adu<br>Do zdarzenia dosz\u0142o w momencie, gdy poci\u0105g osobowy relacji Jedlina-Zdr\u00f3j \u2013 Jugowice wyje\u017cd\u017ca\u0142 z \u0142uku tor\u00f3w. Maszynista nagle dostrzeg\u0142 m\u0119\u017cczyzn\u0119 id\u0105cego torowiskiem w miejscu niedozwolonym. Reakcja pracownika kolei by\u0142a natychmiastowa \u2013 zacz\u0105\u0142 nadawa\u0107 sygna\u0142y ostrzegawcze i wdro\u017cy\u0142 procedur\u0119 nag\u0142ego hamowania. Niestety, ze wzgl\u0119du na du\u017c\u0105 mas\u0119 sk\u0142adu i ograniczon\u0105 odleg\u0142o\u015b\u0107, poci\u0105g zatrzyma\u0142 si\u0119 dopiero po uderzeniu w pieszego. 64-letni mieszkaniec powiatu wa\u0142brzyskiego poni\u00f3s\u0142 \u015bmier\u0107 na miejscu.<\/p>\n\n\n\n<p>Praca s\u0142u\u017cb pod nadzorem prokuratury<br>Bezpo\u015brednio po wypadku na miejscu pojawi\u0142y si\u0119 liczne s\u0142u\u017cby ratunkowe i mundurowe. Dzia\u0142ania prowadzili policjanci z Wa\u0142brzycha pod \u015bcis\u0142ym nadzorem prokuratora z Prokuratury Rejonowej w Wa\u0142brzychu. W zabezpieczaniu miejsca zdarzenia oraz dokumentacji fotograficznej brali udzia\u0142 stra\u017cacy z OSP Zag\u00f3rze \u015al\u0105skie. Technik kryminalistyki zabezpieczy\u0142 \u015blady, kt\u00f3re pomog\u0105 w dok\u0142adnym odtworzeniu przebiegu tej tragedii.<\/p>\n\n\n\n<p>Pierwsze ustalenia i kontrola trze\u017awo\u015bci<br>Kluczowym elementem wst\u0119pnego dochodzenia by\u0142o zbadanie stanu trze\u017awo\u015bci obs\u0142ugi poci\u0105gu. Policyjne badanie wykaza\u0142o, \u017ce maszynista by\u0142 trze\u017awy i dope\u0142ni\u0142 wszelkich procedur bezpiecze\u0144stwa w chwili zagro\u017cenia. W spraw\u0119 zaanga\u017cowa\u0142a si\u0119 r\u00f3wnie\u017c specjalna komisja ds. wypadk\u00f3w kolejowych, kt\u00f3ra oceni stan infrastruktury oraz przebieg zdarzenia z perspektywy technicznej. Na czas pracy \u015bledczych ruch poci\u0105g\u00f3w na tym odcinku zosta\u0142 wstrzymany.<\/p>\n\n\n\n<p>Apel o bezpiecze\u0144stwo na terenach kolejowych<br>Tragedia w Jedlinie-Zdroju sta\u0142a si\u0119 dla lokalnych s\u0142u\u017cb okazj\u0105 do ponownego wystosowania apelu o rozwag\u0119. Policja przypomina, \u017ce torowisko to teren zamkni\u0119ty, a skracanie sobie drogi w miejscach niedozwolonych wi\u0105\u017ce si\u0119 z ogromnym ryzykiem. Poci\u0105g potrzebuje kilkuset metr\u00f3w, aby ca\u0142kowicie si\u0119 zatrzyma\u0107, a maszynista cz\u0119sto nie ma mo\u017cliwo\u015bci unikni\u0119cia kolizji, je\u015bli pieszy znajdzie si\u0119 bezpo\u015brednio przed sk\u0142adem.<\/p>\n","protected":false},"excerpt":{"rendered":"<p>W poniedzia\u0142ek, 22 grudnia 2025 roku, w miejscowo\u015bci Jedlina-Zdr\u00f3j dosz\u0142o do \u015bmiertelnego wypadku na torowisku. Pod ko\u0142ami poci\u0105gu osobowego zgin\u0105\u0142 64-letni m\u0119\u017cczyzna. Jak wynika z ustale\u0144 portalu o2.pl oraz oficjalnych komunikat\u00f3w podkom. Agnieszki G\u0142owackiej-Kijek z Komendy Miejskiej Policji w Wa\u0142brzychu, maszynista podj\u0105\u0142 pr\u00f3b\u0119 hamowania, jednak zderzenia nie uda\u0142o si\u0119 unikn\u0105\u0107. Dramatyczna walka o zatrzymanie sk\u0142aduPraca &#8230; <a title=\"Tragedia na torach. Nie \u017cyje m\u0119\u017cczyzna\" class=\"read-more\" href=\"https:\/\/dobrezrodla.com\/?p=12949\" aria-label=\"Read more about Tragedia na torach. Nie \u017cyje m\u0119\u017cczyzna\">Read more<\/a><\/p>\n","protected":false},"author":1,"featured_media":0,"comment_status":"open","ping_status":"open","sticky":false,"template":"","format":"standard","meta":{"footnotes":""},"categories":[1],"tags":[],"class_list":["post-12949","post","type-post","status-publish","format-standard","hentry","category-uncategorized"],"_links":{"self":[{"href":"https:\/\/dobrezrodla.com\/index.php?rest_route=\/wp\/v2\/posts\/12949","targetHints":{"allow":["GET"]}}],"collection":[{"href":"https:\/\/dobrezrodla.com\/index.php?rest_route=\/wp\/v2\/posts"}],"about":[{"href":"https:\/\/dobrezrodla.com\/index.php?rest_route=\/wp\/v2\/types\/post"}],"author":[{"embeddable":true,"href":"https:\/\/dobrezrodla.com\/index.php?rest_route=\/wp\/v2\/users\/1"}],"replies":[{"embeddable":true,"href":"https:\/\/dobrezrodla.com\/index.php?rest_route=%2Fwp%2Fv2%2Fcomments&post=12949"}],"version-history":[{"count":1,"href":"https:\/\/dobrezrodla.com\/index.php?rest_route=\/wp\/v2\/posts\/12949\/revisions"}],"predecessor-version":[{"id":12950,"href":"https:\/\/dobrezrodla.com\/index.php?rest_route=\/wp\/v2\/posts\/12949\/revisions\/12950"}],"wp:attachment":[{"href":"https:\/\/dobrezrodla.com\/index.php?rest_route=%2Fwp%2Fv2%2Fmedia&parent=12949"}],"wp:term":[{"taxonomy":"category","embeddable":true,"href":"https:\/\/dobrezrodla.com\/index.php?rest_route=%2Fwp%2Fv2%2Fcategories&post=12949"},{"taxonomy":"post_tag","embeddable":true,"href":"https:\/\/dobrezrodla.com\/index.php?rest_route=%2Fwp%2Fv2%2Ftags&post=12949"}],"curies":[{"name":"wp","href":"https:\/\/api.w.org\/{rel}","templated":true}]}}