{"id":12953,"date":"2025-12-23T18:08:25","date_gmt":"2025-12-23T18:08:25","guid":{"rendered":"https:\/\/dobrezrodla.com\/?p=12953"},"modified":"2025-12-23T18:08:26","modified_gmt":"2025-12-23T18:08:26","slug":"zaskakujaca-stylizacja-nawrockiego-tak-pojechal-po-choinke","status":"publish","type":"post","link":"https:\/\/dobrezrodla.com\/?p=12953","title":{"rendered":"Zaskakuj\u0105ca stylizacja Nawrockiego. Tak pojecha\u0142 po choink\u0119"},"content":{"rendered":"\n<p>Karol Nawrocki pokaza\u0142 si\u0119 z zupe\u0142nie innej strony, a jego ubi\u00f3r podczas przed\u015bwi\u0105tecznych przygotowa\u0144 sta\u0142 si\u0119 tematem numer jeden. Tego nikt nie przewidzia\u0142.<\/p>\n\n\n\n<p>Trwaja przygotowania do \u015awi\u0105t Bo\u017cego Narodzenia<br>Ju\u017c jutro Wigilia. Podczas gdy wi\u0119kszo\u015b\u0107 z nas nerwowo doprawia ostatni\u0105 parti\u0119 sa\u0142atki jarzynowej albo w panice szuka brakuj\u0105cej rolki papieru do pakowania prezent\u00f3w, przy Krakowskim Przedmie\u015bciu 48 machina pracuje na najwy\u017cszych obrotach. Pa\u0142ac Prezydencki wchodzi w tryb \u015bwi\u0105teczny, co w polskiej rzeczywisto\u015bci politycznej jest mieszank\u0105 pa\u0144stwowego ceremonia\u0142u, rodzinnej tradycji i logistyki godnej operacji &#8216;<\/p>\n\n\n\n<p>wojskowej. Cho\u0107 z zewn\u0105trz budynek wygl\u0105da jak zwykle dumnie i nieco ch\u0142odno, w \u015brodku zapachnia\u0142o ju\u017c pewnie tym, co w Polsce najwa\u017cniejsze \u2013 kapust\u0105 z grzybami i \u015bwierkiem. Bo um\u00f3wmy si\u0119: prezydent, niezale\u017cnie od opcji politycznej, w wigilijny poranek staje si\u0119 po prostu gospodarzem, kt\u00f3ry musi dopilnowa\u0107, by wszystko gra\u0142o. A gra\u0107 musi sporo, bo \u015bwi\u0105teczny grafik g\u0142owy pa\u0144stwa nie ko\u0144czy si\u0119 na prze\u0142amaniu si\u0119 op\u0142atkiem z najbli\u017cszymi.<\/p>\n\n\n\n<p>Zaczyna si\u0119 od drzewka. W tym roku, podobnie jak w poprzednich, w Pa\u0142acu stan\u0119\u0142a pot\u0119\u017cna choinka, cz\u0119sto dekorowana przez dzieci lub ludowych artyst\u00f3w. To nie jest zwyk\u0142y \u015bwierk z marketu \u2013 to symbol. Ka\u017cda bombka ma tu swoj\u0105 wag\u0119, a ka\u017cde \u015bwiate\u0142ko musi \u015bwieci\u0107 prosto, bo przecie\u017c oczy wszystkich b\u0119d\u0105 zwr\u00f3cone na noworoczne i \u015bwi\u0105teczne or\u0119dzia. Andrzej Duda wraz z Pierwsz\u0105 Dam\u0105, Agat\u0105 Kornhauser-Dud\u0105, od lat kultywuj\u0105 zwyczaj zapraszania r\u00f3\u017cnych grup spo\u0142ecznych na wsp\u00f3lne kol\u0119dowanie jeszcze przed tym w\u0142a\u015bciwym wieczorem. Ale co dzieje si\u0119 teraz, \u201eza kulisami\u201d? Kuchnia prezydencka to w tych dniach prawdopodobnie najbardziej gor\u0105ce miejsce w Warszawie. Tradycja nakazuje, by na stole pojawi\u0142o si\u0119 dwana\u015bcie potraw, a polski protok\u00f3\u0142 dyplomatyczny nie uznaje w tej kwestii kompromis\u00f3w. Musi by\u0107 barszcz z uszkami, musi by\u0107 karp (cho\u0107 pewnie w wersji nieco bardziej wykwintnej ni\u017c ta z plastikowego wiaderka) i musi by\u0107 kutia. Para Prezydencka cz\u0119sto podkre\u015bla swoje przywi\u0105zanie do tradycyjnych smak\u00f3w, wi\u0119c nie ma mowy o nowoczesnych eksperymentach z tofu czy awokado.<\/p>\n\n\n\n<p>Zaskakuj\u0105ca stylizacja Nawrockiego. Tak pojecha\u0142 po choink\u0119<br>Ju\u017c za mniej ni\u017c dob\u0119 usi\u0105dziemy do \u015bwi\u0105tecznych sto\u0142\u00f3w fot. Canva<br>Trwaj\u0105 przygotowania do \u015awi\u0105t w pa\u0142acu prezydenckim<br>Przygotowania w Pa\u0142acu to jednak nie tylko menu. To tak\u017ce armia ludzi ze S\u0142u\u017cby Ochrony Pa\u0144stwa, kt\u00f3rzy \u015bwi\u0119ta sp\u0119dz\u0105 na posterunku. To urz\u0119dnicy domykaj\u0105cy ostatnie depesze gratulacyjne do przyw\u00f3dc\u00f3w innych pa\u0144stw. Warto pami\u0119ta\u0107, \u017ce dla prezydenta Wigilia to ostatni moment wzgl\u0119dnego spokoju przed tradycyjn\u0105 pasterk\u0105, na kt\u00f3r\u0105 Para Prezydencka zazwyczaj udaje si\u0119 do jednego z warszawskich ko\u015bcio\u0142\u00f3w lub w swoje rodzinne strony. W ca\u0142ym tym pa\u0142acowym blichtrze \u0142atwo zapomnie\u0107, \u017ce to te\u017c po prostu dom. Miejsce, gdzie prezydent zdejmuje krawat, a Pierwsza Dama odk\u0142ada na bok oficjalne obowi\u0105zki. Z doniesie\u0144 medialnych z poprzednich lat wiemy, \u017ce Agata Kornhauser-Duda osobi\u015bcie anga\u017cuje si\u0119 w przygotowania, dbaj\u0105c o to, by st\u00f3\u0142 wygl\u0105da\u0142 nienagannie. To ten rzadki czas w roku, kiedy polityka \u2013 przynajmniej teoretycznie \u2013 powinna ust\u0105pi\u0107 miejsca rozmowom o rzeczach b\u0142ahych i mi\u0142ych.<\/p>\n\n\n\n<p>Patrz\u0105c na te przygotowania, mo\u017cna odnie\u015b\u0107 wra\u017cenie, \u017ce Pa\u0142ac Prezydencki w Wigili\u0119 staje si\u0119 soczewk\u0105, w kt\u00f3rej skupiaj\u0105 si\u0119 nasze narodowe przyzwyczajenia. Jest w tym troch\u0119 napi\u0119cia, mn\u00f3stwo po\u015bpiechu i ta charakterystyczna polska ch\u0119\u0107, by \u201ewszystko by\u0142o jak nale\u017cy\u201d. Jutro, gdy zap\u0142onie pierwsza gwiazdka, \u015bwiat\u0142a w oknach przy Krakowskim Przedmie\u015bciu b\u0119d\u0105 pali\u0107 si\u0119 tak samo, jak w milionach polskich mieszka\u0144. Zmieni si\u0119 tylko jedno: po kolacji nie b\u0119dzie mo\u017cna po prostu p\u00f3j\u015b\u0107 spa\u0107, bo na biurku zawsze czeka jaka\u015b ustawa, a telefon od \u015bwiatowych lider\u00f3w nie zawsze respektuje cisz\u0119 nocn\u0105. Ale na ten jeden wiecz\u00f3r, przy d\u017awi\u0119ku kol\u0119d, Pa\u0142ac Prezydencki staje si\u0119 po prostu domem, w kt\u00f3rym czeka si\u0119 na narodzenie nowego jutra. I oby to jutro, dla nas wszystkich, by\u0142o po prostu spokojne.<\/p>\n\n\n\n<p>Prezydent Karol Nawrocki w nowej ods\u0142onie<br>Wigilia w\u0142a\u015bciwie puka ju\u017c do drzwi, a w sieci, zamiast kolejnych politycznych tyrad, pojawi\u0142 si\u0119 obrazek z zupe\u0142nie innej bajki. Karol Nawrocki, posta\u0107 kojarzona raczej ze sztywnym ko\u0142nierzykiem i powag\u0105 urz\u0119du, wrzuci\u0142 na sw\u00f3j oficjalny profil nagranie, kt\u00f3re mocno odbiega od protoko\u0142u. Zamiast garnituru \u2013 lu\u017ana, kraciasta flanela, zamiast p\u0142aszcza \u2013 zwyk\u0142a, robocza kurtka, a na g\u0142owie czapka bejsbol\u00f3wka.<\/p>\n\n\n\n<p>W takim stroju to jeszcze nikt nie widzia\u0142 prezydenta. &#8211; przyzna\u0142 sam Nawrocki komentuj\u0105c reakcje innych zgromadzonych na \u015bcinaniu drzewek.<\/p>\n\n\n\n<p>Cel tej wyprawy by\u0142 konkretny: wyb\u00f3r i \u015bcinka choinki. Trzeba przyzna\u0107, \u017ce to rzadki widok. Zazwyczaj ogl\u0105damy go w sytuacjach, kt\u00f3re wymagaj\u0105 nienagannej prezencji, wi\u0119c takie \u201ecywilne\u201d wydanie budzi pewne zaciekawienie. Wida\u0107, \u017ce do zadania podszed\u0142 praktycznie \u2013 w lesie czy na plantacji jedwabne krawaty tylko przeszkadzaj\u0105, a siekiera i \u017cywica nie wybaczaj\u0105 b\u0142\u0119d\u00f3w.<\/p>\n\n\n\n<p>To wideo to klasyczny przyk\u0142ad ocieplania wizerunku, ale podane w do\u015b\u0107 zno\u015bnej formie. Nie ma tu wielkiej filozofii: jest las, jest mr\u00f3z i jest prezydent, kt\u00f3ry postanowi\u0142 pokaza\u0107, \u017ce domowe obowi\u0105zki nie s\u0105 mu obce. Wygl\u0105da to troch\u0119 tak, jakby na chwil\u0119 zdj\u0105\u0142 mask\u0119 polityka i wszed\u0142 w rol\u0119 g\u0142owy rodziny, kt\u00f3ra musi zadba\u0107 o to, \u017ceby w salonie pachnia\u0142o lasem.<\/p>\n\n\n\n<p>Zaskakuj\u0105ca stylizacja Nawrockiego. Tak pojecha\u0142 po choink\u0119<br>Tak Karol Nawrocki wybra\u0142 si\u0119 ze swoim synem na \u015bcinanie choinki fot. Instagram<\/p>\n","protected":false},"excerpt":{"rendered":"<p>Karol Nawrocki pokaza\u0142 si\u0119 z zupe\u0142nie innej strony, a jego ubi\u00f3r podczas przed\u015bwi\u0105tecznych przygotowa\u0144 sta\u0142 si\u0119 tematem numer jeden. Tego nikt nie przewidzia\u0142. Trwaja przygotowania do \u015awi\u0105t Bo\u017cego NarodzeniaJu\u017c jutro Wigilia. Podczas gdy wi\u0119kszo\u015b\u0107 z nas nerwowo doprawia ostatni\u0105 parti\u0119 sa\u0142atki jarzynowej albo w panice szuka brakuj\u0105cej rolki papieru do pakowania prezent\u00f3w, przy Krakowskim Przedmie\u015bciu &#8230; <a title=\"Zaskakuj\u0105ca stylizacja Nawrockiego. Tak pojecha\u0142 po choink\u0119\" class=\"read-more\" href=\"https:\/\/dobrezrodla.com\/?p=12953\" aria-label=\"Read more about Zaskakuj\u0105ca stylizacja Nawrockiego. Tak pojecha\u0142 po choink\u0119\">Read more<\/a><\/p>\n","protected":false},"author":1,"featured_media":0,"comment_status":"open","ping_status":"open","sticky":false,"template":"","format":"standard","meta":{"footnotes":""},"categories":[1],"tags":[],"class_list":["post-12953","post","type-post","status-publish","format-standard","hentry","category-uncategorized"],"_links":{"self":[{"href":"https:\/\/dobrezrodla.com\/index.php?rest_route=\/wp\/v2\/posts\/12953","targetHints":{"allow":["GET"]}}],"collection":[{"href":"https:\/\/dobrezrodla.com\/index.php?rest_route=\/wp\/v2\/posts"}],"about":[{"href":"https:\/\/dobrezrodla.com\/index.php?rest_route=\/wp\/v2\/types\/post"}],"author":[{"embeddable":true,"href":"https:\/\/dobrezrodla.com\/index.php?rest_route=\/wp\/v2\/users\/1"}],"replies":[{"embeddable":true,"href":"https:\/\/dobrezrodla.com\/index.php?rest_route=%2Fwp%2Fv2%2Fcomments&post=12953"}],"version-history":[{"count":1,"href":"https:\/\/dobrezrodla.com\/index.php?rest_route=\/wp\/v2\/posts\/12953\/revisions"}],"predecessor-version":[{"id":12954,"href":"https:\/\/dobrezrodla.com\/index.php?rest_route=\/wp\/v2\/posts\/12953\/revisions\/12954"}],"wp:attachment":[{"href":"https:\/\/dobrezrodla.com\/index.php?rest_route=%2Fwp%2Fv2%2Fmedia&parent=12953"}],"wp:term":[{"taxonomy":"category","embeddable":true,"href":"https:\/\/dobrezrodla.com\/index.php?rest_route=%2Fwp%2Fv2%2Fcategories&post=12953"},{"taxonomy":"post_tag","embeddable":true,"href":"https:\/\/dobrezrodla.com\/index.php?rest_route=%2Fwp%2Fv2%2Ftags&post=12953"}],"curies":[{"name":"wp","href":"https:\/\/api.w.org\/{rel}","templated":true}]}}