{"id":12957,"date":"2025-12-23T18:11:29","date_gmt":"2025-12-23T18:11:29","guid":{"rendered":"https:\/\/dobrezrodla.com\/?p=12957"},"modified":"2025-12-23T18:11:29","modified_gmt":"2025-12-23T18:11:29","slug":"nawrocki-zdecydowal-czerwone-swiatlo-dla-reformy-edukacji-men-ma-plan-awaryjny","status":"publish","type":"post","link":"https:\/\/dobrezrodla.com\/?p=12957","title":{"rendered":"Nawrocki zdecydowa\u0142, czerwone \u015bwiat\u0142o dla reformy edukacji. MEN ma plan awaryjny"},"content":{"rendered":"\n<p>Koniec roku 2025 przyni\u00f3s\u0142 w polskiej polityce kolejne trz\u0119sienie ziemi, tym razem na linii Pa\u0142ac Prezydencki &#8211; Ministerstwo Edukacji Narodowej. Oczy setek tysi\u0119cy pedagog\u00f3w zwr\u00f3cone by\u0142y w stron\u0119 Karola Nawrockiego, kt\u00f3ry mia\u0142 zadecydowa\u0107 o losach nowelizacji Karty Nauczyciela. Ustawa ta, kluczowa dla portfeli pracownik\u00f3w o\u015bwiaty, sta\u0142a si\u0119 przedmiotem gor\u0105cej debaty politycznej. Prezydent podj\u0105\u0142 zaskakuj\u0105ca decyzj\u0119. Wiadomo, na co szko\u0142y musz\u0105 by\u0107 przygotowane od 1 stycznia 2026 roku.<\/p>\n\n\n\n<p>Te ustawy Karol Nawrocki zablokowa\u0142. A co z nowelizacj\u0105 Karty Nauczyciela?<br>Zarobki w o\u015bwiacie 2025. Czy Karta Nauczyciela wymaga\u0142a zmian?<br>Prezydent m\u00f3wi &#8220;Tak&#8221; dla podwy\u017cek, ale stawia solidny warunek. O co posz\u0142o?<br>Reakcja MEN. Barbara Nowacka: &#8220;Reforma wejdzie do szk\u00f3\u0142&#8221;<br>Te ustawy Karol Nawrocki zablokowa\u0142. A co z nowelizacj\u0105 Karty Nauczyciela?<br>Rok 2025 zapisze si\u0119 w historii jako czas trudnej kohabitacji. Od momentu obj\u0119cia urz\u0119du w sierpniu, prezydent Karol Nawrocki wielokrotnie udowadnia\u0142, \u017ce nie b\u0119dzie jedynie &#8220;notariuszem rz\u0105du&#8221;. Jego prezydentura, budowana na fundamencie konserwatywnych warto\u015bci i dba\u0142o\u015bci o historyczn\u0105 to\u017csamo\u015b\u0107, szybko zderzy\u0142a si\u0119 z liberalno-lewicow\u0105 agend\u0105 koalicji rz\u0105dz\u0105cej.<\/p>\n\n\n\n<p>Dotychczasowe weta prezydenta dotyczy\u0142y spraw fundamentalnych dla \u015bwiatopogl\u0105du jego elektoratu. Wcze\u015bniej Karol Nawrocki zablokowa\u0142 m.in. nowelizacj\u0119 ustawy medialnej, argumentuj\u0105c to zagro\u017ceniem dla pluralizmu debaty publicznej, oraz wyrazi\u0142 sprzeciw wobec zmian w kodeksie karnym, kt\u00f3re jego zdaniem zbyt \u0142agodnie traktowa\u0142y niekt\u00f3re przest\u0119pstwa przeciwko wolno\u015bci sumienia. Ka\u017cde takie weto wywo\u0142ywa\u0142o burz\u0119 w Sejmie i oskar\u017cenia o hamowanie reform.<\/p>\n\n\n\n<p>Tym razem jednak stawka by\u0142a inna \u2013 chodzi\u0142o o byt materialny nauczycieli, grupy zawodowej, kt\u00f3ra od lat domaga si\u0119 godnego traktowania. Prezydent stan\u0105\u0142 przed dylematem: podpisa\u0107 wszystko i zgodzi\u0107 si\u0119 na rozwi\u0105zania, kt\u00f3rych nie akceptuje, czy zawetowa\u0107 ca\u0142o\u015b\u0107 i narazi\u0107 si\u0119 na gniew \u015brodowiska o\u015bwiatowego?<\/p>\n\n\n\n<p>Nawrocki zdecydowa\u0142, czerwone \u015bwiat\u0142o dla reformy edukacji. MEN ma plan awaryjny<br>fot. Wojciech Olkusnik\/East News<br>Zarobki w o\u015bwiacie 2025. Czy Karta Nauczyciela wymaga\u0142a zmian?<br>Sytuacja finansowa polskich nauczycieli w 2025 roku, mimo wcze\u015bniejszych podwy\u017cek, wci\u0105\u017c pozostawia wiele do \u017cyczenia. Inflacja z ostatnich lat skutecznie nadgryz\u0142a si\u0142\u0119 nabywcz\u0105 pensji w bud\u017cet\u00f3wce. Zwi\u0105zki zawodowe od miesi\u0119cy alarmowa\u0142y, \u017ce bez systemowych zmian, polska szko\u0142a stanie w obliczu kadrowej katastrofy. M\u0142odzi ludzie omijaj\u0105 zaw\u00f3d nauczyciela szerokim \u0142ukiem, wybieraj\u0105c karier\u0119 w korporacjach, gdzie na start mog\u0105 otrzyma\u0107 wynagrodzenie wy\u017csze ni\u017c nauczyciel dyplomowany po dekadzie pracy.<\/p>\n\n\n\n<p>Nowelizacja Karty Nauczyciela, kt\u00f3ra trafi\u0142a na biurko prezydenta, mia\u0142a by\u0107 odpowiedzi\u0105 na te bol\u0105czki. Rz\u0105dowy projekt zak\u0142ada\u0142:<\/p>\n\n\n\n<p>Waloryzacj\u0119 wynagrodze\u0144 od 1 stycznia 2026 roku.<br>Uproszczenie systemu awansu zawodowego.<br>Wprowadzenie nowych dodatk\u00f3w funkcyjnych.<br>G\u0142\u00f3wnym celem by\u0142o powi\u0105zanie pensji nauczycielskich ze \u015bredni\u0105 krajow\u0105 w gospodarce \u2013 postulat, o kt\u00f3ry Zwi\u0105zek Nauczycielstwa Polskiego walczy\u0142 od lat. Cho\u0107 ustawa nie spe\u0142nia\u0142a wszystkich marze\u0144 zwi\u0105zkowc\u00f3w, by\u0142a krokiem w dobr\u0105 stron\u0119. Jednak do &#8220;beczki miodu&#8221; w postaci podwy\u017cek, rz\u0105d dorzuci\u0142 &#8220;\u0142y\u017ck\u0119 dziegciu&#8221; w postaci zmian programowych i ustrojowych w szko\u0142ach, co nie umkn\u0119\u0142o uwadze prezydenckich ministr\u00f3w.<\/p>\n\n\n\n<p>Nawrocki zdecydowa\u0142, czerwone \u015bwiat\u0142o dla reformy edukacji. MEN ma plan awaryjny<br>Fot. Max Fischer\/Pexels\/CanvaPro<br>Prezydent m\u00f3wi &#8220;Tak&#8221; dla podwy\u017cek, ale stawia solidny warunek. O co posz\u0142o?<br>Prezydent Karol Nawrocki wybra\u0142 trzeci\u0105 drog\u0119, rozdzielaj\u0105c kwestie finansowe od \u015bwiatopogl\u0105dowych, co by\u0142o mo\u017cliwe dzi\u0119ki trybowi procedowania dw\u00f3ch odr\u0119bnych akt\u00f3w prawnych. W or\u0119dziu wyg\u0142oszonym po podpisaniu ustawy, jasno zaznaczy\u0142 swoje stanowisko. Prezydent podkre\u015bli\u0142, \u017ce bezpiecze\u0144stwo finansowe nauczycieli jest absolutnym priorytetem pa\u0144stwa, dlatego zdecydowa\u0142 si\u0119 podpisa\u0107 ustaw\u0119 dotycz\u0105c\u0105 wzrostu wynagrodze\u0144 i dodatk\u00f3w. Dzi\u0119ki temu podwy\u017cki nie s\u0105 zagro\u017cone i trafi\u0105 na konta pedagog\u00f3w zgodnie z planem.<\/p>\n\n\n\n<p>Jednak prezydent powiedzia\u0142 stanowcze &#8220;nie&#8221; ustawie towarzysz\u0105cej, wprowadzaj\u0105cej zmiany w podstawie programowej. Karol Nawrocki zawetowa\u0142 przepisy dotycz\u0105ce wprowadzenia nowego przedmiotu &#8220;Edukacja o zdrowiu i seksualno\u015bci&#8221; w kszta\u0142cie proponowanym przez resort, a tak\u017ce ograniczenia roli kurator\u00f3w o\u015bwiaty.<\/p>\n\n\n\n<p>Nie mog\u0119 wyrazi\u0107 zgody na wprowadzanie do szk\u00f3\u0142 tre\u015bci, kt\u00f3re budz\u0105 tak g\u0142\u0119boki sprzeciw rodzic\u00f3w i naruszaj\u0105 ich konstytucyjne prawo do wychowania dzieci zgodnie z w\u0142asnymi przekonaniami. Szko\u0142a musi by\u0107 wolna od ideologii, a rola pa\u0144stwa w nadzorze pedagogicznym nie mo\u017ce by\u0107 marginalizowana \u2013 argumentowa\u0142 prezydent.<\/p>\n\n\n\n<p>Weto dotyczy\u0142o wi\u0119c tzw. ustawy oko\u0142obud\u017cetowej w cz\u0119\u015bci wprowadzaj\u0105cej zmiany programowe bez szerokich konsultacji spo\u0142ecznych. Prezydent wskaza\u0142, \u017ce kwestie wynagrodze\u0144 powinny by\u0107 procedowane oddzielnie od kwestii \u015bwiatopogl\u0105dowych. Decyzja ta oznacza, \u017ce przepisy o podwy\u017ckach wchodz\u0105 w \u017cycie, natomiast kontrowersyjne zmiany w podstawie programowej i nadzorze kuratoryjnym wracaj\u0105 do Sejmu.<\/p>\n\n\n\n<p>Reakcja MEN. Barbara Nowacka: &#8220;Reforma wejdzie do szk\u00f3\u0142&#8221;<br>Ministerstwo Edukacji Narodowej zareagowa\u0142o na decyzj\u0119 prezydenta b\u0142yskawicznie. Resort, kierowany przez Barbar\u0119 Nowack\u0105, uspokaja \u015brodowisko nauczycielskie, jednocze\u015bnie zapowiadaj\u0105c, \u017ce nie zrezygnuje ze swoich plan\u00f3w reformatorskich. Na konferencji prasowej stwierdzono wprost: \u201cWeto prezydenta w zakresie zmian programowych niczego nie zmienia w kontek\u015bcie harmonogramu\u201d.<\/p>\n\n\n\n<p>Rozumiem, \u017ce to nie podoba si\u0119 panu prezydentowi \u2013 bo m\u0142odzie\u017c, kt\u00f3ra my\u015bli kreatywnie i sprawczo, kt\u00f3ra nie boi si\u0119 zadawa\u0107 pyta\u0144 i czasem neguje mo\u017ce by\u0107 ci\u0119\u017cka dla prawicy, kt\u00f3ra by chcia\u0142a \u017ceby m\u0142odzie\u017c tylko s\u0142ucha\u0142a, bi\u0142a brawo i maszerowa\u0142a w rytm ich pie\u015bni politycznych \u2013 powiedzia\u0142a na pi\u0105tkowej konferencji prasowej Barbara Nowacka.<\/p>\n\n\n\n<p>Nawrocki zdecydowa\u0142, czerwone \u015bwiat\u0142o dla reformy edukacji. MEN ma plan awaryjny<br>Fot. KAPIF<br>MEN stoi na stanowisku, \u017ce prezydent, blokuj\u0105c zmiany ustawowe, pr\u00f3buje hamowa\u0107 modernizacj\u0119 polskiej szko\u0142y, ale resort znajdzie spos\u00f3b na omini\u0119cie tej przeszkody. Je\u015bli chodzi o pieni\u0105dze \u2013 tu panuje zgoda. Nauczyciele otrzymaj\u0105 wy\u017csze pensje. Natomiast sp\u00f3r o to, czego i jak b\u0119d\u0105 uczy\u0107, wchodzi w now\u0105, ostr\u0105 faz\u0119. Weto Karola Nawrockiego to wyra\u017any sygna\u0142, \u017ce Pa\u0142ac Prezydencki b\u0119dzie w 2026 roku ostatnim bastionem oporu wobec zmian kulturowych w o\u015bwiacie, co zwiastuje gor\u0105c\u0105 wiosn\u0119 w polskiej polityce.<\/p>\n","protected":false},"excerpt":{"rendered":"<p>Koniec roku 2025 przyni\u00f3s\u0142 w polskiej polityce kolejne trz\u0119sienie ziemi, tym razem na linii Pa\u0142ac Prezydencki &#8211; Ministerstwo Edukacji Narodowej. Oczy setek tysi\u0119cy pedagog\u00f3w zwr\u00f3cone by\u0142y w stron\u0119 Karola Nawrockiego, kt\u00f3ry mia\u0142 zadecydowa\u0107 o losach nowelizacji Karty Nauczyciela. Ustawa ta, kluczowa dla portfeli pracownik\u00f3w o\u015bwiaty, sta\u0142a si\u0119 przedmiotem gor\u0105cej debaty politycznej. Prezydent podj\u0105\u0142 zaskakuj\u0105ca decyzj\u0119. &#8230; <a title=\"Nawrocki zdecydowa\u0142, czerwone \u015bwiat\u0142o dla reformy edukacji. MEN ma plan awaryjny\" class=\"read-more\" href=\"https:\/\/dobrezrodla.com\/?p=12957\" aria-label=\"Read more about Nawrocki zdecydowa\u0142, czerwone \u015bwiat\u0142o dla reformy edukacji. MEN ma plan awaryjny\">Read more<\/a><\/p>\n","protected":false},"author":1,"featured_media":0,"comment_status":"open","ping_status":"open","sticky":false,"template":"","format":"standard","meta":{"footnotes":""},"categories":[1],"tags":[],"class_list":["post-12957","post","type-post","status-publish","format-standard","hentry","category-uncategorized"],"_links":{"self":[{"href":"https:\/\/dobrezrodla.com\/index.php?rest_route=\/wp\/v2\/posts\/12957","targetHints":{"allow":["GET"]}}],"collection":[{"href":"https:\/\/dobrezrodla.com\/index.php?rest_route=\/wp\/v2\/posts"}],"about":[{"href":"https:\/\/dobrezrodla.com\/index.php?rest_route=\/wp\/v2\/types\/post"}],"author":[{"embeddable":true,"href":"https:\/\/dobrezrodla.com\/index.php?rest_route=\/wp\/v2\/users\/1"}],"replies":[{"embeddable":true,"href":"https:\/\/dobrezrodla.com\/index.php?rest_route=%2Fwp%2Fv2%2Fcomments&post=12957"}],"version-history":[{"count":1,"href":"https:\/\/dobrezrodla.com\/index.php?rest_route=\/wp\/v2\/posts\/12957\/revisions"}],"predecessor-version":[{"id":12958,"href":"https:\/\/dobrezrodla.com\/index.php?rest_route=\/wp\/v2\/posts\/12957\/revisions\/12958"}],"wp:attachment":[{"href":"https:\/\/dobrezrodla.com\/index.php?rest_route=%2Fwp%2Fv2%2Fmedia&parent=12957"}],"wp:term":[{"taxonomy":"category","embeddable":true,"href":"https:\/\/dobrezrodla.com\/index.php?rest_route=%2Fwp%2Fv2%2Fcategories&post=12957"},{"taxonomy":"post_tag","embeddable":true,"href":"https:\/\/dobrezrodla.com\/index.php?rest_route=%2Fwp%2Fv2%2Ftags&post=12957"}],"curies":[{"name":"wp","href":"https:\/\/api.w.org\/{rel}","templated":true}]}}