{"id":12959,"date":"2025-12-23T18:12:49","date_gmt":"2025-12-23T18:12:49","guid":{"rendered":"https:\/\/dobrezrodla.com\/?p=12959"},"modified":"2025-12-23T18:12:49","modified_gmt":"2025-12-23T18:12:49","slug":"tragedia-w-kopalni-pniowek-karol-nawrocki-zabral-glos-w-sprawie-3","status":"publish","type":"post","link":"https:\/\/dobrezrodla.com\/?p=12959","title":{"rendered":"Tragedia w kopalni Pni\u00f3wek. Karol Nawrocki zabra\u0142 g\u0142os w sprawie"},"content":{"rendered":"\n<p>Dzie\u0144 przed Wigili\u0105 Polsk\u0119 obieg\u0142y wstrz\u0105saj\u0105ce wie\u015bci z Kopalni W\u0119gla Kamiennego \u201ePni\u00f3wek\u201d w Paw\u0142owicach. Za po\u015brednictwem medi\u00f3w spo\u0142eczno\u015bciowych, Prezydent Karol Nawrocki opublikowa\u0142 na platformie X oficjalne kondolencje, informuj\u0105c o tragicznej \u015bmierci dw\u00f3ch g\u00f3rnik\u00f3w. Informacja ta, udost\u0119pniona wczesnym rankiem 23 grudnia 2025 roku, sta\u0142a si\u0119 dla opinii publicznej g\u0142\u00f3wnym \u017ar\u00f3d\u0142em doniesie\u0144 o dramatycznym finale nocnej akcji ratowniczej, rzucaj\u0105c mroczny cie\u0144 na nadchodz\u0105ce \u015bwi\u0119ta Bo\u017cego Narodzenia.<\/p>\n\n\n\n<p>\u015amiertelny wypadek na poziomie 830 metr\u00f3w<br>Prezydent Nawrocki \u0142\u0105czy si\u0119 w b\u00f3lu i modlitwie<br>Ofiary to do\u015bwiadczeni pracownicy kopalni<br>Wigilia w cieniu czarnego z\u0142ota<br>\u015amiertelny wypadek na poziomie 830 metr\u00f3w<br>Do tragicznego zdarzenia dosz\u0142o w poniedzia\u0142kowy wiecz\u00f3r, 22 grudnia, oko\u0142o godziny 17:10. W przodku N-9, na g\u0142\u0119boko\u015bci 830 metr\u00f3w pod ziemi\u0105, nast\u0105pi\u0142 gwa\u0142towny i niespodziewany wyrzut metanu wraz z mas\u0105 skaln\u0105. W zagro\u017conym rejonie pracowa\u0142o \u0142\u0105cznie dziesi\u0119ciu g\u00f3rnik\u00f3w. Cho\u0107 o\u015bmiu z nich zdo\u0142a\u0142o si\u0119 bezpiecznie ewakuowa\u0107 tu\u017c po zarejestrowaniu przez czujniki niebezpiecznego st\u0119\u017cenia gazu, kontakt z dwoma pracownikami zosta\u0142 natychmiast przerwany. Uruchomi\u0142o to wielogodzinn\u0105, dramatyczn\u0105 akcj\u0119 poszukiwawcz\u0105 z udzia\u0142em zast\u0119p\u00f3w ratowniczych z Centralnej Stacji Ratownictwa G\u00f3rniczego.<\/p>\n\n\n\n<p>Prezydent Nawrocki \u0142\u0105czy si\u0119 w b\u00f3lu i modlitwie<br>Oficjalne potwierdzenie najgorszego scenariusza nadesz\u0142o rano, gdy g\u0142os w sprawie tragedii zabra\u0142 Karol Nawrocki. O godzinie 6:58 podzieli\u0142 si\u0119 on smutn\u0105 nowin\u0105 na swoim profilu w serwisie X, bazuj\u0105c na raportach sp\u0142ywaj\u0105cych ze sztabu kryzysowego. W kr\u00f3tkim, ale pe\u0142nym emocji wpisie przekaza\u0142, \u017ce z ogromnym smutkiem przyj\u0105\u0142 informacj\u0119 o \u015bmierci pracownik\u00f3w kopalni. Prezydent podkre\u015bli\u0142, \u017ce w tych trudnych chwilach \u201e\u0142\u0105czy si\u0119 w b\u00f3lu i modlitwie z Rodzinami oraz Bliskimi zmar\u0142ych\u201d, co nada\u0142o tragedii wymiar narodowej \u017ca\u0142oby w przededniu \u015bwi\u0105t.<\/p>\n\n\n\n<p>Z ogromnym smutkiem przyj\u0105\u0142em informacj\u0119 o tragicznej \u015bmierci dw\u00f3ch g\u00f3rnik\u00f3w z Kopalni Pni\u00f3wek.<br>Sk\u0142adaj\u0105c wyrazy najszczerszego wsp\u00f3\u0142czucia \u0142\u0105cz\u0119 si\u0119 w b\u00f3lu i modlitwie z Rodzinami oraz Bliskimi zmar\u0142ych.<\/p>\n\n\n\n<p>\u2014 Karol Nawrocki (@NawrockiKn) December 23, 2025<br>Ofiary to do\u015bwiadczeni pracownicy kopalni<br>Zmarli g\u00f3rnicy byli filarami za\u0142ogi Jastrz\u0119bskiej Sp\u00f3\u0142ki W\u0119glowej. Jak donosi TVP Katowice, ofiary to m\u0119\u017cczy\u017ani w wieku 40 i 41 lat, kt\u00f3rzy posiadali kilkunastoletni sta\u017c pracy pod ziemi\u0105 i doskonale znali specyfik\u0119 zagro\u017ce\u0144 metanowych. Jeden z nich pe\u0142ni\u0142 odpowiedzialn\u0105 funkcj\u0119 operatora kombajnu chodnikowego. Jak poinformowa\u0142 wiceprezes JSW Adam Rozmus, rodziny tragicznie zmar\u0142ych zosta\u0142y ju\u017c powiadomione o odnalezieniu cia\u0142 i obj\u0119te natychmiastow\u0105 opiek\u0105 psychologiczn\u0105 oraz materialn\u0105, aby cho\u0107 w niewielkim stopniu wesprze\u0107 je w prze\u017cywaniu tej nag\u0142ej straty.<\/p>\n\n\n\n<p>Wigilia w cieniu czarnego z\u0142ota<br>Tragedia w kopalni Pni\u00f3wek nabiera szczeg\u00f3lnej, bolesnej wymowy ze wzgl\u0119du na dat\u0119 kalendarzow\u0105. Wiadomo\u015b\u0107 o \u015bmierci g\u00f3rnik\u00f3w dotar\u0142a do bliskich zaledwie dzie\u0144 przed wigilijnym wieczorem, zamieniaj\u0105c czas radosnego oczekiwania w okres g\u0142\u0119bokiego smutku. Wydarzenie to po raz kolejny przypomina o najwy\u017cszej cenie, jak\u0105 codziennie p\u0142ac\u0105 g\u00f3rnicy za swoj\u0105 ci\u0119\u017ck\u0105 prac\u0119. Dla dw\u00f3ch rodzin tegoroczne \u015bwi\u0119ta b\u0119d\u0105 czasem pustego miejsca przy stole, kt\u00f3rego nie wype\u0142ni ju\u017c \u017cadna tradycja, a jedynie pami\u0119\u0107 o tych, kt\u00f3rzy nie wyjechali na powierzchni\u0119.<\/p>\n","protected":false},"excerpt":{"rendered":"<p>Dzie\u0144 przed Wigili\u0105 Polsk\u0119 obieg\u0142y wstrz\u0105saj\u0105ce wie\u015bci z Kopalni W\u0119gla Kamiennego \u201ePni\u00f3wek\u201d w Paw\u0142owicach. Za po\u015brednictwem medi\u00f3w spo\u0142eczno\u015bciowych, Prezydent Karol Nawrocki opublikowa\u0142 na platformie X oficjalne kondolencje, informuj\u0105c o tragicznej \u015bmierci dw\u00f3ch g\u00f3rnik\u00f3w. Informacja ta, udost\u0119pniona wczesnym rankiem 23 grudnia 2025 roku, sta\u0142a si\u0119 dla opinii publicznej g\u0142\u00f3wnym \u017ar\u00f3d\u0142em doniesie\u0144 o dramatycznym finale nocnej akcji &#8230; <a title=\"Tragedia w kopalni Pni\u00f3wek. Karol Nawrocki zabra\u0142 g\u0142os w sprawie\" class=\"read-more\" href=\"https:\/\/dobrezrodla.com\/?p=12959\" aria-label=\"Read more about Tragedia w kopalni Pni\u00f3wek. Karol Nawrocki zabra\u0142 g\u0142os w sprawie\">Read more<\/a><\/p>\n","protected":false},"author":1,"featured_media":0,"comment_status":"open","ping_status":"open","sticky":false,"template":"","format":"standard","meta":{"footnotes":""},"categories":[1],"tags":[],"class_list":["post-12959","post","type-post","status-publish","format-standard","hentry","category-uncategorized"],"_links":{"self":[{"href":"https:\/\/dobrezrodla.com\/index.php?rest_route=\/wp\/v2\/posts\/12959","targetHints":{"allow":["GET"]}}],"collection":[{"href":"https:\/\/dobrezrodla.com\/index.php?rest_route=\/wp\/v2\/posts"}],"about":[{"href":"https:\/\/dobrezrodla.com\/index.php?rest_route=\/wp\/v2\/types\/post"}],"author":[{"embeddable":true,"href":"https:\/\/dobrezrodla.com\/index.php?rest_route=\/wp\/v2\/users\/1"}],"replies":[{"embeddable":true,"href":"https:\/\/dobrezrodla.com\/index.php?rest_route=%2Fwp%2Fv2%2Fcomments&post=12959"}],"version-history":[{"count":1,"href":"https:\/\/dobrezrodla.com\/index.php?rest_route=\/wp\/v2\/posts\/12959\/revisions"}],"predecessor-version":[{"id":12960,"href":"https:\/\/dobrezrodla.com\/index.php?rest_route=\/wp\/v2\/posts\/12959\/revisions\/12960"}],"wp:attachment":[{"href":"https:\/\/dobrezrodla.com\/index.php?rest_route=%2Fwp%2Fv2%2Fmedia&parent=12959"}],"wp:term":[{"taxonomy":"category","embeddable":true,"href":"https:\/\/dobrezrodla.com\/index.php?rest_route=%2Fwp%2Fv2%2Fcategories&post=12959"},{"taxonomy":"post_tag","embeddable":true,"href":"https:\/\/dobrezrodla.com\/index.php?rest_route=%2Fwp%2Fv2%2Ftags&post=12959"}],"curies":[{"name":"wp","href":"https:\/\/api.w.org\/{rel}","templated":true}]}}