{"id":13009,"date":"2025-12-24T10:18:53","date_gmt":"2025-12-24T10:18:53","guid":{"rendered":"https:\/\/dobrezrodla.com\/?p=13009"},"modified":"2025-12-24T10:18:53","modified_gmt":"2025-12-24T10:18:53","slug":"ambasador-polski-we-francji-i-zlote-dziecko-pis-zatrzymani-przez-cba","status":"publish","type":"post","link":"https:\/\/dobrezrodla.com\/?p=13009","title":{"rendered":"Ambasador Polski we Francji i \u201ez\u0142ote dziecko PiS\u201d zatrzymani przez CBA"},"content":{"rendered":"\n<p>Od poniedzia\u0142kowego poranka s\u0142u\u017cby prowadzi\u0142y skoordynowan\u0105 akcj\u0119 zatrzyma\u0144 i przedstawiania zarzut\u00f3w urz\u0119dnikom pa\u0144stwowym, wieloletnim parlamentarzystom PiS oraz ambasadorowi Polski we Francji. Czynno\u015bci zako\u0144czy\u0142y si\u0119 dzi\u015b nad ranem po serii wielogodzinnych przes\u0142ucha\u0144 i konfrontacji w \u015al\u0105skim Wydziale Zamiejscowym Departamentu do Spraw Przest\u0119pczo\u015bci Zorganizowanej i Korupcji Prokuratury Krajowej w Katowicach.<\/p>\n\n\n\n<h2 class=\"wp-block-heading\">Seria zatrzyma\u0144 przez CBA<\/h2>\n\n\n\n<p><strong>Max K. i Pawe\u0142 P.<\/strong>&nbsp;zostali zatrzymani w swoich domach \u2013 jeden w poniedzia\u0142ek, drugi we wtorek \u2013 a nast\u0119pnie przewiezieni do Katowic, gdzie przez kolejne godziny sk\u0142adali wyja\u015bnienia i brali udzia\u0142 w konfrontacjach. Wed\u0142ug naszych informacji mniej wi\u0119cej o tej samej porze prowadzone by\u0142y czynno\u015bci z udzia\u0142em&nbsp;<strong>Jana R., obecnego ambasadora RP we Francji<\/strong>, kt\u00f3ry wczoraj w po\u0142udnie rejsowym samolotem wyl\u0105dowa\u0142 na warszawskim &#8220;Ok\u0119ciu&#8221;. Przed samolotem czekali na niego funkcjonariusze CBA, kt\u00f3rzy go zatrzymali i &nbsp; samochodem zawie\u017ali do Katowic. Czynno\u015bci z udzia\u0142em ambasadora R. zako\u0144czy\u0142y si\u0119 dzi\u015b oko\u0142o 4 nad ranem.<\/p>\n\n\n\n<p><strong>\u015aledztwo dotyczy procederu pozyskiwania dyplom\u00f3w MBA w prywatnej uczelni kierowanej przez Paw\u0142a C., kt\u00f3re nast\u0119pnie mia\u0142y by\u0107 wykorzystywane jako formalna przepustka do zasiadania w radach nadzorczych sp\u00f3\u0142ek Skarbu Pa\u0144stwa.&nbsp;<\/strong>Wed\u0142ug relacji obrony Pawe\u0142 C. wsp\u00f3\u0142pracuje z prokuratur\u0105 i w toku \u015bledztwa opisuje mechanizmy nacisk\u00f3w ze strony os\u00f3b pe\u0142ni\u0105cych kluczowe funkcje zarz\u0105dcze w pa\u0144stwie.<\/p>\n\n\n\n<h2 class=\"wp-block-heading\">Kim s\u0105 zatrzymani?<\/h2>\n\n\n\n<p><strong>Maks K. \u2013 parlamentarzysta PiS kilku kadencji, by\u0142y eurodeputowany i by\u0142y wiceprezes PKO BP \u2013 ma by\u0107 w tym uk\u0142adzie postaci\u0105 centraln\u0105.<\/strong>&nbsp;Z naszych ustale\u0144 &nbsp;wynika, \u017ce to on ca\u0142ej tr\u00f3jce w tym swojej siostrze \u201eza\u0142atwi\u0142&#8221; dyplomy MBA. By\u0142y dla niekt\u00f3rych m.in. ambasadora Jana R. &nbsp;przepustk\u0105 do rad nadzorczych sp\u00f3\u0142ek Skarbu Pa\u0144stwa.<\/p>\n\n\n\n<p>Maks K. w rozmowach z Paw\u0142em C. powo\u0142ywa\u0142 si\u0119 &nbsp;na swoje kontakty w resorcie nauki oraz relacje z \u00f3wczesnym wiceministrem i p\u00f3\u017aniejszym rzecznikiem rz\u0105du Piotrem M\u00fcllerem. Obieca\u0142 C., \u017ce pomo\u017ce za\u0142atwi\u0107 jego spraw\u0119 szybko. Pawe\u0142 C. stara\u0142 si\u0119 w\u00f3wczas o dokumentacj\u0119 pozwalaj\u0105c\u0105 otworzy\u0107 w\u0142asn\u0105 uczelni\u0119. Maks K. nie zrobi\u0142 jednak nic opr\u00f3cz tego, \u017ce podczas jednej z rozm\u00f3w da\u0142 do zrozumienia Paw\u0142owi C., \u017ce sprawa znacznie przyspieszy, je\u015bli odkupi on od niego szwajcarski zegarek, kt\u00f3ry dosta\u0142, a jest mu niepotrzebny. Za szwajcarsk\u0105 bi\u017cuteri\u0119 Pawe\u0142 C. zap\u0142aci\u0142 kilkana\u015bcie tysi\u0119cy dolar\u00f3w.<\/p>\n\n\n\n<p>Cho\u0107&nbsp;<strong>Maks K. &nbsp;nie przyznaje si\u0119 do winy, to us\u0142ysza\u0142 kilka zarzut\u00f3w w sprawie dyplom\u00f3w<\/strong>, jak i powo\u0142ywania si\u0119 na wp\u0142ywy. W tej sprawie przes\u0142uchany zosta\u0142 te\u017c by\u0142y rzecznik rz\u0105du Piotr Miller z PiS.<\/p>\n\n\n\n<p><strong>Pawe\u0142 P. to bankowiec z ponad dwudziestoletnim do\u015bwiadczeniem w finansach, przez wiele lat zwi\u0105zany z Grup\u0105 PKO&nbsp;<\/strong>\u2013 m.in. jako szef pionu klient\u00f3w korporacyjnych i prezes PKO Leasing \u2013 a od niedawna cz\u0142onek zarz\u0105du VeloBanku odpowiedzialny za obszar business bankingu. Wed\u0142ug naszych informacji Pach, podobnie jak inni mened\u017cerowie obj\u0119ci post\u0119powaniem, mia\u0142 korzysta\u0107 z dyplomu MBA w procesie nominacji do organ\u00f3w nadzorczych sp\u00f3\u0142ek Skarbu Pa\u0144stwa, czemu obecnie przygl\u0105daj\u0105 si\u0119 \u015bledczy.<\/p>\n\n\n\n<p><strong>Jan R., bankowiec i dyplomata, to by\u0142y wiceprezes a potem prezes PKO BP i od 2022 r. ambasador RP we Francji.<\/strong>&nbsp;W jego przypadku prokuratura koncentruje si\u0119 na w\u0105tku pos\u0142ugiwania si\u0119 dyplomem MBA, kt\u00f3ry mia\u0142 zosta\u0107 wystawiony, mimo braku realnych studi\u00f3w i wykorzystany w procesie obejmowania funkcji w sp\u00f3\u0142kach Skarbu Pa\u0144stwa, w tym w radzie nadzorczej Banku Pocztowego nale\u017c\u0105cego do Poczty Polskiej. Ambasador, przes\u0142uchiwany do godzin porannych, nie przyzna\u0142 si\u0119 do winy i mia\u0142 us\u0142ysze\u0107 kilka zarzut\u00f3w, w tym dotycz\u0105cych pos\u0142ugiwania si\u0119 sfa\u0142szowanym dokumentem.<\/p>\n\n\n\n<p><strong>Do momentu publikacji nie uda\u0142o nam si\u0119 uzyska\u0107 oficjalnej informacji z prokuratury i CBA.<\/strong><\/p>\n\n\n\n<h2 class=\"wp-block-heading\">Zarzuty dla zatrzymanych<\/h2>\n\n\n\n<p>Tymczasem wed\u0142ug obro\u0144cy Paw\u0142a C., mecenasa Ryszarda Kalisza:<\/p>\n\n\n\n<blockquote class=\"wp-block-quote is-layout-flow wp-block-quote-is-layout-flow\">\n<p>Konfrontacje potwierdzi\u0142y wczesniejsze wyja\u015bnienia Paw\u0142a C. o instrumentalnym wykorzystaniu jego pozycji &#8211; rektora przez osoby zarz\u0105dzaj\u0105ce sp\u00f3\u0142kami skarbu pa\u0144stwa dla cel\u00f3w osobistych i maj\u0105tkowych &#8211; obiecuj\u0105c wp\u0142ywy w MNiSW, a faktycznie blokuj\u0105c jego wniosek o za\u0142o\u017cenie w\u0142asnej uczelni. Tworzy\u0142y zale\u017cno\u015bci, aby realizowa\u0107 swoje cele; Pawe\u0142 C. wsp\u00f3\u0142pracuje z prokuratur\u0105 i w toku \u015bledztwa konsekwentnie ujawnia mechanizmy nadu\u017cywania w\u0142adzy oraz osoby instrumentalnie wykorzystuj\u0105ce stanowiska publiczne \u2013 podkre\u015bla Kalisz.<\/p>\n<\/blockquote>\n\n\n\n<p>W tym w\u0105tku \u015bledztwa kilka tygodni temu<strong>&nbsp;zarzuty us\u0142ysza\u0142 te\u017c Micha\u0142 S., prezes BBI Development odpowiadaj\u0105cej za budow\u0119 Roma Tower z\u0142o\u015bliwie nazywan\u0105 &#8220;Nycz Tower&#8221;<\/strong>. On te\u017c &#8220;potrzebowa\u0142&#8221; dyplom. W prokuraturze stawi\u0142 si\u0119 na wezwanie.<\/p>\n\n\n\n<p>Podobnie by\u0142o z siostr\u0105 Maksa K., Paul\u0105 G.&nbsp;<strong>Kobieta nie przyzna\u0142a si\u0119 do winy<\/strong>. Wyja\u015bni\u0142a, \u017ce nic nie pami\u0119ta. R\u00f3wnie\u017c us\u0142ysza\u0142a zarzuty.<\/p>\n\n\n\n<p>Wobec wszystkich podejrzanych prokurator zastosowa\u0142 \u015brodki zapobiegawcze: por\u0119czenie maj\u0105tkowe, doz\u00f3r policyjny oraz wobec niekt\u00f3rych zakaz opuszczania kraju.<\/p>\n","protected":false},"excerpt":{"rendered":"<p>Od poniedzia\u0142kowego poranka s\u0142u\u017cby prowadzi\u0142y skoordynowan\u0105 akcj\u0119 zatrzyma\u0144 i przedstawiania zarzut\u00f3w urz\u0119dnikom pa\u0144stwowym, wieloletnim parlamentarzystom PiS oraz ambasadorowi Polski we Francji. Czynno\u015bci zako\u0144czy\u0142y si\u0119 dzi\u015b nad ranem po serii wielogodzinnych przes\u0142ucha\u0144 i konfrontacji w \u015al\u0105skim Wydziale Zamiejscowym Departamentu do Spraw Przest\u0119pczo\u015bci Zorganizowanej i Korupcji Prokuratury Krajowej w Katowicach. Seria zatrzyma\u0144 przez CBA Max K. i &#8230; <a title=\"Ambasador Polski we Francji i \u201ez\u0142ote dziecko PiS\u201d zatrzymani przez CBA\" class=\"read-more\" href=\"https:\/\/dobrezrodla.com\/?p=13009\" aria-label=\"Read more about Ambasador Polski we Francji i \u201ez\u0142ote dziecko PiS\u201d zatrzymani przez CBA\">Read more<\/a><\/p>\n","protected":false},"author":1,"featured_media":0,"comment_status":"open","ping_status":"open","sticky":false,"template":"","format":"standard","meta":{"footnotes":""},"categories":[1],"tags":[],"class_list":["post-13009","post","type-post","status-publish","format-standard","hentry","category-uncategorized"],"_links":{"self":[{"href":"https:\/\/dobrezrodla.com\/index.php?rest_route=\/wp\/v2\/posts\/13009","targetHints":{"allow":["GET"]}}],"collection":[{"href":"https:\/\/dobrezrodla.com\/index.php?rest_route=\/wp\/v2\/posts"}],"about":[{"href":"https:\/\/dobrezrodla.com\/index.php?rest_route=\/wp\/v2\/types\/post"}],"author":[{"embeddable":true,"href":"https:\/\/dobrezrodla.com\/index.php?rest_route=\/wp\/v2\/users\/1"}],"replies":[{"embeddable":true,"href":"https:\/\/dobrezrodla.com\/index.php?rest_route=%2Fwp%2Fv2%2Fcomments&post=13009"}],"version-history":[{"count":1,"href":"https:\/\/dobrezrodla.com\/index.php?rest_route=\/wp\/v2\/posts\/13009\/revisions"}],"predecessor-version":[{"id":13010,"href":"https:\/\/dobrezrodla.com\/index.php?rest_route=\/wp\/v2\/posts\/13009\/revisions\/13010"}],"wp:attachment":[{"href":"https:\/\/dobrezrodla.com\/index.php?rest_route=%2Fwp%2Fv2%2Fmedia&parent=13009"}],"wp:term":[{"taxonomy":"category","embeddable":true,"href":"https:\/\/dobrezrodla.com\/index.php?rest_route=%2Fwp%2Fv2%2Fcategories&post=13009"},{"taxonomy":"post_tag","embeddable":true,"href":"https:\/\/dobrezrodla.com\/index.php?rest_route=%2Fwp%2Fv2%2Ftags&post=13009"}],"curies":[{"name":"wp","href":"https:\/\/api.w.org\/{rel}","templated":true}]}}