{"id":13011,"date":"2025-12-24T10:19:22","date_gmt":"2025-12-24T10:19:22","guid":{"rendered":"https:\/\/dobrezrodla.com\/?p=13011"},"modified":"2025-12-24T10:19:22","modified_gmt":"2025-12-24T10:19:22","slug":"tragedia-w-wigilijny-poranek-w-wypadku-zginelo-6-osob","status":"publish","type":"post","link":"https:\/\/dobrezrodla.com\/?p=13011","title":{"rendered":"Tragedia w wigilijny poranek. W wypadku zgin\u0119\u0142o 6 os\u00f3b"},"content":{"rendered":"\n<p>W wigilijny poranek na Dolnym \u015al\u0105sku dosz\u0142o do tragicznego wypadku drogowego, w kt\u00f3rym zgin\u0119\u0142o sze\u015b\u0107 os\u00f3b, a kluczowe skrzy\u017cowanie dr\u00f3g krajowych zosta\u0142o ca\u0142kowicie zablokowane.<\/p>\n\n\n\n<ul class=\"wp-block-list\">\n<li>do czo\u0142owego zderzenia dosz\u0142o na skrzy\u017cowaniu DK 39 i DK 94<\/li>\n\n\n\n<li>jeden z samochod\u00f3w po wypadku stan\u0105\u0142 w p\u0142omieniach<\/li>\n\n\n\n<li>wszystkie osoby podr\u00f3\u017cuj\u0105ce pojazdami zgin\u0119\u0142y na miejscu<\/li>\n\n\n\n<li>na miejscu wci\u0105\u017c pracuj\u0105 s\u0142u\u017cby pod nadzorem prokuratury<\/li>\n<\/ul>\n\n\n\n<h2 class=\"wp-block-heading\">Dramatyczny wypadek w Wigili\u0119. Sze\u015b\u0107 os\u00f3b nie \u017cyje<\/h2>\n\n\n\n<p>Do tragedii dosz\u0142o w \u015brod\u0119 24 grudnia oko\u0142o godziny 6:30 w miejscowo\u015bci&nbsp;<strong>Ziel\u0119cice<\/strong>, w powiecie brzeskim. Na skrzy\u017cowaniu drogi krajowej nr 39 z drog\u0105 krajow\u0105 nr 94 dosz\u0142o do czo\u0142owego zderzenia dw\u00f3ch samochod\u00f3w osobowych. By\u0142 to poranny szczyt komunikacyjny, kiedy wielu kierowc\u00f3w by\u0142o ju\u017c w drodze do pracy lub w \u015bwi\u0105tecznych podr\u00f3\u017cach do rodzin.<\/p>\n\n\n\n<p><strong>Zderzy\u0142y si\u0119 dwa auta osobowe poruszaj\u0105ce si\u0119 w przeciwnych kierunkach<\/strong>. Wed\u0142ug wst\u0119pnych informacji<strong>&nbsp;w jednym z pojazd\u00f3w podr\u00f3\u017cowa\u0142o pi\u0119\u0107 os\u00f3b, w drugim jedna.<\/strong>&nbsp;Si\u0142a uderzenia by\u0142a tak du\u017ca, \u017ce jeden z samochod\u00f3w niemal natychmiast stan\u0105\u0142 w ogniu. Na miejsce wezwano stra\u017c po\u017carn\u0105, zespo\u0142y ratownictwa medycznego oraz policj\u0119.<\/p>\n\n\n\n<p>Ratownicy, kt\u00f3rzy dotarli na miejsce, zastali dramatyczny widok. Wraki pojazd\u00f3w znajdowa\u0142y si\u0119 na skrzy\u017cowaniu, a p\u0142omienie obejmowa\u0142y jeden z samochod\u00f3w. Mimo natychmiastowej akcji ratunkowej,&nbsp;<strong>\u017cycia \u017cadnej z sze\u015bciu os\u00f3b nie uda\u0142o si\u0119 uratowa\u0107. Wszystkie ofiary zgin\u0119\u0142y na miejscu w wyniku odniesionych obra\u017ce\u0144.<\/strong><\/p>\n\n\n\n<p>Tragedia wydarzy\u0142a si\u0119 w Wigili\u0119, co dodatkowo pot\u0119guje jej wymiar. Dla rodzin ofiar ten dzie\u0144 zamiast \u015bwi\u0105tecznego spotkania sta\u0142 si\u0119 momentem niewyobra\u017calnej straty.<\/p>\n\n\n\n<h2 class=\"wp-block-heading\">Zablokowane skrzy\u017cowanie i policyjne czynno\u015bci pod nadzorem prokuratury<\/h2>\n\n\n\n<p>Po wypadku skrzy\u017cowanie dr\u00f3g krajowych nr 39 i 94 zosta\u0142o ca\u0142kowicie zamkni\u0119te dla ruchu. Policja zabezpieczy\u0142a teren i rozpocz\u0119\u0142a szczeg\u00f3\u0142owe czynno\u015bci procesowe. Kierowcy zostali skierowani na objazdy lokalnymi drogami przez Skarbimierz-Osiedle oraz Ziel\u0119cice.<\/p>\n\n\n\n<p>Jak poinformowa\u0142a<strong>&nbsp;Brzeska Policja<\/strong>, na miejscu od rana pracuj\u0105 wszystkie s\u0142u\u017cby pod nadzorem prokuratury z Brzegu. Funkcjonariusze przeprowadzaj\u0105 ogl\u0119dziny miejsca zdarzenia, dokumentuj\u0105 po\u0142o\u017cenie pojazd\u00f3w, zabezpieczaj\u0105 \u015blady oraz ustalaj\u0105 to\u017csamo\u015b\u0107 ofiar.<\/p>\n\n\n\n<p>Na obecnym etapie \u015bledczy nie podaj\u0105 jeszcze przyczyn wypadku. Nie wiadomo r\u00f3wnie\u017c, kt\u00f3ry z kierowc\u00f3w m\u00f3g\u0142 doprowadzi\u0107 do zderzenia. Te kwestie maj\u0105 zosta\u0107 wyja\u015bnione po zako\u0144czeniu ogl\u0119dzin oraz analizie zebranego materia\u0142u dowodowego.<\/p>\n\n\n\n<p><strong>Policja informuje, \u017ce utrudnienia w ruchu nadal wyst\u0119puj\u0105 i apeluje do kierowc\u00f3w o omijanie tego odcinka drogi.<\/strong><\/p>\n\n\n\n<h2 class=\"wp-block-heading\">Apel s\u0142u\u017cb. Policja ostrzega przed po\u015bpiechem w \u015bwi\u0105teczny poranek<\/h2>\n\n\n\n<p>Po tragicznym wypadku policja wystosowa\u0142a apel do wszystkich uczestnik\u00f3w ruchu drogowego. Funkcjonariusze przypominaj\u0105, \u017ce okres \u015bwi\u0105teczny sprzyja po\u015bpiechowi, zm\u0119czeniu i dekoncentracji, co w po\u0142\u0105czeniu z porannymi warunkami drogowymi mo\u017ce prowadzi\u0107 do dramatycznych skutk\u00f3w.<\/p>\n\n\n\n<p>Policja podkre\u015bla, \u017ce kluczowe znaczenie ma dostosowanie pr\u0119dko\u015bci do warunk\u00f3w panuj\u0105cych na drodze, zachowanie bezpiecznego odst\u0119pu oraz unikanie ryzykownych manewr\u00f3w, zw\u0142aszcza na skrzy\u017cowaniach dr\u00f3g o du\u017cym nat\u0119\u017ceniu ruchu.<\/p>\n\n\n\n<p>Funkcjonariusze apeluj\u0105 r\u00f3wnie\u017c o rozs\u0105dek i odpowiedzialno\u015b\u0107 podczas \u015bwi\u0105tecznych podr\u00f3\u017cy. Jak zaznaczaj\u0105, nawet chwila nieuwagi mo\u017ce zako\u0144czy\u0107 si\u0119 tragedi\u0105, kt\u00f3rej konsekwencje dotykaj\u0105 nie tylko uczestnik\u00f3w wypadku, ale tak\u017ce ich bliskich.<\/p>\n\n\n\n<p>To kolejny tragiczny wypadek na polskich drogach w ostatnich dniach. Policja zapowiada wzmo\u017cone kontrole i apeluje o zachowanie szczeg\u00f3lnej ostro\u017cno\u015bci w czasie \u015bwi\u0105t.<\/p>\n","protected":false},"excerpt":{"rendered":"<p>W wigilijny poranek na Dolnym \u015al\u0105sku dosz\u0142o do tragicznego wypadku drogowego, w kt\u00f3rym zgin\u0119\u0142o sze\u015b\u0107 os\u00f3b, a kluczowe skrzy\u017cowanie dr\u00f3g krajowych zosta\u0142o ca\u0142kowicie zablokowane. Dramatyczny wypadek w Wigili\u0119. Sze\u015b\u0107 os\u00f3b nie \u017cyje Do tragedii dosz\u0142o w \u015brod\u0119 24 grudnia oko\u0142o godziny 6:30 w miejscowo\u015bci&nbsp;Ziel\u0119cice, w powiecie brzeskim. Na skrzy\u017cowaniu drogi krajowej nr 39 z drog\u0105 &#8230; <a title=\"Tragedia w wigilijny poranek. W wypadku zgin\u0119\u0142o 6 os\u00f3b\" class=\"read-more\" href=\"https:\/\/dobrezrodla.com\/?p=13011\" aria-label=\"Read more about Tragedia w wigilijny poranek. W wypadku zgin\u0119\u0142o 6 os\u00f3b\">Read more<\/a><\/p>\n","protected":false},"author":1,"featured_media":0,"comment_status":"open","ping_status":"open","sticky":false,"template":"","format":"standard","meta":{"footnotes":""},"categories":[1],"tags":[],"class_list":["post-13011","post","type-post","status-publish","format-standard","hentry","category-uncategorized"],"_links":{"self":[{"href":"https:\/\/dobrezrodla.com\/index.php?rest_route=\/wp\/v2\/posts\/13011","targetHints":{"allow":["GET"]}}],"collection":[{"href":"https:\/\/dobrezrodla.com\/index.php?rest_route=\/wp\/v2\/posts"}],"about":[{"href":"https:\/\/dobrezrodla.com\/index.php?rest_route=\/wp\/v2\/types\/post"}],"author":[{"embeddable":true,"href":"https:\/\/dobrezrodla.com\/index.php?rest_route=\/wp\/v2\/users\/1"}],"replies":[{"embeddable":true,"href":"https:\/\/dobrezrodla.com\/index.php?rest_route=%2Fwp%2Fv2%2Fcomments&post=13011"}],"version-history":[{"count":1,"href":"https:\/\/dobrezrodla.com\/index.php?rest_route=\/wp\/v2\/posts\/13011\/revisions"}],"predecessor-version":[{"id":13012,"href":"https:\/\/dobrezrodla.com\/index.php?rest_route=\/wp\/v2\/posts\/13011\/revisions\/13012"}],"wp:attachment":[{"href":"https:\/\/dobrezrodla.com\/index.php?rest_route=%2Fwp%2Fv2%2Fmedia&parent=13011"}],"wp:term":[{"taxonomy":"category","embeddable":true,"href":"https:\/\/dobrezrodla.com\/index.php?rest_route=%2Fwp%2Fv2%2Fcategories&post=13011"},{"taxonomy":"post_tag","embeddable":true,"href":"https:\/\/dobrezrodla.com\/index.php?rest_route=%2Fwp%2Fv2%2Ftags&post=13011"}],"curies":[{"name":"wp","href":"https:\/\/api.w.org\/{rel}","templated":true}]}}