{"id":13013,"date":"2025-12-24T10:19:48","date_gmt":"2025-12-24T10:19:48","guid":{"rendered":"https:\/\/dobrezrodla.com\/?p=13013"},"modified":"2025-12-24T10:19:49","modified_gmt":"2025-12-24T10:19:49","slug":"fala-komentarzy-po-nagraniu-wlodzimierza-czarzastego-film-zostal-juz-usuniety","status":"publish","type":"post","link":"https:\/\/dobrezrodla.com\/?p=13013","title":{"rendered":"Fala komentarzy po nagraniu W\u0142odzimierza Czarzastego. Film zosta\u0142 ju\u017c usuni\u0119ty"},"content":{"rendered":"\n<p>\u015awi\u0105teczne \u017cyczenia marsza\u0142ka Sejmu W\u0142odzimierza Czarzastego wywo\u0142a\u0142y w internecie fal\u0119 komentarzy. Opublikowany 23 grudnia filmik na profilu Sejm RP na portalu X sta\u0142 si\u0119 punktem gor\u0105cej dyskusji. Internauci krytykowali spos\u00f3b, w jaki polityk odni\u00f3s\u0142 si\u0119 do \u015bwi\u0105t. Kilka godzin p\u00f3\u017aniej wpisu ju\u017c nie by\u0142o.<\/p>\n\n\n\n<ul class=\"wp-block-list\">\n<li>\u015awi\u0119ta to czas blisko\u015bci i spokoju \u2013 przes\u0142anie W\u0142odzimierza Czarzastego<\/li>\n\n\n\n<li>Reakcje internaut\u00f3w<\/li>\n\n\n\n<li>Wpis usuni\u0119ty i kontrowersje nie cichn\u0105<\/li>\n<\/ul>\n\n\n\n<h2 class=\"wp-block-heading\">\u015awi\u0119ta to czas blisko\u015bci i spokoju \u2013 przes\u0142anie W\u0142odzimierza Czarzastego<\/h2>\n\n\n\n<p>W swoim \u015bwi\u0105tecznym nagraniu W\u0142odzimierz Czarzasty podkre\u015bli\u0142 znaczenie spokoju, bezpiecze\u0144stwa i blisko\u015bci rodziny w tym wyj\u0105tkowym okresie. Polityk zach\u0119ca\u0142, aby na kilka dni od\u0142o\u017cy\u0107 na bok spory i konflikty, koncentruj\u0105c si\u0119 na tym, co w \u015bwi\u0119tach najwa\u017cniejsze \u2013 wzajemnej \u017cyczliwo\u015bci i obecno\u015bci bliskich.<\/p>\n\n\n\n<p>Czarzasty przypomnia\u0142, \u017ce \u015bwi\u0119ta to czas na proste, ale wa\u017cne pytania: \u201e<strong>Czy umiemy by\u0107 dla siebie lud\u017ami?\u201d<\/strong>&nbsp;oraz&nbsp;<strong>\u201eB\u0105d\u017amy po prostu razem, blisko. Razem jeste\u015bmy bezpieczni\u201d<\/strong>. W swoim przes\u0142aniu zwr\u00f3ci\u0142 r\u00f3wnie\u017c uwag\u0119 na warto\u015b\u0107 zdrowia i spokoju w codziennym \u017cyciu, wskazuj\u0105c na potrzeb\u0119 odk\u0142adania nienawi\u015bci na bok, zar\u00f3wno w \u017cyciu prywatnym, jak i w przestrzeni publicznej.<\/p>\n\n\n\n<p>Polityk nawi\u0105za\u0142 r\u00f3wnie\u017c do&nbsp;<strong>niedawnego spotkania z prezydentem Ukrainy Wo\u0142odymyrem Ze\u0142enskim<\/strong>, podkre\u015blaj\u0105c, jak wa\u017cne jest docenienie codziennego bezpiecze\u0144stwa i obecno\u015bci najbli\u017cszych.&nbsp;<\/p>\n\n\n\n<blockquote class=\"wp-block-quote is-layout-flow wp-block-quote-is-layout-flow\">\n<p><strong>\u2013 Na co dzie\u0144 pami\u0119tam, jak cennym darem jest zdrowie. Dlatego \u017cycz\u0119 wszystkim pa\u0144stwu, by\u015bmy w te dni od\u0142o\u017cyli nienawi\u015b\u0107 na najwy\u017csz\u0105 p\u00f3\u0142k\u0119 \u2013 m\u00f3wi\u0142 Czarzasty, dodaj\u0105c, \u017ce \u017cyczenia te kieruje w szczeg\u00f3lno\u015bci do os\u00f3b, kt\u00f3rym czego\u015b z tych warto\u015bci brakuje.<\/strong><\/p>\n<\/blockquote>\n\n\n\n<p>W swoim przes\u0142aniu polityk u\u017cy\u0142 tak\u017ce ciep\u0142ej, \u015bwi\u0105tecznej metafory, por\u00f3wnuj\u0105c ojczyzn\u0119 do wsp\u00f3lnego sto\u0142u: ka\u017cdy z nas ma w\u0142asne tradycje i ulubione potrawy, ale wszyscy spotykamy si\u0119 razem przy jednym stole.<\/p>\n\n\n\n<h2 class=\"wp-block-heading\">Reakcje internaut\u00f3w<\/h2>\n\n\n\n<p>Pod wpisem szybko pojawi\u0142y si\u0119 komentarze zwracaj\u0105ce uwag\u0119 na&nbsp;<strong>brak s\u0142\u00f3w \u201eBo\u017ce Narodzenie\u201d<\/strong>. Jeden z u\u017cytkownik\u00f3w napisa\u0142:&nbsp;<\/p>\n\n\n\n<blockquote class=\"wp-block-quote is-layout-flow wp-block-quote-is-layout-flow\">\n<p><strong>\u2013 Dlaczego tak trudno jest wam nazwa\u0107 te dni po imieniu? Przypomn\u0119 wi\u0119c: s\u0105 to \u015awi\u0119ta Bo\u017cego Narodzenia \u2013 czas, w kt\u00f3rym \u015bwi\u0119tujemy narodziny naszego Pana i Kr\u00f3la, Jezusa Chrystusa.&nbsp;<\/strong><\/p>\n<\/blockquote>\n\n\n\n<p>Inny u\u017cytkownik doda\u0142:&nbsp;<\/p>\n\n\n\n<blockquote class=\"wp-block-quote is-layout-flow wp-block-quote-is-layout-flow\">\n<p><strong>\u2013 Jakie to s\u0105 \u015bwi\u0119ta, Panie Marsza\u0142ku, i z jakiej okazji s\u0105 obchodzone?<\/strong><\/p>\n<\/blockquote>\n\n\n\n<p>Pojawia\u0142y si\u0119 te\u017c komentarze krytykuj\u0105ce marsza\u0142ka za pogl\u0105dy polityczne, jak np.:&nbsp;<\/p>\n\n\n\n<blockquote class=\"wp-block-quote is-layout-flow wp-block-quote-is-layout-flow\">\n<p><strong>\u2013 Bo\u017ce Narodzenie mu przez usta przesz\u0142o czy nie bo nie ogl\u0105da\u0142em komunisty.<\/strong><\/p>\n<\/blockquote>\n\n\n\n<h2 class=\"wp-block-heading\">Wpis usuni\u0119ty i kontrowersje nie cichn\u0105<\/h2>\n\n\n\n<p>Kilka godzin po publikacji filmiku,&nbsp;<strong>wpis z \u017cyczeniami marsza\u0142ka Czarzastego zosta\u0142 usuni\u0119ty z profilu Sejm RP na portalu X<\/strong>. Decyzja ta nie zako\u0144czy\u0142a jednak dyskusji \u2013 internauci wci\u0105\u017c komentuj\u0105 zar\u00f3wno sam\u0105 tre\u015b\u0107 nagrania, jak i brak bezpo\u015bredniego u\u017cycia s\u0142\u00f3w \u201eBo\u017ce Narodzenie\u201d.&nbsp;<\/p>\n\n\n\n<p>Dla cz\u0119\u015bci odbiorc\u00f3w filmik by\u0142 pr\u00f3b\u0105 uniwersalnego przes\u0142ania \u015bwi\u0105tecznego, koncentruj\u0105cego si\u0119 na spokoju, bezpiecze\u0144stwie i blisko\u015bci rodziny, ale brak tradycyjnej nazwy \u015bwi\u0105t sta\u0142 si\u0119 punktem sporu. Dyskusja pod wpisem pokazuje, jak du\u017ce znaczenie w percepcji odbiorc\u00f3w ma jedno, brakuj\u0105ce s\u0142owo.<\/p>\n","protected":false},"excerpt":{"rendered":"<p>\u015awi\u0105teczne \u017cyczenia marsza\u0142ka Sejmu W\u0142odzimierza Czarzastego wywo\u0142a\u0142y w internecie fal\u0119 komentarzy. Opublikowany 23 grudnia filmik na profilu Sejm RP na portalu X sta\u0142 si\u0119 punktem gor\u0105cej dyskusji. Internauci krytykowali spos\u00f3b, w jaki polityk odni\u00f3s\u0142 si\u0119 do \u015bwi\u0105t. Kilka godzin p\u00f3\u017aniej wpisu ju\u017c nie by\u0142o. \u015awi\u0119ta to czas blisko\u015bci i spokoju \u2013 przes\u0142anie W\u0142odzimierza Czarzastego W &#8230; <a title=\"Fala komentarzy po nagraniu W\u0142odzimierza Czarzastego. Film zosta\u0142 ju\u017c usuni\u0119ty\" class=\"read-more\" href=\"https:\/\/dobrezrodla.com\/?p=13013\" aria-label=\"Read more about Fala komentarzy po nagraniu W\u0142odzimierza Czarzastego. Film zosta\u0142 ju\u017c usuni\u0119ty\">Read more<\/a><\/p>\n","protected":false},"author":1,"featured_media":0,"comment_status":"open","ping_status":"open","sticky":false,"template":"","format":"standard","meta":{"footnotes":""},"categories":[1],"tags":[],"class_list":["post-13013","post","type-post","status-publish","format-standard","hentry","category-uncategorized"],"_links":{"self":[{"href":"https:\/\/dobrezrodla.com\/index.php?rest_route=\/wp\/v2\/posts\/13013","targetHints":{"allow":["GET"]}}],"collection":[{"href":"https:\/\/dobrezrodla.com\/index.php?rest_route=\/wp\/v2\/posts"}],"about":[{"href":"https:\/\/dobrezrodla.com\/index.php?rest_route=\/wp\/v2\/types\/post"}],"author":[{"embeddable":true,"href":"https:\/\/dobrezrodla.com\/index.php?rest_route=\/wp\/v2\/users\/1"}],"replies":[{"embeddable":true,"href":"https:\/\/dobrezrodla.com\/index.php?rest_route=%2Fwp%2Fv2%2Fcomments&post=13013"}],"version-history":[{"count":1,"href":"https:\/\/dobrezrodla.com\/index.php?rest_route=\/wp\/v2\/posts\/13013\/revisions"}],"predecessor-version":[{"id":13014,"href":"https:\/\/dobrezrodla.com\/index.php?rest_route=\/wp\/v2\/posts\/13013\/revisions\/13014"}],"wp:attachment":[{"href":"https:\/\/dobrezrodla.com\/index.php?rest_route=%2Fwp%2Fv2%2Fmedia&parent=13013"}],"wp:term":[{"taxonomy":"category","embeddable":true,"href":"https:\/\/dobrezrodla.com\/index.php?rest_route=%2Fwp%2Fv2%2Fcategories&post=13013"},{"taxonomy":"post_tag","embeddable":true,"href":"https:\/\/dobrezrodla.com\/index.php?rest_route=%2Fwp%2Fv2%2Ftags&post=13013"}],"curies":[{"name":"wp","href":"https:\/\/api.w.org\/{rel}","templated":true}]}}