{"id":13017,"date":"2025-12-24T10:23:56","date_gmt":"2025-12-24T10:23:56","guid":{"rendered":"https:\/\/dobrezrodla.com\/?p=13017"},"modified":"2025-12-24T10:23:56","modified_gmt":"2025-12-24T10:23:56","slug":"norweski-biathlonista-znaleziony-martwy-w-hotelowym-pokoju-sivert-guttorm-bakken-mial-27-lat","status":"publish","type":"post","link":"https:\/\/dobrezrodla.com\/?p=13017","title":{"rendered":"Norweski biathlonista znaleziony martwy w hotelowym pokoju. Sivert Guttorm Bakken mia\u0142 27 lat"},"content":{"rendered":"\n<p>\u015awiat sport\u00f3w zimowych pogr\u0105\u017cy\u0142 si\u0119 w \u017ca\u0142obie po doniesieniach o nag\u0142ej \u015bmierci m\u0142odego zawodnika, kt\u00f3ry by\u0142 w trakcie intensywnych przygotowa\u0144 do sezonu. Tragiczne wie\u015bci nadesz\u0142y z W\u0142och, przerywaj\u0105c plany startowe i pozostawiaj\u0105c \u015brodowisko biathlonowe w g\u0142\u0119bokim szoku.<\/p>\n\n\n\n<p>Tragiczna \u015bmier\u0107 27-letniego norweskiego biathlonisty Siverta Guttorma Bakkena<br>Ostatnie starty i olimpijskie ambicje norweskiego biathlonisty<br>\u015aledztwo i wcze\u015bniejsze problemy zdrowotne Siverta Guttorma Bakkena<br>Tragiczna \u015bmier\u0107 27-letniego norweskiego biathlonisty Siverta Guttorma Bakkena<br>Norweski biathlonista Sivert Guttorm Bakken nie \u017cyje, co stanowi ogromn\u0105 strat\u0119 dla norweskiego sportu. Cia\u0142o 27-letniego zawodnika zosta\u0142o znalezione w pokoju hotelowym podczas trwaj\u0105cego obozu treningowego we w\u0142oskim Lavaze. Komentuj\u0105c to zdarzenie, Olle Dahlin stwierdzi\u0142, \u017ce jego \u015bmier\u0107 w tak m\u0142odym wieku jest nie do poj\u0119cia, ale mimo to sportowiec nie zostanie zapomniany i na zawsze pozostanie w naszych sercach.<\/p>\n\n\n\n<p>O tym tragicznym wydarzeniu oficjalnie poinformowa\u0142a Krajowa Federacja Biathlonu (NSSF), wydaj\u0105c stosowny komunikat dla medi\u00f3w oraz kibic\u00f3w. Organizacja w poruszaj\u0105cych s\u0142owach po\u017cegna\u0142a swojego reprezentanta, podkre\u015blaj\u0105c pustk\u0119, jaka powsta\u0142a po jego niespodziewanym odej\u015bciu.<\/p>\n\n\n\n<p>Sekretarz generalna NSSF, Emilie Nordskar, przekaza\u0142a, \u017ce przyczyny \u015bmierci biathlonisty nie s\u0105 obecnie znane i s\u0105 dopiero badane przez odpowiednie s\u0142u\u017cby. Jednocze\u015bnie zaznaczy\u0142a, \u017ce federacja \u015bci\u015ble wsp\u00f3\u0142pracuje na miejscu przy \u015bledztwie prowadzonym przez w\u0142osk\u0105 policj\u0119.<\/p>\n\n\n\n<p>Ostatnie starty i olimpijskie ambicje norweskiego biathlonisty<br>Jeszcze niedawno, w dniach 18-21 grudnia, zawodnik bra\u0142 aktywny udzia\u0142 w zawodach rozgrywanych we francuskim Annecy-Le Grand Bornand. By\u0142a to ostatnia impreza sportowa, w kt\u00f3rej uczestniczy\u0142, stanowi\u0105ca wa\u017cny element jego przygotowa\u0144 do nadchodz\u0105cych wyzwa\u0144 sezonu zimowego.<\/p>\n\n\n\n<p>Norweg mia\u0142 w swoich bezpo\u015brednich planach startowa\u0107 w kolejnej imprezie cyklu Pucharu \u015awiata w Oberhofie, kt\u00f3ra odb\u0119dzie si\u0119 w dniach 8-11 stycznia. Co wi\u0119cej, jego sportowe ambicje si\u0119ga\u0142y znacznie dalej, gdy\u017c zamierza\u0142 wyst\u0105pi\u0107 w sztafecie na zbli\u017caj\u0105cych si\u0119 zimowych igrzyskach olimpijskich w Mediolan-Cortina d&#8217;Ampezzo.<\/p>\n\n\n\n<p>Olle Dahlin przypomnia\u0142, \u017ce powr\u00f3t Siverta do biathlonu po okresie wielkich trudno\u015bci by\u0142 \u017ar\u00f3d\u0142em ogromnej rado\u015bci dla ca\u0142ej rodziny biathlonowej i inspiruj\u0105cym dowodem jego odporno\u015bci i determinacji. Niestety, nag\u0142e odej\u015bcie zawodnika definitywnie przekre\u015bli\u0142o jego obiecuj\u0105c\u0105 przysz\u0142o\u015b\u0107 na \u015bwiatowych trasach.<\/p>\n\n\n\n<p>\u015aledztwo i wcze\u015bniejsze problemy zdrowotne Siverta Guttorma Bakkena<br>Aktualny stan wiedzy na temat powod\u00f3w zgonu jest ograniczony, a s\u0142u\u017cby nie ujawni\u0142y jeszcze jednoznacznych wniosk\u00f3w. Sprawa jest traktowana priorytetowo przez w\u0142oskie organy \u015bcigania, kt\u00f3re prowadz\u0105 niezb\u0119dne czynno\u015bci wyja\u015bniaj\u0105ce na miejscu zdarzenia, aby ustali\u0107 dok\u0142adny przebieg wypadk\u00f3w.<\/p>\n\n\n\n<p>W kontek\u015bcie medycznym istotny jest fakt, \u017ce Sivert Guttorm Bakken zmaga\u0142 si\u0119 z zapaleniem mi\u0119\u015bnia sercowego w 2022 roku. Sportowiec powr\u00f3ci\u0142 do pe\u0142nej rywalizacji dopiero dwa lata po tych ci\u0119\u017ckich zmaganiach z chorob\u0105, co czyni\u0142o jego powr\u00f3t wyj\u0105tkowym wydarzeniem.<\/p>\n\n\n\n<p>G\u0142os w sprawie zabra\u0142 Olle Dahlin, pe\u0142ni\u0105cy funkcj\u0119 prezesa \u015bwiatowej federacji, kt\u00f3ry wyda\u0142 oficjalne o\u015bwiadczenie. \u015awiatowa federacja biathlonu (IBU) napisa\u0142a w mediach spo\u0142eczno\u015bciowych:<\/p>\n\n\n\n<p>\u2013 Jeste\u015bmy pora\u017ceni wiadomo\u015bci\u0105 o nag\u0142ej \u015bmierci Siverta Bakkena. W tych trudnych chwilach nasze my\u015bli s\u0105 z jego rodzin\u0105, przyjaci\u00f3\u0142mi, kolegami z dru\u017cyny i wszystkimi bliskimi.<\/p>\n\n\n\n<p>We are lost for words at the news of Sivert Bakken&#8217;s sudden passing &#8211; our thoughts are with his family, friends, teammates and everyone close to him during this difficult time.<\/p>\n\n\n\n<p>Hvil i fred, Sivert &#x1f90d; pic.twitter.com\/p3x16xjAfO<\/p>\n\n\n\n<p>\u2014 International Biathlon Union (@biathlonworld) December 23, 2025<\/p>\n","protected":false},"excerpt":{"rendered":"<p>\u015awiat sport\u00f3w zimowych pogr\u0105\u017cy\u0142 si\u0119 w \u017ca\u0142obie po doniesieniach o nag\u0142ej \u015bmierci m\u0142odego zawodnika, kt\u00f3ry by\u0142 w trakcie intensywnych przygotowa\u0144 do sezonu. Tragiczne wie\u015bci nadesz\u0142y z W\u0142och, przerywaj\u0105c plany startowe i pozostawiaj\u0105c \u015brodowisko biathlonowe w g\u0142\u0119bokim szoku. Tragiczna \u015bmier\u0107 27-letniego norweskiego biathlonisty Siverta Guttorma BakkenaOstatnie starty i olimpijskie ambicje norweskiego biathlonisty\u015aledztwo i wcze\u015bniejsze problemy zdrowotne &#8230; <a title=\"Norweski biathlonista znaleziony martwy w hotelowym pokoju. Sivert Guttorm Bakken mia\u0142 27 lat\" class=\"read-more\" href=\"https:\/\/dobrezrodla.com\/?p=13017\" aria-label=\"Read more about Norweski biathlonista znaleziony martwy w hotelowym pokoju. Sivert Guttorm Bakken mia\u0142 27 lat\">Read more<\/a><\/p>\n","protected":false},"author":1,"featured_media":0,"comment_status":"open","ping_status":"open","sticky":false,"template":"","format":"standard","meta":{"footnotes":""},"categories":[1],"tags":[],"class_list":["post-13017","post","type-post","status-publish","format-standard","hentry","category-uncategorized"],"_links":{"self":[{"href":"https:\/\/dobrezrodla.com\/index.php?rest_route=\/wp\/v2\/posts\/13017","targetHints":{"allow":["GET"]}}],"collection":[{"href":"https:\/\/dobrezrodla.com\/index.php?rest_route=\/wp\/v2\/posts"}],"about":[{"href":"https:\/\/dobrezrodla.com\/index.php?rest_route=\/wp\/v2\/types\/post"}],"author":[{"embeddable":true,"href":"https:\/\/dobrezrodla.com\/index.php?rest_route=\/wp\/v2\/users\/1"}],"replies":[{"embeddable":true,"href":"https:\/\/dobrezrodla.com\/index.php?rest_route=%2Fwp%2Fv2%2Fcomments&post=13017"}],"version-history":[{"count":1,"href":"https:\/\/dobrezrodla.com\/index.php?rest_route=\/wp\/v2\/posts\/13017\/revisions"}],"predecessor-version":[{"id":13018,"href":"https:\/\/dobrezrodla.com\/index.php?rest_route=\/wp\/v2\/posts\/13017\/revisions\/13018"}],"wp:attachment":[{"href":"https:\/\/dobrezrodla.com\/index.php?rest_route=%2Fwp%2Fv2%2Fmedia&parent=13017"}],"wp:term":[{"taxonomy":"category","embeddable":true,"href":"https:\/\/dobrezrodla.com\/index.php?rest_route=%2Fwp%2Fv2%2Fcategories&post=13017"},{"taxonomy":"post_tag","embeddable":true,"href":"https:\/\/dobrezrodla.com\/index.php?rest_route=%2Fwp%2Fv2%2Ftags&post=13017"}],"curies":[{"name":"wp","href":"https:\/\/api.w.org\/{rel}","templated":true}]}}