{"id":13139,"date":"2025-12-25T09:49:57","date_gmt":"2025-12-25T09:49:57","guid":{"rendered":"https:\/\/dobrezrodla.com\/?p=13139"},"modified":"2025-12-25T09:49:57","modified_gmt":"2025-12-25T09:49:57","slug":"tusk-zapomnial-wylaczyc-mikrofon-wszyscy-uslyszeli-jego-slowa","status":"publish","type":"post","link":"https:\/\/dobrezrodla.com\/?p=13139","title":{"rendered":"Tusk zapomnia\u0142 wy\u0142\u0105czy\u0107 mikrofon. Wszyscy us\u0142yszeli jego s\u0142owa"},"content":{"rendered":"\n<p>Ostatnie spotkanie ministr\u00f3w przed przerw\u0105 \u015bwi\u0105teczn\u0105 mia\u0142o wyj\u0105tkowy charakter, \u0142\u0105cz\u0105c legislacyjne obowi\u0105zki z osobistymi refleksjami. Opr\u00f3cz kluczowych projekt\u00f3w ustaw dotycz\u0105cych s\u0105downictwa, sala obrad wype\u0142ni\u0142a si\u0119 podzi\u0119kowaniami i apelami do s\u0142u\u017cb mundurowych. Szczeg\u00f3ln\u0105 uwag\u0119 zwr\u00f3ci\u0142a jednak nieoficjalna chwila tu\u017c po zako\u0144czeniu formalnego wyst\u0105pienia, kiedy technika ujawni\u0142a emocjonaln\u0105 reakcj\u0119 szefa rz\u0105du, kt\u00f3rej opinia publiczna zazwyczaj nie ma okazji obserwowa\u0107.<\/p>\n\n\n\n<p>\u017byczenia dla ministr\u00f3w i apel do narodu<br>Premier Donald Tusk rozpocz\u0105\u0142 wtorkowe posiedzenie rz\u0105du od z\u0142o\u017cenia \u017cycze\u0144, zaznaczaj\u0105c, \u017ce p\u0142yn\u0105 one \u201enaprawd\u0119 z g\u0142\u0119bi serca\u201d. Szef rz\u0105du, \u017cycz\u0105c spokojnych \u015bwi\u0105t, zwr\u00f3ci\u0142 si\u0119 nie tylko do ministr\u00f3w, ale zaapelowa\u0142 r\u00f3wnie\u017c do wszystkich Polak\u00f3w. Jednocze\u015bnie poprosi\u0142 cz\u0142onk\u00f3w gabinetu o przekazanie tych s\u0142\u00f3w ich rodzinom oraz najbli\u017cszym.<\/p>\n\n\n\n<p>Zwracaj\u0105c si\u0119 bezpo\u015brednio do swoich wsp\u00f3\u0142pracownik\u00f3w, Tusk \u017cyczy\u0142 im \u201e\u0142agodniejszych\u201d posiedze\u0144 rz\u0105du w nadchodz\u0105cym nowym roku. Wyrazi\u0142 r\u00f3wnie\u017c nadziej\u0119 na \u201ejeszcze lepsze\u201d efekty ich wsp\u00f3lnej pracy.<\/p>\n\n\n\n<p>Kluczowym elementem wyst\u0105pienia by\u0142 apel o pami\u0119\u0107 w wigilijny wiecz\u00f3r o funkcjonariuszach, w tym Stra\u017cy Granicznej, kt\u00f3rzy strzeg\u0105 granic niezale\u017cnie od warunk\u00f3w i czasu. Premier wspomnia\u0142 o swoich rozmowach z \u017co\u0142nierzami i policjantami, podkre\u015blaj\u0105c, \u017ce to od nich zale\u017c\u0105 bezpieczne \u015bwi\u0119ta. Zaznaczy\u0142, \u017ce warto pami\u0119ta\u0107 o tych, kt\u00f3rzy czuwaj\u0105, aby inni mogli sp\u0119dzi\u0107 ten czas spokojnie w gronie rodzinnym.<\/p>\n\n\n\n<p>Prywatne s\u0142owa przy w\u0142\u0105czonym nag\u0142o\u015bnieniu<br>Po zako\u0144czeniu oficjalnego wyst\u0105pienia dosz\u0142o do sytuacji, w kt\u00f3rej mikrofony wychwyci\u0142y prywatn\u0105 uwag\u0119 szefa rz\u0105du. Jego s\u0142owa by\u0142y s\u0142yszalne dla wszystkich zgromadzonych, poniewa\u017c premier nie wy\u0142\u0105czy\u0142 urz\u0105dzenia nagrywaj\u0105cego.<\/p>\n\n\n\n<p>Donald Tusk zwr\u00f3ci\u0142 si\u0119 w\u00f3wczas prywatnie do ministr\u00f3w, stwierdzaj\u0105c: \u201eMa\u0142o si\u0119 nie pop\u0142aka\u0142em\u201d.<\/p>\n\n\n\n<p>Wypowiadaj\u0105c t\u0119 uwag\u0119, premier lekko si\u0119 u\u015bmiecha\u0142.<\/p>\n\n\n\n<p>Reformy s\u0105downictwa na agendzie<br>Rz\u0105d zaj\u0105\u0142 si\u0119 tak\u017ce projektami ustaw przygotowanymi przez resort sprawiedliwo\u015bci.<\/p>\n\n\n\n<p>Jednym z rozpatrywanych dokument\u00f3w by\u0142a ustawa o Krajowej Radzie S\u0105downictwa. Przewiduje ona mi\u0119dzy innymi, \u017ce s\u0119dziowscy cz\u0142onkowie Rady b\u0119d\u0105 wybierani przez og\u00f3\u0142 s\u0119dzi\u00f3w.<\/p>\n\n\n\n<p>Gabinet obradowa\u0142 r\u00f3wnie\u017c nad tak zwan\u0105 ustaw\u0105 praworz\u0105dno\u015bciow\u0105. Zak\u0142ada ona uregulowanie statusu s\u0119dzi\u00f3w powo\u0142anych nieprawid\u0142owo w latach 2018\u20132026.<\/p>\n\n\n\n<p>Symbolika przed\u015bwi\u0105tecznych decyzji<br>Ministrowie zebrali si\u0119 we wtorek po godzinie 13, a przed rozpocz\u0119ciem posiedzenia Donald Tusk wyrazi\u0142 swoj\u0105 rado\u015b\u0107.<\/p>\n\n\n\n<p>Decyzje rz\u0105dowe zapad\u0142y na kilkadziesi\u0105t godzin przed Bo\u017cym Narodzeniem.<\/p>\n\n\n\n<p>Zdaniem szefa rz\u0105du podj\u0119te kroki symbolicznie koresponduj\u0105 ze \u015bwi\u0105tecznymi nastrojami. Premier wyrazi\u0142 przekonanie, \u017ce w te \u015bwi\u0119ta wszyscy na\u0142aduj\u0105 \u201eakumulatory dobroci\u0105 i te\u017c determinacj\u0105 tak\u0105 pozytywn\u0105\u201d.<\/p>\n","protected":false},"excerpt":{"rendered":"<p>Ostatnie spotkanie ministr\u00f3w przed przerw\u0105 \u015bwi\u0105teczn\u0105 mia\u0142o wyj\u0105tkowy charakter, \u0142\u0105cz\u0105c legislacyjne obowi\u0105zki z osobistymi refleksjami. Opr\u00f3cz kluczowych projekt\u00f3w ustaw dotycz\u0105cych s\u0105downictwa, sala obrad wype\u0142ni\u0142a si\u0119 podzi\u0119kowaniami i apelami do s\u0142u\u017cb mundurowych. Szczeg\u00f3ln\u0105 uwag\u0119 zwr\u00f3ci\u0142a jednak nieoficjalna chwila tu\u017c po zako\u0144czeniu formalnego wyst\u0105pienia, kiedy technika ujawni\u0142a emocjonaln\u0105 reakcj\u0119 szefa rz\u0105du, kt\u00f3rej opinia publiczna zazwyczaj nie ma &#8230; <a title=\"Tusk zapomnia\u0142 wy\u0142\u0105czy\u0107 mikrofon. Wszyscy us\u0142yszeli jego s\u0142owa\" class=\"read-more\" href=\"https:\/\/dobrezrodla.com\/?p=13139\" aria-label=\"Read more about Tusk zapomnia\u0142 wy\u0142\u0105czy\u0107 mikrofon. Wszyscy us\u0142yszeli jego s\u0142owa\">Read more<\/a><\/p>\n","protected":false},"author":1,"featured_media":0,"comment_status":"open","ping_status":"open","sticky":false,"template":"","format":"standard","meta":{"footnotes":""},"categories":[1],"tags":[],"class_list":["post-13139","post","type-post","status-publish","format-standard","hentry","category-uncategorized"],"_links":{"self":[{"href":"https:\/\/dobrezrodla.com\/index.php?rest_route=\/wp\/v2\/posts\/13139","targetHints":{"allow":["GET"]}}],"collection":[{"href":"https:\/\/dobrezrodla.com\/index.php?rest_route=\/wp\/v2\/posts"}],"about":[{"href":"https:\/\/dobrezrodla.com\/index.php?rest_route=\/wp\/v2\/types\/post"}],"author":[{"embeddable":true,"href":"https:\/\/dobrezrodla.com\/index.php?rest_route=\/wp\/v2\/users\/1"}],"replies":[{"embeddable":true,"href":"https:\/\/dobrezrodla.com\/index.php?rest_route=%2Fwp%2Fv2%2Fcomments&post=13139"}],"version-history":[{"count":1,"href":"https:\/\/dobrezrodla.com\/index.php?rest_route=\/wp\/v2\/posts\/13139\/revisions"}],"predecessor-version":[{"id":13140,"href":"https:\/\/dobrezrodla.com\/index.php?rest_route=\/wp\/v2\/posts\/13139\/revisions\/13140"}],"wp:attachment":[{"href":"https:\/\/dobrezrodla.com\/index.php?rest_route=%2Fwp%2Fv2%2Fmedia&parent=13139"}],"wp:term":[{"taxonomy":"category","embeddable":true,"href":"https:\/\/dobrezrodla.com\/index.php?rest_route=%2Fwp%2Fv2%2Fcategories&post=13139"},{"taxonomy":"post_tag","embeddable":true,"href":"https:\/\/dobrezrodla.com\/index.php?rest_route=%2Fwp%2Fv2%2Ftags&post=13139"}],"curies":[{"name":"wp","href":"https:\/\/api.w.org\/{rel}","templated":true}]}}