{"id":13143,"date":"2025-12-25T09:51:40","date_gmt":"2025-12-25T09:51:40","guid":{"rendered":"https:\/\/dobrezrodla.com\/?p=13143"},"modified":"2025-12-25T09:51:40","modified_gmt":"2025-12-25T09:51:40","slug":"dlugo-ukrywal-emocje-w-czwartek-w-nocy-rafal-brzozowski-otwarcie-potwierdzil-krazace-wiesci","status":"publish","type":"post","link":"https:\/\/dobrezrodla.com\/?p=13143","title":{"rendered":"D\u0142ugo ukrywa\u0142 emocje. W czwartek w nocy Rafa\u0142 Brzozowski otwarcie potwierdzi\u0142 kr\u0105\u017c\u0105ce wie\u015bci. \u2013"},"content":{"rendered":"\n<p>Rafa\u0142 Brzozowski o trudnych miesi\u0105cach po odej\u015bciu z TVP<br>Jeszcze kilka lat temu Rafa\u0142 Brzozowski by\u0142 jedn\u0105 z czo\u0142owych twarzy Telewizji Polskiej. Prowadzi\u0142 \u201eJaka to melodia?\u201d, wsp\u00f3\u0142tworzy\u0142 programy rozrywkowe i regularnie wyst\u0119powa\u0142 na najwi\u0119kszych imprezach organizowanych przez stacj\u0119. Po zmianach w TVP w pa\u017adzierniku 2023 roku sytuacja uleg\u0142a jednak diametralnej zmianie \u2013 wiele dotychczasowych gwiazd, w tym Brzozowski, po\u017cegna\u0142o si\u0119 z anten\u0105.<\/p>\n\n\n\n<p>Nowy rozdzia\u0142: w\u0142asny biznes i koncerty<br>Piosenkarz odpowiednio wcze\u015bnie przygotowa\u0142 si\u0119 na t\u0119 zmian\u0119. Zarobione przez lata \u015brodki zainwestowa\u0142 w budow\u0119 pensjonatu, kt\u00f3ry dzi\u015b stanowi dla niego stabilne \u017ar\u00f3d\u0142o utrzymania. Opr\u00f3cz tego Rafa\u0142 nadal koncertuje, r\u00f3wnie\u017c za granic\u0105 \u2013 m.in. na luksusowych rejsach po Karaibach, gdzie wyst\u0119puje dla pasa\u017cer\u00f3w statk\u00f3w wycieczkowych.<\/p>\n\n\n\n<p>Szczere wyznanie o problemach zdrowotnych<br>Teraz artysta zdecydowa\u0142 si\u0119 opowiedzie\u0107 o trudach, z jakimi zmaga si\u0119 prywatnie. W nocnym wpisie potwierdzi\u0142 doniesienia o swoich problemach zdrowotnych. \u2013 \u201eOd d\u0142u\u017cszego czasu zmagam si\u0119 z dyskopati\u0105, kt\u00f3ra potrafi odebra\u0107 rado\u015b\u0107 z codzienno\u015bci\u201d \u2013 napisa\u0142 szczerze. To pierwsze tak otwarte wyznanie Brzozowskiego w tej sprawie.<\/p>\n\n\n\n<p>Powr\u00f3t do formy krok po kroku<br>Mimo b\u00f3lu i trudno\u015bci piosenkarz nie traci nadziei. Jak podkre\u015bli\u0142, trafi\u0142 pod opiek\u0119 znakomitego specjalisty, dzi\u0119ki czemu powoli wraca do pe\u0142nej sprawno\u015bci. \u2013 \u201eZ pomoc\u0105 pana Damiana, ma\u0142ymi krokami wracam do formy\u201d \u2013 og\u0142osi\u0142 z optymizmem. Fani \u017cycz\u0105 mu szybkiego powrotu do zdrowia i ponownego b\u0142ysku na scenie.<\/p>\n","protected":false},"excerpt":{"rendered":"<p>Rafa\u0142 Brzozowski o trudnych miesi\u0105cach po odej\u015bciu z TVPJeszcze kilka lat temu Rafa\u0142 Brzozowski by\u0142 jedn\u0105 z czo\u0142owych twarzy Telewizji Polskiej. Prowadzi\u0142 \u201eJaka to melodia?\u201d, wsp\u00f3\u0142tworzy\u0142 programy rozrywkowe i regularnie wyst\u0119powa\u0142 na najwi\u0119kszych imprezach organizowanych przez stacj\u0119. Po zmianach w TVP w pa\u017adzierniku 2023 roku sytuacja uleg\u0142a jednak diametralnej zmianie \u2013 wiele dotychczasowych gwiazd, w &#8230; <a title=\"D\u0142ugo ukrywa\u0142 emocje. W czwartek w nocy Rafa\u0142 Brzozowski otwarcie potwierdzi\u0142 kr\u0105\u017c\u0105ce wie\u015bci. \u2013\" class=\"read-more\" href=\"https:\/\/dobrezrodla.com\/?p=13143\" aria-label=\"Read more about D\u0142ugo ukrywa\u0142 emocje. W czwartek w nocy Rafa\u0142 Brzozowski otwarcie potwierdzi\u0142 kr\u0105\u017c\u0105ce wie\u015bci. \u2013\">Read more<\/a><\/p>\n","protected":false},"author":1,"featured_media":0,"comment_status":"open","ping_status":"open","sticky":false,"template":"","format":"standard","meta":{"footnotes":""},"categories":[1],"tags":[],"class_list":["post-13143","post","type-post","status-publish","format-standard","hentry","category-uncategorized"],"_links":{"self":[{"href":"https:\/\/dobrezrodla.com\/index.php?rest_route=\/wp\/v2\/posts\/13143","targetHints":{"allow":["GET"]}}],"collection":[{"href":"https:\/\/dobrezrodla.com\/index.php?rest_route=\/wp\/v2\/posts"}],"about":[{"href":"https:\/\/dobrezrodla.com\/index.php?rest_route=\/wp\/v2\/types\/post"}],"author":[{"embeddable":true,"href":"https:\/\/dobrezrodla.com\/index.php?rest_route=\/wp\/v2\/users\/1"}],"replies":[{"embeddable":true,"href":"https:\/\/dobrezrodla.com\/index.php?rest_route=%2Fwp%2Fv2%2Fcomments&post=13143"}],"version-history":[{"count":1,"href":"https:\/\/dobrezrodla.com\/index.php?rest_route=\/wp\/v2\/posts\/13143\/revisions"}],"predecessor-version":[{"id":13144,"href":"https:\/\/dobrezrodla.com\/index.php?rest_route=\/wp\/v2\/posts\/13143\/revisions\/13144"}],"wp:attachment":[{"href":"https:\/\/dobrezrodla.com\/index.php?rest_route=%2Fwp%2Fv2%2Fmedia&parent=13143"}],"wp:term":[{"taxonomy":"category","embeddable":true,"href":"https:\/\/dobrezrodla.com\/index.php?rest_route=%2Fwp%2Fv2%2Fcategories&post=13143"},{"taxonomy":"post_tag","embeddable":true,"href":"https:\/\/dobrezrodla.com\/index.php?rest_route=%2Fwp%2Fv2%2Ftags&post=13143"}],"curies":[{"name":"wp","href":"https:\/\/api.w.org\/{rel}","templated":true}]}}