{"id":13145,"date":"2025-12-25T09:52:06","date_gmt":"2025-12-25T09:52:06","guid":{"rendered":"https:\/\/dobrezrodla.com\/?p=13145"},"modified":"2025-12-25T09:52:06","modified_gmt":"2025-12-25T09:52:06","slug":"zona-stocha-przekazala-radosne-wiesci-10-lat-staran-ale-bylo-warto-plyna-gratulacje-z-calej-polski-2","status":"publish","type":"post","link":"https:\/\/dobrezrodla.com\/?p=13145","title":{"rendered":"\u017bona Stocha przekaza\u0142a radosne wie\u015bci. 10 lat stara\u0144, ale by\u0142o warto. P\u0142yn\u0105 gratulacje z ca\u0142ej Polski \u2013"},"content":{"rendered":"\n<p>Ewa Bilan-Stoch od lat wspiera m\u0119\u017ca w jego karierze. Nie jest tajemnic\u0105, \u017ce to ona mia\u0142a wp\u0142yw na decyzj\u0119 Kamila o tym, by nie ko\u0144czy\u0107 przygody ze skokami po ostatnim P\u015a. Sportowiec sam wyzna\u0142 w jednym z wywiad\u00f3w, \u017ce to dzi\u0119ki ukochanej postanowi\u0142 jeszcze raz da\u0107 sobie szans\u0119.<\/p>\n\n\n\n<p>\u201cTydzie\u0144 po zako\u0144czeniu sezonu zrodzi\u0142 si\u0119 pomys\u0142, \u017ceby dalej skaka\u0107 na nartach, oczywi\u015bcie za namow\u0105 mojej ma\u0142\u017conki. Zmotywowa\u0142a mnie, \u017ceby jeszcze zebra\u0107 si\u0119 w sobie, podnie\u015b\u0107 g\u0142ow\u0119 i spr\u00f3bowa\u0107 jeszcze powalczy\u0107, ostatkiem si\u0142 wykorzysta\u0107 rezerwowe pok\u0142ady mocy. W dalszym ci\u0105gu czuj\u0119, \u017ce jest we mnie jeszcze niewykorzystane potencja\u0142. Chc\u0119 to wszystko uzewn\u0119trzni\u0107 i odnie\u015b\u0107 sukces\u201d \u2013 m\u00f3wi\u0142 Stoch w skijumping.pl.<\/p>\n\n\n\n<p>Wiadomo jednak, \u017ce obecne zawody s\u0105 ostatnimi w karierze Kamila. kt\u00f3ry w \u201cDzie\u0144 Dobry TVN\u201d zapewni\u0142, \u017ce da z siebie wszystko.<\/p>\n\n\n\n<p>Chc\u0119, \u017ceby ten ostatni rok by\u0142 wspania\u0142y. Chc\u0119 si\u0119 po prostu u\u015bmiecha\u0107, cieszy\u0107, po\u017cegna\u0107 z kibicami. (\u2026) Bardzo chcia\u0142bym, \u017ceby ostatni skok, kt\u00f3ry oddam w zawodach, by\u0142 mistrzowski. Ale jakikolwiek by on nie by\u0142, chcia\u0142bym by\u0107 u\u015bmiechni\u0119ty\u201d \u2013 wyzna\u0142 w \u015bniadani\u00f3wce par\u0119 miesi\u0119cy temu.<\/p>\n\n\n\n<p>\u017bona oczywi\u015bcie wspiera go we wszystkich decyzjach, cho\u0107 sama ma r\u0119ce pe\u0142ne roboty. Ewa wszak pe\u0142ni nie tylko rol\u0119 mened\u017cerki m\u0119\u017ca, ale te\u017c od lat zajmuje si\u0119 prowadzeniem klubu sportowego, fotografuje z sukcesami. A to nie koniec niespodzianek.<\/p>\n\n\n\n<p>W czwartkowy wiecz\u00f3r Bilan-Stoch postanowi\u0142a podzieli\u0107 si\u0119 kolejn\u0105 rado\u015bci\u0105 ze \u015bwiatem. \u017bona Kamila ma bowiem pow\u00f3d do wielkiego \u015bwi\u0119towania. Okazuje si\u0119, \u017ce od 10 lat stara si\u0119 rozwija\u0107 jeszcze jeden biznes.<\/p>\n\n\n\n<p>\u201cDzi\u015b o ma\u0142ych rado\u015bciach. Mija 10 lat od kiedy projektuj\u0119 czapki. A tak\u0105 rado\u015bci\u0105 jeste\u015b Ty, kiedy widz\u0119 Ci\u0119 w \u201cmojej\u201d czapce. Im bardziej odjechana, tym bardziej mi\u0142o mi, \u017ce wybierasz tak odwa\u017cne kolory. U\u015bmiecham si\u0119 wtedy i w duchu prawi\u0119 Ci komplementy. A pojawiasz si\u0119 nie tylko na skoczni narciarskiej, ale w najmniej oczekiwanych momentach\u201d \u2013 zacz\u0119\u0142a sw\u00f3j radosny wpis Ewa.<\/p>\n\n\n\n<p>Potem podzi\u0119kowa\u0142a wszystkim osobom, kt\u00f3re jej zaufa\u0142y i zakupi\u0142y czapki. Jak przyzna\u0142a, ka\u017cdy widok jej dzie\u0142a na ulicy wywo\u0142uje u niej ogromne emocje.<\/p>\n\n\n\n<p>\u201cA kiedy widz\u0119, \u017ce te czapki s\u0105 elementem Waszych ma\u0142ych rado\u015bci, m\u00f3j tw\u00f3rczy proces zatacza kr\u0105g. Dzi\u0119ki za te wszystkie momenty\u201d \u2013 podsumowa\u0142a przej\u0119ta Ewa.<\/p>\n","protected":false},"excerpt":{"rendered":"<p>Ewa Bilan-Stoch od lat wspiera m\u0119\u017ca w jego karierze. Nie jest tajemnic\u0105, \u017ce to ona mia\u0142a wp\u0142yw na decyzj\u0119 Kamila o tym, by nie ko\u0144czy\u0107 przygody ze skokami po ostatnim P\u015a. Sportowiec sam wyzna\u0142 w jednym z wywiad\u00f3w, \u017ce to dzi\u0119ki ukochanej postanowi\u0142 jeszcze raz da\u0107 sobie szans\u0119. \u201cTydzie\u0144 po zako\u0144czeniu sezonu zrodzi\u0142 si\u0119 pomys\u0142, &#8230; <a title=\"\u017bona Stocha przekaza\u0142a radosne wie\u015bci. 10 lat stara\u0144, ale by\u0142o warto. P\u0142yn\u0105 gratulacje z ca\u0142ej Polski \u2013\" class=\"read-more\" href=\"https:\/\/dobrezrodla.com\/?p=13145\" aria-label=\"Read more about \u017bona Stocha przekaza\u0142a radosne wie\u015bci. 10 lat stara\u0144, ale by\u0142o warto. P\u0142yn\u0105 gratulacje z ca\u0142ej Polski \u2013\">Read more<\/a><\/p>\n","protected":false},"author":1,"featured_media":0,"comment_status":"open","ping_status":"open","sticky":false,"template":"","format":"standard","meta":{"footnotes":""},"categories":[1],"tags":[],"class_list":["post-13145","post","type-post","status-publish","format-standard","hentry","category-uncategorized"],"_links":{"self":[{"href":"https:\/\/dobrezrodla.com\/index.php?rest_route=\/wp\/v2\/posts\/13145","targetHints":{"allow":["GET"]}}],"collection":[{"href":"https:\/\/dobrezrodla.com\/index.php?rest_route=\/wp\/v2\/posts"}],"about":[{"href":"https:\/\/dobrezrodla.com\/index.php?rest_route=\/wp\/v2\/types\/post"}],"author":[{"embeddable":true,"href":"https:\/\/dobrezrodla.com\/index.php?rest_route=\/wp\/v2\/users\/1"}],"replies":[{"embeddable":true,"href":"https:\/\/dobrezrodla.com\/index.php?rest_route=%2Fwp%2Fv2%2Fcomments&post=13145"}],"version-history":[{"count":1,"href":"https:\/\/dobrezrodla.com\/index.php?rest_route=\/wp\/v2\/posts\/13145\/revisions"}],"predecessor-version":[{"id":13146,"href":"https:\/\/dobrezrodla.com\/index.php?rest_route=\/wp\/v2\/posts\/13145\/revisions\/13146"}],"wp:attachment":[{"href":"https:\/\/dobrezrodla.com\/index.php?rest_route=%2Fwp%2Fv2%2Fmedia&parent=13145"}],"wp:term":[{"taxonomy":"category","embeddable":true,"href":"https:\/\/dobrezrodla.com\/index.php?rest_route=%2Fwp%2Fv2%2Fcategories&post=13145"},{"taxonomy":"post_tag","embeddable":true,"href":"https:\/\/dobrezrodla.com\/index.php?rest_route=%2Fwp%2Fv2%2Ftags&post=13145"}],"curies":[{"name":"wp","href":"https:\/\/api.w.org\/{rel}","templated":true}]}}