{"id":13151,"date":"2025-12-25T20:09:56","date_gmt":"2025-12-25T20:09:56","guid":{"rendered":"https:\/\/dobrezrodla.com\/?p=13151"},"modified":"2025-12-25T20:09:56","modified_gmt":"2025-12-25T20:09:56","slug":"tragiczna-wiadomosc-w-swieta-nie-zyje-ceniony-polski-artysta","status":"publish","type":"post","link":"https:\/\/dobrezrodla.com\/?p=13151","title":{"rendered":"Tragiczna wiadomo\u015b\u0107 w \u015bwi\u0119ta. Nie \u017cyje ceniony polski artysta"},"content":{"rendered":"\n<p>Zmar\u0142 jeden z najwa\u017cniejszych fotograf\u00f3w dokumentuj\u0105cych polsk\u0105 histori\u0119 drugiej po\u0142owy XX wieku, autor kultowych kadr\u00f3w z czas\u00f3w PRL i prezydentury Lecha Wa\u0142\u0119sy.<\/p>\n\n\n\n<ul class=\"wp-block-list\">\n<li>kim by\u0142 Ireneusz Radkiewicz i dlaczego jego zdj\u0119cia przesz\u0142y do historii<\/li>\n\n\n\n<li>jakie wydarzenia polityczne i spo\u0142eczne dokumentowa\u0142<\/li>\n\n\n\n<li>dlaczego fotografie Lecha Wa\u0142\u0119sy zajmuj\u0105 szczeg\u00f3lne miejsce w jego dorobku<\/li>\n<\/ul>\n\n\n\n<h2 class=\"wp-block-heading\">Nie \u017cyje Ireneusz Radkiewicz. Fotograf, kt\u00f3ry dokumentowa\u0142 histori\u0119 Polski<\/h2>\n\n\n\n<p>Zmar\u0142&nbsp;<strong>Ireneusz Radkiewicz<\/strong>, wybitny fotograf i fotoreporter, kt\u00f3ry przez dekady dokumentowa\u0142 najwa\u017cniejsze wydarzenia polityczne, spo\u0142eczne i kulturalne w Polsce. Mia\u0142 75 lat. Informacj\u0119 o jego \u015bmierci przekaza\u0142a rodzina.<\/p>\n\n\n\n<p>Radkiewicz nale\u017ca\u0142 do grona tych tw\u00f3rc\u00f3w, kt\u00f3rych zdj\u0119cia nie tylko ilustrowa\u0142y histori\u0119, ale realnie j\u0105 wsp\u00f3\u0142tworzy\u0142y. Jego fotografie sta\u0142y si\u0119 trwa\u0142ym zapisem epoki PRL oraz prze\u0142omowych moment\u00f3w transformacji ustrojowej.<\/p>\n\n\n\n<h2 class=\"wp-block-heading\">Od fotografii artystycznej do dokumentowania \u017cycia w PRL<\/h2>\n\n\n\n<p>Ireneusz Radkiewicz urodzi\u0142 si\u0119 w 1950 roku. Z fotografi\u0105 zwi\u0105za\u0142 si\u0119 bardzo wcze\u015bnie \u2013 ju\u017c jako m\u0142ody cz\u0142owiek rozwija\u0142 swoje umiej\u0119tno\u015bci w \u015brodowiskach artystycznych zwi\u0105zanych z Warszaw\u0105. W technikum dzia\u0142a\u0142 w Grupie Fotografii Artystycznej \u201eStodo\u0142a\u201d, gdzie kszta\u0142ci\u0142 si\u0119 pod okiem Zbigniewa Wojew\u00f3dzkiego.<\/p>\n\n\n\n<p>W 1971 roku rozpocz\u0105\u0142 prac\u0119 w Centralnej Agencji Fotograficznej, a nast\u0119pnie wsp\u00f3\u0142pracowa\u0142 r\u00f3wnie\u017c z Polsk\u0105 Agencj\u0105 Prasow\u0105. Przez lata dokumentowa\u0142 \u017cycie polityczne, spo\u0142eczne i kulturalne PRL, tworz\u0105c jeden z najwa\u017cniejszych fotograficznych zapis\u00f3w tamtych czas\u00f3w.<\/p>\n\n\n\n<p>Jest autorem wielu ikonicznych zdj\u0119\u0107, w tym fotografii zespo\u0142u Breakout, wydarze\u0144 sportowych, festyn\u00f3w, demonstracji oraz scen z codziennego \u017cycia w Polsce Ludowej.<\/p>\n\n\n\n<h2 class=\"wp-block-heading\">Fotograf Lecha Wa\u0142\u0119sy i \u015bwiadek historycznych moment\u00f3w<\/h2>\n\n\n\n<p>Szczeg\u00f3lne miejsce w dorobku Ireneusza Radkiewicza zajmuj\u0105 fotografie&nbsp;<strong>Lecha Wa\u0142\u0119sy<\/strong>. Radkiewicz by\u0142 jego oficjalnym fotografem od pocz\u0105tku prezydentury. Pozna\u0142 Wa\u0142\u0119s\u0119 jeszcze w czasie jego internowania w Ar\u0142amowie.<\/p>\n\n\n\n<p>To w\u0142a\u015bnie on wykona\u0142 jedno z najbardziej rozpoznawalnych zdj\u0119\u0107 w historii polskiej fotografii prasowej \u2013 fotografi\u0119, na kt\u00f3rej Lech Wa\u0142\u0119sa opuszcza miejsce internowania w Ar\u0142amowie w 1982 roku, samotnie nios\u0105c dwie walizki. Obraz ten do dzi\u015b pozostaje symbolem tamtej epoki.<\/p>\n\n\n\n<p>W kolejnych latach Radkiewicz dokumentowa\u0142 m.in. wizyty zagraniczne prezydenta, spotkanie Wa\u0142\u0119sy z Ronaldem Reaganem, pielgrzymki Jana Paw\u0142a II do Polski oraz wiele kluczowych wydarze\u0144 politycznych pocz\u0105tku lat 90.<\/p>\n\n\n\n<p>Za swoj\u0105 dzia\u0142alno\u015b\u0107 otrzyma\u0142 liczne nagrody i wyr\u00f3\u017cnienia, w tym medale w mi\u0119dzynarodowych konkursach fotografii prasowej oraz tytu\u0142y Fotoreportera Roku.<\/p>\n\n\n\n<p>\u015amier\u0107 Ireneusza Radkiewicza to koniec pewnej epoki w polskim fotoreporta\u017cu. Pozostawi\u0142 po sobie ogromne archiwum zdj\u0119\u0107, kt\u00f3re na zawsze pozostan\u0105 \u015bwiadectwem historii Polski.<\/p>\n","protected":false},"excerpt":{"rendered":"<p>Zmar\u0142 jeden z najwa\u017cniejszych fotograf\u00f3w dokumentuj\u0105cych polsk\u0105 histori\u0119 drugiej po\u0142owy XX wieku, autor kultowych kadr\u00f3w z czas\u00f3w PRL i prezydentury Lecha Wa\u0142\u0119sy. Nie \u017cyje Ireneusz Radkiewicz. Fotograf, kt\u00f3ry dokumentowa\u0142 histori\u0119 Polski Zmar\u0142&nbsp;Ireneusz Radkiewicz, wybitny fotograf i fotoreporter, kt\u00f3ry przez dekady dokumentowa\u0142 najwa\u017cniejsze wydarzenia polityczne, spo\u0142eczne i kulturalne w Polsce. Mia\u0142 75 lat. Informacj\u0119 o jego &#8230; <a title=\"Tragiczna wiadomo\u015b\u0107 w \u015bwi\u0119ta. Nie \u017cyje ceniony polski artysta\" class=\"read-more\" href=\"https:\/\/dobrezrodla.com\/?p=13151\" aria-label=\"Read more about Tragiczna wiadomo\u015b\u0107 w \u015bwi\u0119ta. Nie \u017cyje ceniony polski artysta\">Read more<\/a><\/p>\n","protected":false},"author":1,"featured_media":0,"comment_status":"open","ping_status":"open","sticky":false,"template":"","format":"standard","meta":{"footnotes":""},"categories":[1],"tags":[],"class_list":["post-13151","post","type-post","status-publish","format-standard","hentry","category-uncategorized"],"_links":{"self":[{"href":"https:\/\/dobrezrodla.com\/index.php?rest_route=\/wp\/v2\/posts\/13151","targetHints":{"allow":["GET"]}}],"collection":[{"href":"https:\/\/dobrezrodla.com\/index.php?rest_route=\/wp\/v2\/posts"}],"about":[{"href":"https:\/\/dobrezrodla.com\/index.php?rest_route=\/wp\/v2\/types\/post"}],"author":[{"embeddable":true,"href":"https:\/\/dobrezrodla.com\/index.php?rest_route=\/wp\/v2\/users\/1"}],"replies":[{"embeddable":true,"href":"https:\/\/dobrezrodla.com\/index.php?rest_route=%2Fwp%2Fv2%2Fcomments&post=13151"}],"version-history":[{"count":1,"href":"https:\/\/dobrezrodla.com\/index.php?rest_route=\/wp\/v2\/posts\/13151\/revisions"}],"predecessor-version":[{"id":13152,"href":"https:\/\/dobrezrodla.com\/index.php?rest_route=\/wp\/v2\/posts\/13151\/revisions\/13152"}],"wp:attachment":[{"href":"https:\/\/dobrezrodla.com\/index.php?rest_route=%2Fwp%2Fv2%2Fmedia&parent=13151"}],"wp:term":[{"taxonomy":"category","embeddable":true,"href":"https:\/\/dobrezrodla.com\/index.php?rest_route=%2Fwp%2Fv2%2Fcategories&post=13151"},{"taxonomy":"post_tag","embeddable":true,"href":"https:\/\/dobrezrodla.com\/index.php?rest_route=%2Fwp%2Fv2%2Ftags&post=13151"}],"curies":[{"name":"wp","href":"https:\/\/api.w.org\/{rel}","templated":true}]}}