{"id":13153,"date":"2025-12-25T20:10:25","date_gmt":"2025-12-25T20:10:25","guid":{"rendered":"https:\/\/dobrezrodla.com\/?p=13153"},"modified":"2025-12-25T20:10:26","modified_gmt":"2025-12-25T20:10:26","slug":"kasia-cichopek-i-maciej-kurzajewski-przekazali-zyczenia-fani-natychmiast-zareagowali","status":"publish","type":"post","link":"https:\/\/dobrezrodla.com\/?p=13153","title":{"rendered":"Kasia Cichopek i Maciej Kurzajewski przekazali \u017cyczenia. Fani natychmiast zareagowali"},"content":{"rendered":"\n<p>Kontrowersyjne pocz\u0105tki i medialna burza &#8211; tak przez ostatnie lata prezentowa\u0142 si\u0119 zwi\u0105zek Kasi Cichopek i Macieja Kurzajewskiego. Dwa miesi\u0105ce temu powiedzieli sobie tak, a teraz przekazali wiadomo\u015b\u0107 swoim fanom.<\/p>\n\n\n\n<h2 class=\"wp-block-heading\">Kontrowersyjne pocz\u0105tki Kasi Cichopek i Macieja Kurzajewskiego<\/h2>\n\n\n\n<p>Historia relacji Katarzyny Cichopek i Macieja Kurzajewskiego to jeden z najgor\u0119tszych temat\u00f3w polskiego show-biznesu ostatnich lat. Cho\u0107 poznali si\u0119 na planie programu \u201eCzar Par\u201d w 2019 roku, ich zawodowe drogi splot\u0142y si\u0119 na dobre w \u201ePytaniu na \u015bniadanie\u201d. Widzowie szybko dostrzegli chemi\u0119 mi\u0119dzy prowadz\u0105cymi, jednak przez d\u0142ugi czas para zapewnia\u0142a o wy\u0142\u0105cznie kole\u017ce\u0144skich relacjach.<\/p>\n\n\n\n<p>Prze\u0142om nast\u0105pi\u0142 w 2022 roku, tu\u017c po niespodziewanym rozstaniu Cichopek z Marcinem Hakielem po 17 latach zwi\u0105zku. Oficjalne potwierdzenie nowego uczucia mia\u0142o miejsce podczas podr\u00f3\u017cy do Izraela, co wywo\u0142a\u0142o medialn\u0105 burz\u0119. Atmosfer\u0119 podgrza\u0142y wypowiedzi Hakiela, kt\u00f3ry w g\u0142o\u015bnym wywiadzie u Kuby Wojew\u00f3dzkiego i u Magdy Mo\u0142ek sugerowa\u0142, \u017ce czu\u0142 si\u0119 oszukiwany, a jego \u201e<strong>wolno\u015b\u0107 mia\u0142a imi\u0119<\/strong>\u201d. Tancerz wyzna\u0142, \u017ce wynaj\u0105\u0142 detektyw\u00f3w, by potwierdzi\u0107 swoje przypuszczenia o nielojalno\u015bci \u017cony, co postawi\u0142o Cichopek i Kurzajewskiego w ogniu krytyki.<\/p>\n\n\n\n<p>Mimo kontrowersji i oskar\u017ce\u0144 o rozbicie rodzin, para przetrwa\u0142a medialny lincz. Dzi\u015b, po wsp\u00f3lnym przej\u015bciu do telewizji Polsat i licznych wsp\u00f3lnych projektach, zdaj\u0105 si\u0119 zupe\u0142nie nie przejmowa\u0107 tym, co m\u00f3wi\u0105 inni.<\/p>\n\n\n\n<h2 class=\"wp-block-heading\">\u015alub Kasi Cichopek i Macieja Kurzajewskiego<\/h2>\n\n\n\n<p>\u015alub Katarzyny Cichopek i Macieja Kurzajewskiego, kt\u00f3ry odby\u0142 si\u0119&nbsp;<strong>25 pa\u017adziernika 2025 roku<\/strong>, sta\u0142 si\u0119 jednym z najwa\u017cniejszych wydarze\u0144 medialnych roku w Polsce. Para, pieszczotliwie nazywana przez fan\u00f3w \u201eKurzopkami\u201d, sformalizowa\u0142a sw\u00f3j zwi\u0105zek w obecno\u015bci rodziny oraz licznego grona przyjaci\u00f3\u0142 z bran\u017cy rozrywkowej. Cho\u0107 uroczysto\u015b\u0107 by\u0142a pilnie strze\u017con\u0105 tajemnic\u0105, wiadomo, \u017ce panna m\u0142oda ol\u015bniewa\u0142a w starannie dobranych kreacjach, a ca\u0142e wydarzenie mia\u0142o niezwykle wzruszaj\u0105cy charakter.<\/p>\n\n\n\n<p>Jednym z najbardziej poruszaj\u0105cych moment\u00f3w ceremonii by\u0142a obecno\u015b\u0107 syna aktorki, Adama. Mimo \u017ce nastolatek przebywa obecnie na wymianie mi\u0119dzyszkolnej w Argentynie, dzi\u0119ki technologii towarzyszy\u0142 mamie \u201eonline\u201d. Jak wyzna\u0142a sama Cichopek, syn by\u0142 widoczny na du\u017cym ekranie i symbolicznie uczestniczy\u0142 w prowadzeniu jej do urz\u0119dnika, co podkre\u015bli\u0142o silne wi\u0119zi rodzinne \u0142\u0105cz\u0105ce par\u0119 z dzie\u0107mi z poprzednich zwi\u0105zk\u00f3w.<\/p>\n\n\n\n<p>Teraz pojawi\u0142a si\u0119 kolejna informacja. Fani natychmiast zareagowali.<\/p>\n\n\n\n<h2 class=\"wp-block-heading\">Kasia Cichopek i Maciej Kurzajewski przekazali wiadomo\u015b\u0107<\/h2>\n\n\n\n<p>\u015alub Katarzyny Cichopek i Macieja Kurzajewskiego by\u0142 jednym z najg\u0142o\u015bniejszych wydarze\u0144 mijaj\u0105cego roku, a dzi\u015b ma\u0142\u017conkowie celebruj\u0105 kolejny prze\u0142omowy moment. R\u00f3wno dwa miesi\u0105ce po sformalizowaniu zwi\u0105zku, para podzieli\u0142a si\u0119 z fanami radosn\u0105 nowin\u0105 &#8211;&nbsp;<strong>s\u0105 to ich pierwsze wsp\u00f3lne \u015bwi\u0119ta jako m\u0105\u017c i \u017cona.<\/strong>&nbsp;Z tej okazji w mediach spo\u0142eczno\u015bciowych opublikowali pe\u0142en ciep\u0142a wpis, \u017cycz\u0105c obserwatorom, aby ich serca wype\u0142ni\u0142y si\u0119 rado\u015bci\u0105.<\/p>\n\n\n\n<blockquote class=\"wp-block-quote is-layout-flow wp-block-quote-is-layout-flow\">\n<p>Kochani, niech ten wyj\u0105tkowy, \u015bwi\u0105teczny czas przyniesie Wam spok\u00f3j, ciep\u0142o i chwil\u0119 wytchnienia od codziennego po\u015bpiechu. Niech dom wype\u0142ni si\u0119 \u015bwiat\u0142em, serca rado\u015bci\u0105, a ka\u017cdy moment sp\u0119dzony z bliskimi stanie si\u0119 pi\u0119knym wspomnieniem. \u017byczymy Wam \u015awi\u0105t pe\u0142nych mi\u0142o\u015bci, \u017cyczliwo\u015bci i nadziei &#8211; takich, kt\u00f3re zostaj\u0105 w sercu na d\u0142ugo. Weso\u0142ych \u015awi\u0105t &#8211; napisali w mediach spo\u0142eczno\u015bciowych.<\/p>\n<\/blockquote>\n\n\n\n<p>Dzi\u015b, tworz\u0105c now\u0105 rodzin\u0119, para kontynuuje t\u0119 atmosfer\u0119 \u017cyczliwo\u015bci. W swoim \u015bwi\u0105tecznym przes\u0142aniu \u017cyczyli fanom przede wszystkim&nbsp;<strong>spokoju i ciep\u0142a<\/strong>, podkre\u015blaj\u0105c, \u017ce mi\u0142o\u015b\u0107 i nadzieja to warto\u015bci, kt\u00f3re powinny zosta\u0107 w sercach na d\u0142ugo. W komentarzach natychmiast pojawi\u0142y si\u0119 ciep\u0142e s\u0142owa i \u017cyczenia weso\u0142ych \u015bwi\u0105t dla pary, co pokazuje, \u017ce pomimo kontrowersji, Cichopek i Kurzajewski ciesz\u0105 si\u0119 ogromn\u0105 sympati\u0105.<\/p>\n","protected":false},"excerpt":{"rendered":"<p>Kontrowersyjne pocz\u0105tki i medialna burza &#8211; tak przez ostatnie lata prezentowa\u0142 si\u0119 zwi\u0105zek Kasi Cichopek i Macieja Kurzajewskiego. Dwa miesi\u0105ce temu powiedzieli sobie tak, a teraz przekazali wiadomo\u015b\u0107 swoim fanom. Kontrowersyjne pocz\u0105tki Kasi Cichopek i Macieja Kurzajewskiego Historia relacji Katarzyny Cichopek i Macieja Kurzajewskiego to jeden z najgor\u0119tszych temat\u00f3w polskiego show-biznesu ostatnich lat. Cho\u0107 poznali &#8230; <a title=\"Kasia Cichopek i Maciej Kurzajewski przekazali \u017cyczenia. Fani natychmiast zareagowali\" class=\"read-more\" href=\"https:\/\/dobrezrodla.com\/?p=13153\" aria-label=\"Read more about Kasia Cichopek i Maciej Kurzajewski przekazali \u017cyczenia. Fani natychmiast zareagowali\">Read more<\/a><\/p>\n","protected":false},"author":1,"featured_media":0,"comment_status":"open","ping_status":"open","sticky":false,"template":"","format":"standard","meta":{"footnotes":""},"categories":[1],"tags":[],"class_list":["post-13153","post","type-post","status-publish","format-standard","hentry","category-uncategorized"],"_links":{"self":[{"href":"https:\/\/dobrezrodla.com\/index.php?rest_route=\/wp\/v2\/posts\/13153","targetHints":{"allow":["GET"]}}],"collection":[{"href":"https:\/\/dobrezrodla.com\/index.php?rest_route=\/wp\/v2\/posts"}],"about":[{"href":"https:\/\/dobrezrodla.com\/index.php?rest_route=\/wp\/v2\/types\/post"}],"author":[{"embeddable":true,"href":"https:\/\/dobrezrodla.com\/index.php?rest_route=\/wp\/v2\/users\/1"}],"replies":[{"embeddable":true,"href":"https:\/\/dobrezrodla.com\/index.php?rest_route=%2Fwp%2Fv2%2Fcomments&post=13153"}],"version-history":[{"count":1,"href":"https:\/\/dobrezrodla.com\/index.php?rest_route=\/wp\/v2\/posts\/13153\/revisions"}],"predecessor-version":[{"id":13154,"href":"https:\/\/dobrezrodla.com\/index.php?rest_route=\/wp\/v2\/posts\/13153\/revisions\/13154"}],"wp:attachment":[{"href":"https:\/\/dobrezrodla.com\/index.php?rest_route=%2Fwp%2Fv2%2Fmedia&parent=13153"}],"wp:term":[{"taxonomy":"category","embeddable":true,"href":"https:\/\/dobrezrodla.com\/index.php?rest_route=%2Fwp%2Fv2%2Fcategories&post=13153"},{"taxonomy":"post_tag","embeddable":true,"href":"https:\/\/dobrezrodla.com\/index.php?rest_route=%2Fwp%2Fv2%2Ftags&post=13153"}],"curies":[{"name":"wp","href":"https:\/\/api.w.org\/{rel}","templated":true}]}}