{"id":13170,"date":"2025-12-26T09:14:59","date_gmt":"2025-12-26T09:14:59","guid":{"rendered":"https:\/\/dobrezrodla.com\/?p=13170"},"modified":"2025-12-26T09:14:59","modified_gmt":"2025-12-26T09:14:59","slug":"pozegnanie-w-domu-emma","status":"publish","type":"post","link":"https:\/\/dobrezrodla.com\/?p=13170","title":{"rendered":"PO\u017bEGNANIE W DOMU: EMMA"},"content":{"rendered":"\n<p><strong>Bruce Willis, 70 lat, zosta\u0142 przeniesiony do o\u015brodka opieku\u0144czego.<\/strong><br>To kolejny, niezwykle poruszaj\u0105cy rozdzia\u0142 w historii legendarnego aktora, kt\u00f3ry od kilku lat zmaga si\u0119 z ci\u0119\u017ck\u0105 chorob\u0105 neurologiczn\u0105.<\/p>\n\n\n\n<p>Jego \u017cona, <strong>Emma Heming Willis<\/strong>, w szczerym i emocjonalnym wyznaniu przyzna\u0142a, \u017ce by\u0142a to <strong>\u201ejedna z najtrudniejszych decyzji\u201d<\/strong>, jakie przysz\u0142o jej podj\u0105\u0107 w \u017cyciu. Decyzja ta nie zapad\u0142a nagle \u2014 by\u0142a wynikiem d\u0142ugich miesi\u0119cy walki, nadziei i pr\u00f3b zapewnienia Bruce\u2019owi jak najlepszej opieki w warunkach domowych.<\/p>\n\n\n\n<p>\u201eKa\u017cda rodzina, kt\u00f3ra mierzy si\u0119 z chorob\u0105 neurodegeneracyjn\u0105, wie, jak bolesne s\u0105 takie wybory\u201d \u2014 podkre\u015bli\u0142a Emma. Zaznaczy\u0142a jednak, \u017ce najwa\u017cniejsze by\u0142o bezpiecze\u0144stwo i komfort m\u0119\u017ca. O\u015brodek, do kt\u00f3rego trafi\u0142 aktor, zapewnia ca\u0142odobow\u0105, specjalistyczn\u0105 opiek\u0119, a personel ma do\u015bwiadczenie w pracy z osobami cierpi\u0105cymi na afazj\u0119 i ot\u0119pienie czo\u0142owo-skroniowe.<\/p>\n\n\n\n<p>Emma uspokoi\u0142a fan\u00f3w, m\u00f3wi\u0105c, \u017ce Bruce <strong>\u201ejest otoczony lud\u017ami, kt\u00f3rzy go kochaj\u0105\u201d<\/strong> \u2014 rodzin\u0105, opiekunami oraz specjalistami, kt\u00f3rzy traktuj\u0105 go z ogromnym szacunkiem i czu\u0142o\u015bci\u0105. Bliscy regularnie go odwiedzaj\u0105, dbaj\u0105c o to, by nie czu\u0142 si\u0119 samotny w tym trudnym etapie \u017cycia.<\/p>\n\n\n\n<p>Jedne z najbardziej poruszaj\u0105cych s\u0142\u00f3w, jakie pad\u0142y z ust Emmy, brzmia\u0142y:<br><strong>\u201eJ\u0119zyk mo\u017ce zanika\u0107, ale mi\u0142o\u015b\u0107 nie.\u201d<\/strong><\/p>\n\n\n\n<p>Cho\u0107 choroba stopniowo odbiera Bruce\u2019owi zdolno\u015b\u0107 komunikacji, emocjonalna wi\u0119\u017a z rodzin\u0105 pozostaje silna. Gesty, spojrzenia i chwile ciszy sta\u0142y si\u0119 dzi\u015b nowym j\u0119zykiem, kt\u00f3rym porozumiewaj\u0105 si\u0119 z ukochanym aktorem.<\/p>\n\n\n\n<p>Fani na ca\u0142ym \u015bwiecie reaguj\u0105 na te wie\u015bci z ogromnym wzruszeniem, okazuj\u0105c wsparcie rodzinie Willis\u00f3w. Dla wielu Bruce Willis pozostanie symbolem si\u0142y, charyzmy i niezapomnianych r\u00f3l filmowych. Dzi\u015b jednak jego historia przypomina, \u017ce nawet najwi\u0119ksze gwiazdy s\u0105 przede wszystkim lud\u017ami \u2014 kruchymi, wra\u017cliwymi i potrzebuj\u0105cymi mi\u0142o\u015bci.<\/p>\n\n\n\n<p>To opowie\u015b\u0107 nie tylko o chorobie, ale przede wszystkim o oddaniu, empatii i mi\u0142o\u015bci, kt\u00f3ra trwa mimo wszystko.<\/p>\n","protected":false},"excerpt":{"rendered":"<p>Bruce Willis, 70 lat, zosta\u0142 przeniesiony do o\u015brodka opieku\u0144czego.To kolejny, niezwykle poruszaj\u0105cy rozdzia\u0142 w historii legendarnego aktora, kt\u00f3ry od kilku lat zmaga si\u0119 z ci\u0119\u017ck\u0105 chorob\u0105 neurologiczn\u0105. Jego \u017cona, Emma Heming Willis, w szczerym i emocjonalnym wyznaniu przyzna\u0142a, \u017ce by\u0142a to \u201ejedna z najtrudniejszych decyzji\u201d, jakie przysz\u0142o jej podj\u0105\u0107 w \u017cyciu. Decyzja ta nie zapad\u0142a &#8230; <a title=\"PO\u017bEGNANIE W DOMU: EMMA\" class=\"read-more\" href=\"https:\/\/dobrezrodla.com\/?p=13170\" aria-label=\"Read more about PO\u017bEGNANIE W DOMU: EMMA\">Read more<\/a><\/p>\n","protected":false},"author":1,"featured_media":0,"comment_status":"open","ping_status":"open","sticky":false,"template":"","format":"standard","meta":{"footnotes":""},"categories":[1],"tags":[],"class_list":["post-13170","post","type-post","status-publish","format-standard","hentry","category-uncategorized"],"_links":{"self":[{"href":"https:\/\/dobrezrodla.com\/index.php?rest_route=\/wp\/v2\/posts\/13170","targetHints":{"allow":["GET"]}}],"collection":[{"href":"https:\/\/dobrezrodla.com\/index.php?rest_route=\/wp\/v2\/posts"}],"about":[{"href":"https:\/\/dobrezrodla.com\/index.php?rest_route=\/wp\/v2\/types\/post"}],"author":[{"embeddable":true,"href":"https:\/\/dobrezrodla.com\/index.php?rest_route=\/wp\/v2\/users\/1"}],"replies":[{"embeddable":true,"href":"https:\/\/dobrezrodla.com\/index.php?rest_route=%2Fwp%2Fv2%2Fcomments&post=13170"}],"version-history":[{"count":1,"href":"https:\/\/dobrezrodla.com\/index.php?rest_route=\/wp\/v2\/posts\/13170\/revisions"}],"predecessor-version":[{"id":13171,"href":"https:\/\/dobrezrodla.com\/index.php?rest_route=\/wp\/v2\/posts\/13170\/revisions\/13171"}],"wp:attachment":[{"href":"https:\/\/dobrezrodla.com\/index.php?rest_route=%2Fwp%2Fv2%2Fmedia&parent=13170"}],"wp:term":[{"taxonomy":"category","embeddable":true,"href":"https:\/\/dobrezrodla.com\/index.php?rest_route=%2Fwp%2Fv2%2Fcategories&post=13170"},{"taxonomy":"post_tag","embeddable":true,"href":"https:\/\/dobrezrodla.com\/index.php?rest_route=%2Fwp%2Fv2%2Ftags&post=13170"}],"curies":[{"name":"wp","href":"https:\/\/api.w.org\/{rel}","templated":true}]}}