{"id":13291,"date":"2025-12-27T13:00:39","date_gmt":"2025-12-27T13:00:39","guid":{"rendered":"https:\/\/dobrezrodla.com\/?p=13291"},"modified":"2025-12-27T13:00:39","modified_gmt":"2025-12-27T13:00:39","slug":"cezary-mizejewski-nie-zyje-zmarl-w-dniu-swoich-urodzin","status":"publish","type":"post","link":"https:\/\/dobrezrodla.com\/?p=13291","title":{"rendered":"Cezary Mi\u017cejewski nie \u017cyje. Zmar\u0142 w dniu swoich urodzin"},"content":{"rendered":"\n<p>Zmar\u0142 jeden z najwa\u017cniejszych architekt\u00f3w polskiej ekonomii spo\u0142ecznej, wieloletni polityk i spo\u0142ecznik, kt\u00f3ry przez dekady dzia\u0142a\u0142 na rzecz os\u00f3b wykluczonych i zagro\u017conych ub\u00f3stwem.<\/p>\n\n\n\n<ul class=\"wp-block-list\">\n<li>kim by\u0142 Cezary Mi\u017cejewski i jak\u0105 rol\u0119 odegra\u0142 w \u017cyciu publicznym<\/li>\n\n\n\n<li>jakie funkcje pe\u0142ni\u0142 w rz\u0105dzie i parlamencie<\/li>\n\n\n\n<li>dlaczego jego dzia\u0142alno\u015b\u0107 mia\u0142a znaczenie dla polityki spo\u0142ecznej w Polsce<\/li>\n\n\n\n<li>w jakich okoliczno\u015bciach przekazano informacj\u0119 o jego \u015bmierci<\/li>\n<\/ul>\n\n\n\n<h2 class=\"wp-block-heading\">Nie \u017cyje Cezary Mi\u017cejewski. Odszed\u0142 w dniu swoich urodzin<\/h2>\n\n\n\n<p>W pi\u0105tek 26 grudnia zmar\u0142&nbsp;<strong>Cezary Mi\u017cejewski<\/strong>&nbsp;\u2013 by\u0142y pose\u0142, wiceminister pracy oraz wieloletni dzia\u0142acz na rzecz walki z ub\u00f3stwem i wykluczeniem spo\u0142ecznym. Informacja o jego \u015bmierci zosta\u0142a przekazana w dniu, w kt\u00f3rym obchodzi\u0142 61. urodziny.<\/p>\n\n\n\n<p>Odej\u015bcie Mi\u017cejewskiego wywo\u0142a\u0142o poruszenie w \u015brodowiskach politycznych, spo\u0142ecznych i organizacjach pozarz\u0105dowych. By\u0142 postaci\u0105, kt\u00f3ra przez lata \u0142\u0105czy\u0142a dzia\u0142alno\u015b\u0107 publiczn\u0105 z prac\u0105 u podstaw, konsekwentnie skupiaj\u0105c si\u0119 na tematach zwi\u0105zanych z prawami pracowniczymi, rynkiem pracy i ekonomi\u0105 spo\u0142eczn\u0105.<\/p>\n\n\n\n<blockquote class=\"wp-block-quote is-layout-flow wp-block-quote-is-layout-flow\">\n<p>&#8220;Z wielkim smutkiem zawiadamiamy, \u017ce zmar\u0142 Cezary Mi\u017cejewski, wiceprzewodnicz\u0105cy Polskiego Komitetu Europejskiej Sieci Przeciwdzia\u0142ania Ub\u00f3stwu. Jako przewodnicz\u0105cy WRZOS i OZRSS wspiera\u0142 nasz\u0105 nieformaln\u0105 sie\u0107, a p\u00f3\u017aniej by\u0142 wsp\u00f3\u0142za\u0142o\u017cycielem EAPN Polska jako formalnego stowarzyszenia. Jego zas\u0142ugi na polu budowania polskiego modelu ekonomii spo\u0142ecznej i sp\u00f3\u0142dzielczo\u015bci socjalnej s\u0105 nieocenione. B\u0119dzie nam go bardzo brakowa\u0142o. Czarku, spoczywaj w pokoju&#8221; \u2014 napisano w po\u015bcie po\u017cegnalnym na Facebooku EAPN.<\/p>\n<\/blockquote>\n\n\n\n<h2 class=\"wp-block-heading\">Droga od opozycji demokratycznej do rz\u0105du<\/h2>\n\n\n\n<p>Cezary Mi\u017cejewski swoj\u0105 aktywno\u015b\u0107 publiczn\u0105 rozpocz\u0105\u0142 jeszcze w latach 80., anga\u017cuj\u0105c si\u0119 w dzia\u0142alno\u015b\u0107 opozycji demokratycznej. Wsp\u00f3\u0142tworzy\u0142 \u015brodowiska skupione wok\u00f3\u0142 ruchu robotniczego i uczestniczy\u0142 w wydawaniu podziemnych pism po\u015bwi\u0119conych sprawom pracy i bezpiecze\u0144stwa zatrudnionych.<\/p>\n\n\n\n<p>Po przemianach ustrojowych by\u0142 jednym z za\u0142o\u017cycieli odrodzonej Polskiej Partii Socjalistycznej, a w po\u0142owie lat 90. uzyska\u0142 mandat pos\u0142a na Sejm. W kolejnych latach pe\u0142ni\u0142 funkcje doradcze oraz kierownicze w administracji rz\u0105dowej, obejmuj\u0105c m.in. stanowisko podsekretarza i sekretarza stanu w resortach odpowiedzialnych za prac\u0119 i polityk\u0119 spo\u0142eczn\u0105.<\/p>\n\n\n\n<p>Jako urz\u0119dnik pa\u0144stwowy by\u0142 wsp\u00f3\u0142autorem rozwi\u0105za\u0144 prawnych dotycz\u0105cych zatrudnienia socjalnego i sp\u00f3\u0142dzielczo\u015bci, kt\u00f3re do dzi\u015b stanowi\u0105 fundament wsparcia dla os\u00f3b wykluczonych z rynku pracy.<\/p>\n\n\n\n<h2 class=\"wp-block-heading\">Architekt polskiej ekonomii spo\u0142ecznej<\/h2>\n\n\n\n<p>Najwa\u017cniejszym obszarem dzia\u0142alno\u015bci Cezarego Mi\u017cejewskiego by\u0142a ekonomia spo\u0142eczna. Przez lata anga\u017cowa\u0142 si\u0119 w rozw\u00f3j sp\u00f3\u0142dzielni socjalnych, organizacji pozarz\u0105dowych oraz inicjatyw wspieraj\u0105cych osoby w trudnej sytuacji \u017cyciowej. Sam pracowa\u0142 w sp\u00f3\u0142dzielni socjalnej, podkre\u015blaj\u0105c znaczenie praktycznego do\u015bwiadczenia w tworzeniu systemowych rozwi\u0105za\u0144.<\/p>\n\n\n\n<p>By\u0142 wsp\u00f3\u0142za\u0142o\u017cycielem i jednym z lider\u00f3w&nbsp;<strong>EAPN Polska<\/strong>, a tak\u017ce pe\u0142ni\u0142 funkcje w og\u00f3lnopolskich i rz\u0105dowych gremiach zajmuj\u0105cych si\u0119 polityk\u0105 spo\u0142eczn\u0105. Jego wk\u0142ad w budowanie polskiego modelu ekonomii spo\u0142ecznej wielokrotnie podkre\u015blano jako kluczowy i trwa\u0142y.<\/p>\n\n\n\n<p>Za swoj\u0105 dzia\u0142alno\u015b\u0107 otrzyma\u0142 liczne odznaczenia pa\u0144stwowe i bran\u017cowe. Pozostawi\u0142 po sobie dorobek, kt\u00f3ry wykracza\u0142 poza bie\u017c\u0105c\u0105 polityk\u0119 i koncentrowa\u0142 si\u0119 na d\u0142ugofalowych rozwi\u0105zaniach spo\u0142ecznych.<\/p>\n","protected":false},"excerpt":{"rendered":"<p>Zmar\u0142 jeden z najwa\u017cniejszych architekt\u00f3w polskiej ekonomii spo\u0142ecznej, wieloletni polityk i spo\u0142ecznik, kt\u00f3ry przez dekady dzia\u0142a\u0142 na rzecz os\u00f3b wykluczonych i zagro\u017conych ub\u00f3stwem. Nie \u017cyje Cezary Mi\u017cejewski. Odszed\u0142 w dniu swoich urodzin W pi\u0105tek 26 grudnia zmar\u0142&nbsp;Cezary Mi\u017cejewski&nbsp;\u2013 by\u0142y pose\u0142, wiceminister pracy oraz wieloletni dzia\u0142acz na rzecz walki z ub\u00f3stwem i wykluczeniem spo\u0142ecznym. Informacja o &#8230; <a title=\"Cezary Mi\u017cejewski nie \u017cyje. Zmar\u0142 w dniu swoich urodzin\" class=\"read-more\" href=\"https:\/\/dobrezrodla.com\/?p=13291\" aria-label=\"Read more about Cezary Mi\u017cejewski nie \u017cyje. Zmar\u0142 w dniu swoich urodzin\">Read more<\/a><\/p>\n","protected":false},"author":1,"featured_media":0,"comment_status":"open","ping_status":"open","sticky":false,"template":"","format":"standard","meta":{"footnotes":""},"categories":[1],"tags":[],"class_list":["post-13291","post","type-post","status-publish","format-standard","hentry","category-uncategorized"],"_links":{"self":[{"href":"https:\/\/dobrezrodla.com\/index.php?rest_route=\/wp\/v2\/posts\/13291","targetHints":{"allow":["GET"]}}],"collection":[{"href":"https:\/\/dobrezrodla.com\/index.php?rest_route=\/wp\/v2\/posts"}],"about":[{"href":"https:\/\/dobrezrodla.com\/index.php?rest_route=\/wp\/v2\/types\/post"}],"author":[{"embeddable":true,"href":"https:\/\/dobrezrodla.com\/index.php?rest_route=\/wp\/v2\/users\/1"}],"replies":[{"embeddable":true,"href":"https:\/\/dobrezrodla.com\/index.php?rest_route=%2Fwp%2Fv2%2Fcomments&post=13291"}],"version-history":[{"count":1,"href":"https:\/\/dobrezrodla.com\/index.php?rest_route=\/wp\/v2\/posts\/13291\/revisions"}],"predecessor-version":[{"id":13292,"href":"https:\/\/dobrezrodla.com\/index.php?rest_route=\/wp\/v2\/posts\/13291\/revisions\/13292"}],"wp:attachment":[{"href":"https:\/\/dobrezrodla.com\/index.php?rest_route=%2Fwp%2Fv2%2Fmedia&parent=13291"}],"wp:term":[{"taxonomy":"category","embeddable":true,"href":"https:\/\/dobrezrodla.com\/index.php?rest_route=%2Fwp%2Fv2%2Fcategories&post=13291"},{"taxonomy":"post_tag","embeddable":true,"href":"https:\/\/dobrezrodla.com\/index.php?rest_route=%2Fwp%2Fv2%2Ftags&post=13291"}],"curies":[{"name":"wp","href":"https:\/\/api.w.org\/{rel}","templated":true}]}}