{"id":13293,"date":"2025-12-27T13:03:52","date_gmt":"2025-12-27T13:03:52","guid":{"rendered":"https:\/\/dobrezrodla.com\/?p=13293"},"modified":"2025-12-27T13:03:53","modified_gmt":"2025-12-27T13:03:53","slug":"koszmar-na-s3-seria-niefortunnych-zdarzen-i-ogromne-utrudnienia","status":"publish","type":"post","link":"https:\/\/dobrezrodla.com\/?p=13293","title":{"rendered":"Koszmar na S3. Seria niefortunnych zdarze\u0144 i ogromne utrudnienia"},"content":{"rendered":"\n<p>Seria zdarze\u0144 drogowych na trasie S3 w wojew\u00f3dztwie lubuskim doprowadzi\u0142a do powa\u017cnych utrudnie\u0144 w obu kierunkach, a kierowcy przez wiele godzin musieli liczy\u0107 si\u0119 z objazdami i zatorami.<\/p>\n\n\n\n<ul class=\"wp-block-list\">\n<li>gdzie dok\u0142adnie dosz\u0142o do blokad na trasie S3<\/li>\n\n\n\n<li>dlaczego warunki na drodze okaza\u0142y si\u0119 tak niebezpieczne<\/li>\n\n\n\n<li>jak wygl\u0105da\u0142a sytuacja w obu kierunkach ruchu<\/li>\n\n\n\n<li>na co powinni zwr\u00f3ci\u0107 uwag\u0119 kierowcy w podobnych warunkach<\/li>\n<\/ul>\n\n\n\n<h2 class=\"wp-block-heading\">Seria zdarze\u0144 na trasie S3 w Lubuskiem. Ruch wstrzymany w obu kierunkach<\/h2>\n\n\n\n<p>Pi\u0105tek, 26 grudnia, okaza\u0142 si\u0119 wyj\u0105tkowo trudny dla kierowc\u00f3w poruszaj\u0105cych si\u0119 tras\u0105 S3 w wojew\u00f3dztwie lubuskim. Na odcinku przebiegaj\u0105cym w rejonie Skwierzyny oraz Mi\u0119dzyrzecza dosz\u0142o do serii zdarze\u0144 drogowych, kt\u00f3re w kr\u00f3tkim czasie doprowadzi\u0142y do blokad jezdni i znacznych utrudnie\u0144 w ruchu.<\/p>\n\n\n\n<p>Kierowcy relacjonowali, \u017ce kluczowym problemem by\u0142a bardzo \u015bliska nawierzchnia. Oblodzenie sprawi\u0142o, \u017ce na stosunkowo kr\u00f3tkich odcinkach kolejne pojazdy traci\u0142y przyczepno\u015b\u0107, a nawet niewielkie kolizje powodowa\u0142y ca\u0142kowite wstrzymanie ruchu. Sytuacja szybko sta\u0142a si\u0119 powa\u017cna, poniewa\u017c zdarzenia wyst\u0105pi\u0142y w kilku miejscach jednocze\u015bnie.<\/p>\n\n\n\n<h2 class=\"wp-block-heading\">Utrudnienia w stron\u0119 Szczecina i Zielonej G\u00f3ry<\/h2>\n\n\n\n<p>Najwi\u0119ksze problemy pojawi\u0142y si\u0119 zar\u00f3wno na pasach w kierunku Szczecina, jak i w stron\u0119 Zielonej G\u00f3ry. W jednym z przypadk\u00f3w pojazd uderzy\u0142 w bariery ochronne, co doprowadzi\u0142o do ca\u0142kowitej blokady jezdni. W innym miejscu dosz\u0142o do zderzenia samochod\u00f3w osobowych, przez co ruch musia\u0142 zosta\u0107 skierowany na objazdy lokalnymi drogami.<\/p>\n\n\n\n<p>Blokady w przeciwnych kierunkach sprawi\u0142y, \u017ce zatory zacz\u0119\u0142y narasta\u0107 r\u00f3wnie\u017c na dojazdach do miejsc zdarze\u0144. Kierowcy, kt\u00f3rzy znale\u017ali si\u0119 w korkach, informowali o bardzo wolnym tempie przejazdu oraz braku mo\u017cliwo\u015bci szybkiego opuszczenia trasy ekspresowej.<\/p>\n\n\n\n<p>Na miejscu przez wiele godzin pracowa\u0142y s\u0142u\u017cby, kt\u00f3rych dzia\u0142ania koncentrowa\u0142y si\u0119 na zabezpieczeniu miejsca zdarze\u0144, usuwaniu uszkodzonych pojazd\u00f3w oraz przywracaniu przejezdno\u015bci drogi.<\/p>\n\n\n\n<h2 class=\"wp-block-heading\">Trudne warunki i wzmo\u017cony ruch po \u015bwi\u0119tach<\/h2>\n\n\n\n<p>Seria zdarze\u0144 na trasie S3 zbieg\u0142a si\u0119 z okresem wzmo\u017conego ruchu po \u015bwi\u0119tach Bo\u017cego Narodzenia. Wielu kierowc\u00f3w wraca\u0142o do dom\u00f3w po rodzinnych spotkaniach, a intensywno\u015b\u0107 ruchu by\u0142a znacznie wi\u0119ksza ni\u017c w typowy dzie\u0144 roboczy.<\/p>\n\n\n\n<p>W po\u0142\u0105czeniu z zimowymi warunkami, nisk\u0105 temperatur\u0105 i oblodzeniem nawierzchni stworzy\u0142o to bardzo trudn\u0105 sytuacj\u0119 drogow\u0105. Nawet niewielkie b\u0142\u0119dy, gwa\u0142towne hamowanie czy zbyt ma\u0142y odst\u0119p mi\u0119dzy pojazdami mog\u0142y prowadzi\u0107 do kolejnych kolizji.<\/p>\n\n\n\n<p>S\u0142u\u017cby apeluj\u0105, by w takich warunkach ogranicza\u0107 pr\u0119dko\u015b\u0107, zachowywa\u0107 du\u017ce odst\u0119py oraz unika\u0107 nag\u0142ych manewr\u00f3w. Szczeg\u00f3ln\u0105 ostro\u017cno\u015b\u0107 nale\u017cy zachowa\u0107 w rejonach, gdzie ruch jest spowolniony lub kierowany na objazdy.<\/p>\n","protected":false},"excerpt":{"rendered":"<p>Seria zdarze\u0144 drogowych na trasie S3 w wojew\u00f3dztwie lubuskim doprowadzi\u0142a do powa\u017cnych utrudnie\u0144 w obu kierunkach, a kierowcy przez wiele godzin musieli liczy\u0107 si\u0119 z objazdami i zatorami. Seria zdarze\u0144 na trasie S3 w Lubuskiem. Ruch wstrzymany w obu kierunkach Pi\u0105tek, 26 grudnia, okaza\u0142 si\u0119 wyj\u0105tkowo trudny dla kierowc\u00f3w poruszaj\u0105cych si\u0119 tras\u0105 S3 w wojew\u00f3dztwie &#8230; <a title=\"Koszmar na S3. Seria niefortunnych zdarze\u0144 i ogromne utrudnienia\" class=\"read-more\" href=\"https:\/\/dobrezrodla.com\/?p=13293\" aria-label=\"Read more about Koszmar na S3. Seria niefortunnych zdarze\u0144 i ogromne utrudnienia\">Read more<\/a><\/p>\n","protected":false},"author":1,"featured_media":0,"comment_status":"open","ping_status":"open","sticky":false,"template":"","format":"standard","meta":{"footnotes":""},"categories":[1],"tags":[],"class_list":["post-13293","post","type-post","status-publish","format-standard","hentry","category-uncategorized"],"_links":{"self":[{"href":"https:\/\/dobrezrodla.com\/index.php?rest_route=\/wp\/v2\/posts\/13293","targetHints":{"allow":["GET"]}}],"collection":[{"href":"https:\/\/dobrezrodla.com\/index.php?rest_route=\/wp\/v2\/posts"}],"about":[{"href":"https:\/\/dobrezrodla.com\/index.php?rest_route=\/wp\/v2\/types\/post"}],"author":[{"embeddable":true,"href":"https:\/\/dobrezrodla.com\/index.php?rest_route=\/wp\/v2\/users\/1"}],"replies":[{"embeddable":true,"href":"https:\/\/dobrezrodla.com\/index.php?rest_route=%2Fwp%2Fv2%2Fcomments&post=13293"}],"version-history":[{"count":1,"href":"https:\/\/dobrezrodla.com\/index.php?rest_route=\/wp\/v2\/posts\/13293\/revisions"}],"predecessor-version":[{"id":13294,"href":"https:\/\/dobrezrodla.com\/index.php?rest_route=\/wp\/v2\/posts\/13293\/revisions\/13294"}],"wp:attachment":[{"href":"https:\/\/dobrezrodla.com\/index.php?rest_route=%2Fwp%2Fv2%2Fmedia&parent=13293"}],"wp:term":[{"taxonomy":"category","embeddable":true,"href":"https:\/\/dobrezrodla.com\/index.php?rest_route=%2Fwp%2Fv2%2Fcategories&post=13293"},{"taxonomy":"post_tag","embeddable":true,"href":"https:\/\/dobrezrodla.com\/index.php?rest_route=%2Fwp%2Fv2%2Ftags&post=13293"}],"curies":[{"name":"wp","href":"https:\/\/api.w.org\/{rel}","templated":true}]}}