{"id":13299,"date":"2025-12-27T13:05:28","date_gmt":"2025-12-27T13:05:28","guid":{"rendered":"https:\/\/dobrezrodla.com\/?p=13299"},"modified":"2025-12-27T13:05:28","modified_gmt":"2025-12-27T13:05:28","slug":"chaos-w-kulturze-po-pis-cienkowska-chcialam-uciec-z-krzykiem","status":"publish","type":"post","link":"https:\/\/dobrezrodla.com\/?p=13299","title":{"rendered":"Chaos w kulturze po PiS. Cienkowska: chcia\u0142am uciec z krzykiem"},"content":{"rendered":"\n<h2 class=\"wp-block-heading\">Najwa\u017cniejsze informacje w skr\u00f3cie:<\/h2>\n\n\n\n<ul class=\"wp-block-list\">\n<li><strong>Marta Cienkowska opisa\u0142a chaos, jaki zasta\u0142a w Ministerstwie Kultury i Dziedzictwa Narodowego<\/strong><\/li>\n\n\n\n<li><strong>Pochwali\u0142a decyzj\u0119 o powstaniu Muzeum Historii Polski, ale krytycznie oceni\u0142a sam proces budowy<\/strong><\/li>\n\n\n\n<li><strong>To performance polityczny &#8211; oceni\u0142a dzia\u0142anie Karola Nawrockiego zwi\u0105zane z przekazaniem do MHP Okr\u0105g\u0142ego Sto\u0142u<\/strong><\/li>\n<\/ul>\n\n\n\n<p>Marta Cienkowska od lipca 2025 roku jest ministr\u0105 kultury i dziedzictwa narodowego. Wcze\u015bniej, od grudnia 2023 roku pe\u0142ni\u0142a funkcj\u0119 podsekretarza stanu w tym resorcie. W rozmowie z Micha\u0142em Nogasiem przyzna\u0142a, \u017ce ka\u017cdego dnia si\u0119 zastanawia, po co jej by\u0142a polityka. &#8211; Ja nie jestem politykiem, nie umiem by\u0107 politykiem.&nbsp;Ja po prostu zawsze by\u0142am cz\u0142owiekiem od za\u0142atwiania spraw wa\u017cnych &#8211; wyja\u015bni\u0142a. Doda\u0142a, \u017ce jej umiej\u0119tno\u015bci\u0105 jest zarz\u0105dzanie. &#8211; Je\u015bli dostaje si\u0119 szans\u0119 na to, \u017ceby zmieni\u0107 co\u015b w obszarze, w kt\u00f3rym pracuj\u0119 od d\u0142u\u017cszego czasu i mam realny wp\u0142yw na to, \u017ceby naprawi\u0107 cz\u0119\u015b\u0107 tego pa\u0144stwa i cz\u0119\u015b\u0107 sektora kultury, to w takich sytuacjach po prostu nie m\u00f3wi si\u0119 &#8220;nie&#8221; &#8211; t\u0142umaczy\u0142a swoj\u0105 motywacj\u0119.<\/p>\n\n\n\n<h2 class=\"wp-block-heading\">&#8220;Zasta\u0142am chaos&#8221;<\/h2>\n\n\n\n<p>&#8211; Musz\u0119 przyzna\u0107, \u017ce Ministerstwo Kultury w grudniu 2023 roku to by\u0142 jeden wielki chaos &#8211; wr\u00f3ci\u0142a do pocz\u0105tk\u00f3w&nbsp; w resorcie. Wyliczy\u0142a, \u017ce zasta\u0142a&nbsp;chaos, brak transparentno\u015bci, ogromn\u0105 uznaniowo\u015b\u0107, je\u015bli chodzi o finansowanie kultury i prowadzenie instytucji kultury. &#8211; Naprawiamy to &#8211; zadeklarowa\u0142a. &#8211;&nbsp;To nie jest proste, dlatego \u017ce tych zmian do realizacji, do wprowadzenia jest bardzo du\u017co. Nie spodziewa\u0142am si\u0119, \u017ce a\u017c tak wiele, bo jednak to, co widzieli\u015bmy z zewn\u0105trz, w por\u00f3wnaniu z tym, co zobaczyli\u015bmy w \u015brodku, to jest przepa\u015b\u0107 &#8211; oceni\u0142a. &#8211; Po dw\u00f3ch miesi\u0105cach chcia\u0142am uciec z krzykiem &#8211; wspomina\u0142a.<\/p>\n\n\n\n<p>Cienkowska zwr\u00f3ci\u0142a uwag\u0119, \u017ce&nbsp;od 2008 roku nie ma&nbsp;dokumentu strategicznego, je\u015bli chodzi o plany rozwoju sektora kultury. Ubolewa\u0142a, \u017ce&nbsp;kultura by\u0142a zawsze troch\u0119 traktowana przez polityk\u00f3w po macoszemu. &#8211; Ja bym chcia\u0142a zmieni\u0107 my\u015blenie na temat sektora kultury, \u017ceby\u015bmy traktowali kultur\u0119 jako jedn\u0105 z polityk publicznych, a nie jako segment wydarze\u0144 &#8211; wyja\u015bni\u0142a. Wskaza\u0142a, \u017ce Piotr Gli\u0144ski &#8220;traktowa\u0142 kultur\u0119 bardzo instrumentalnie, jako swoje narz\u0119dzie polityczne, a nie bra\u0142 jej na serio jako sektora, kt\u00f3ry potrzebuje jakiego\u015b planu&#8221;.<\/p>\n\n\n\n<p>Marta Cienkowska go\u015bcini\u0105 Micha\u0142a Nogasia (Rozmowa w Tr\u00f3jce)<\/p>\n\n\n\n<p>36:06<\/p>\n\n\n\n<p>Dodaj do playlisty<\/p>\n\n\n\n<h2 class=\"wp-block-heading\">Okr\u0105g\u0142y St\u00f3\u0142 i Muzeum Historii Polski<\/h2>\n\n\n\n<p>Pytana, o co\u015b, co poprzednikom w kulturze si\u0119 uda\u0142o, stwierdzi\u0142a, \u017ce &#8220;mieli generalnie kilka dobrych pomys\u0142\u00f3w, tylko problem by\u0142 z ich realizacj\u0105&#8221;. &#8211; Na przyk\u0142ad uwa\u017cam, \u017ce Muzeum Historii Polski, kt\u00f3re nadal jest w budowie &#8211; przypominam &#8211; to jest generalnie bardzo dobry koncept.&nbsp;My nie mamy takiego miejsca, kt\u00f3re opowiada o pe\u0142nej, przekrojowej historii naszego kraju &#8211; powiedzia\u0142a ministra.&nbsp;<\/p>\n\n\n\n<p>Pytana o wys\u0142anie przez Karola Nawrockiego Okr\u0105g\u0142ego Sto\u0142u z Pa\u0142acu Prezydenckiego&nbsp;do Muzeum Historii Polski, Marta Cienkowska zauwa\u017cy\u0142a, \u017ce &#8220;ta historia ma przynajmniej kilkana\u015bcie lat&#8221;. &#8211; To z za\u0142o\u017cenia mia\u0142 by\u0107 element wystawy sta\u0142ej. Zrobiono z tego w tym momencie performance polityczny &#8211; wyja\u015bni\u0142a. Oceni\u0142a, \u017ce by\u0142a to &#8220;jaka\u015b polityczna zagrywka komunikacyjna&#8221;. &#8211;&nbsp;Wiem, \u017ce wcze\u015bniej by\u0142y rozmowy na ten temat z panem prezydentem Dud\u0105, z panem prezydentem Komorowskim wcze\u015bniej, no i teraz w ko\u0144cu jeste\u015bmy ju\u017c na takim etapie budowy wystawy sta\u0142ej, \u017ce mo\u017cemy przyj\u0105\u0107 Okr\u0105g\u0142y St\u00f3\u0142 do Muzeum Historii Polski &#8211; opisa\u0142a histori\u0119 przeniesienia.&nbsp;<\/p>\n\n\n\n<p>Odnosz\u0105c si\u0119 jeszcze do powstania MHP, ministra podkre\u015bli\u0142a, \u017ce &#8220;nigdy nie by\u0142 zaplanowany harmonogram tej inwestycji&#8221; i nie by\u0142o planu&nbsp;&#8220;co ma by\u0107 w kt\u00f3rym\u015b momencie zrealizowane&#8221;. Wskaza\u0142a, \u017ce &#8220;my teraz rozwi\u0105zujemy problemy poprzednik\u00f3w zwi\u0105zane z brakiem planowania, dobrego bud\u017cetowania, dobrego konstruowania um\u00f3w&#8221;. &#8211; I rozmawiamy z wykonawcami, kt\u00f3rzy byli w sporze prawnym z Ministerstwem Kultury przez wiele lat &#8211; doda\u0142a.&nbsp;<\/p>\n\n\n\n<h2 class=\"wp-block-heading\">Wywracane listy rankingowe<\/h2>\n\n\n\n<p>W jej opinii poprzednie&nbsp;kierownictwo w Ministerstwie Kultury i Dziedzictwa Narodowego nie szanowa\u0142o artyst\u00f3w, a dowodem jest to, w jaki spos\u00f3b przyznawane by\u0142y dla nich pieni\u0105dze. Jak t\u0142umaczy\u0142a w programach z dofinansowaniem &#8220;wywracane by\u0142y listy rankingowe&#8221;.<\/p>\n\n\n\n<p>&#8211;&nbsp;30 proc. oceny wniosku o dofinansowanie stanowi\u0142a ocena gabinetu politycznego ministra &#8211; wskaza\u0142a na narz\u0119dzie politycznego nacisku. &#8211; Ludzie byli po prostu zwyczajnie googlowani w internecie, kim oni s\u0105 i czy mo\u017cna im da\u0107 pieni\u0105dze, czy nie.&nbsp;To jest straszne.&nbsp;Gdzie my tutaj mo\u017cemy m\u00f3wi\u0107 o jakiej\u015b wolno\u015bci artystycznej? &#8211; pyta\u0142a.&nbsp;<\/p>\n\n\n\n<h2 class=\"wp-block-heading\">KPO dla kultury<\/h2>\n\n\n\n<p>Marta Cienkowska odnios\u0142a si\u0119 te\u017c do zarzut\u00f3w dotycz\u0105cych KPO dla kultury, a zwi\u0105zanych np. z niejasnymi zasadami przyznawania punkt\u00f3w. W efekcie du\u017ca grupa artyst\u00f3w mia\u0142a nie dosta\u0107 wsparcia, bo&nbsp;otrzymali zero punkt\u00f3w albo ich wnioski zosta\u0142y odrzucone. &#8211;&nbsp;KPO dla kultury to nie tylko dzia\u0142ania mi\u0119kkie, ale tak\u017ce dzia\u0142ania infrastrukturalne. My o tym zapominamy &#8211; zaznaczy\u0142a. Wyja\u015bni\u0142a, \u017ce dzia\u0142ania mi\u0119kkie to &#8220;wsparcie wydarze\u0144 artystycznych, je\u015bli chodzi o sektor kultury, czy stypendia&#8221;. &#8211; W programie inwestycyjnym przekroczyli\u015bmy dwukrotnie wska\u017anik, zwi\u0119kszyli\u015bmy bud\u017cet &#8211; doda\u0142a, t\u0142umacz\u0105c, \u017ce on&nbsp;&#8220;dotyczy termomodernizacji bibliotek i dom\u00f3w kultury w ca\u0142ej Polsce, g\u0142\u00f3wnie w mniejszych miejscowo\u015bciach&#8221;. &#8211; Z&nbsp;85 projekt\u00f3w, kt\u00f3re mieli\u015bmy do realizacji, zrobili\u015bmy ponad 160 &#8211; poinformowa\u0142a. &#8211; Ta cz\u0119\u015b\u0107 KPO dla kultury to 200 proc. normy &#8211; podkre\u015bli\u0142a.&nbsp;<\/p>\n\n\n\n<p>&#8211; Dzia\u0142ania mi\u0119kkie podzielone s\u0105 na granty i stypendia.&nbsp;W grantach 27 proc. wnioskodawc\u00f3w otrzyma\u0142o dofinansowanie.&nbsp;To jest wi\u0119cej ni\u017c w jakimkolwiek programie ministra &#8211; powiedzia\u0142a Marta Cienkowska. Doda\u0142a, \u017ce w stypendiach to ok. 21-22 proc. Zauwa\u017cy\u0142a, \u017ce&nbsp;programach ministra wska\u017anik przyznawania dofinansowa\u0144 jest du\u017co ni\u017cszy ni\u017c w KPO. Odnosz\u0105c si\u0119 do zarzutu o brak transparentno\u015bci, ministra przypomnia\u0142a, \u017ce po pierwszym naborze KPO by\u0142o spotkanie ze \u015brodowiskiem i wszystkie wskaz\u00f3wki zosta\u0142y wprowadzone do regulamin\u00f3w. &#8211;&nbsp;&nbsp;Teraz w drugim naborze nagle si\u0119 okazuje, \u017ce nasze organizacje czy te\u017c stypendy\u015bci cz\u0119\u015b\u0107 z nich nie dostaje finansowania, dostaje zero punkt\u00f3w. Dlaczego dostaje zero punkt\u00f3w? Bo pope\u0142nia b\u0142\u0105d formalny &#8211; wyja\u015bni\u0142a. Wskaza\u0142a, \u017ce 2,5 tysi\u0105ca wniosk\u00f3w o dofinansowanie mia\u0142o b\u0142\u0105d formalny w postaci&nbsp;braku za\u0142\u0105cznika. Przyzna\u0142a, \u017ce b\u0142\u0105d mog\u0105 pope\u0142ni\u0107 te\u017c osoby oceniaj\u0105ce wnioski. &#8211; Dlatego mieli\u015bmy ten proces tak skonstruowany, \u017ceby by\u0142a te\u017c mo\u017cliwo\u015b\u0107 odwo\u0142ania. Przy odwo\u0142aniach te wnioski ocenia\u0142y zupe\u0142nie inne osoby &#8211; doda\u0142a.&nbsp;<\/p>\n","protected":false},"excerpt":{"rendered":"<p>Najwa\u017cniejsze informacje w skr\u00f3cie: Marta Cienkowska od lipca 2025 roku jest ministr\u0105 kultury i dziedzictwa narodowego. Wcze\u015bniej, od grudnia 2023 roku pe\u0142ni\u0142a funkcj\u0119 podsekretarza stanu w tym resorcie. W rozmowie z Micha\u0142em Nogasiem przyzna\u0142a, \u017ce ka\u017cdego dnia si\u0119 zastanawia, po co jej by\u0142a polityka. &#8211; Ja nie jestem politykiem, nie umiem by\u0107 politykiem.&nbsp;Ja po prostu &#8230; <a title=\"Chaos w kulturze po PiS. Cienkowska: chcia\u0142am uciec z krzykiem\" class=\"read-more\" href=\"https:\/\/dobrezrodla.com\/?p=13299\" aria-label=\"Read more about Chaos w kulturze po PiS. Cienkowska: chcia\u0142am uciec z krzykiem\">Read more<\/a><\/p>\n","protected":false},"author":1,"featured_media":0,"comment_status":"open","ping_status":"open","sticky":false,"template":"","format":"standard","meta":{"footnotes":""},"categories":[1],"tags":[],"class_list":["post-13299","post","type-post","status-publish","format-standard","hentry","category-uncategorized"],"_links":{"self":[{"href":"https:\/\/dobrezrodla.com\/index.php?rest_route=\/wp\/v2\/posts\/13299","targetHints":{"allow":["GET"]}}],"collection":[{"href":"https:\/\/dobrezrodla.com\/index.php?rest_route=\/wp\/v2\/posts"}],"about":[{"href":"https:\/\/dobrezrodla.com\/index.php?rest_route=\/wp\/v2\/types\/post"}],"author":[{"embeddable":true,"href":"https:\/\/dobrezrodla.com\/index.php?rest_route=\/wp\/v2\/users\/1"}],"replies":[{"embeddable":true,"href":"https:\/\/dobrezrodla.com\/index.php?rest_route=%2Fwp%2Fv2%2Fcomments&post=13299"}],"version-history":[{"count":1,"href":"https:\/\/dobrezrodla.com\/index.php?rest_route=\/wp\/v2\/posts\/13299\/revisions"}],"predecessor-version":[{"id":13300,"href":"https:\/\/dobrezrodla.com\/index.php?rest_route=\/wp\/v2\/posts\/13299\/revisions\/13300"}],"wp:attachment":[{"href":"https:\/\/dobrezrodla.com\/index.php?rest_route=%2Fwp%2Fv2%2Fmedia&parent=13299"}],"wp:term":[{"taxonomy":"category","embeddable":true,"href":"https:\/\/dobrezrodla.com\/index.php?rest_route=%2Fwp%2Fv2%2Fcategories&post=13299"},{"taxonomy":"post_tag","embeddable":true,"href":"https:\/\/dobrezrodla.com\/index.php?rest_route=%2Fwp%2Fv2%2Ftags&post=13299"}],"curies":[{"name":"wp","href":"https:\/\/api.w.org\/{rel}","templated":true}]}}