{"id":13352,"date":"2025-12-27T16:24:09","date_gmt":"2025-12-27T16:24:09","guid":{"rendered":"https:\/\/dobrezrodla.com\/?p=13352"},"modified":"2025-12-27T16:24:09","modified_gmt":"2025-12-27T16:24:09","slug":"reakcja-premiera-na-dzialania-rosji-donald-tusk-wydal-wazne-oswiadczenie","status":"publish","type":"post","link":"https:\/\/dobrezrodla.com\/?p=13352","title":{"rendered":"Reakcja premiera na dzia\u0142ania Rosji. Donald Tusk wyda\u0142 wa\u017cne o\u015bwiadczenie"},"content":{"rendered":"\n<p>Premier Donald Tusk poinformowa\u0142, \u017ce w sobot\u0119 odb\u0119d\u0105 si\u0119 rozmowy na temat mo\u017cliwo\u015bci osi\u0105gni\u0119cia pokoju. Spotkania maj\u0105 obj\u0105\u0107 przyw\u00f3dc\u00f3w Ukrainy oraz kluczowe pa\u0144stwa Unii Europejskiej. W tle napi\u0119\u0107 wci\u0105\u017c pozostaje eskalacja konfliktu w stolicy Ukrainy, Kijowie.<\/p>\n\n\n\n<p>Premier Tusk organizuje rozmowy pokojowe z liderami UE i Ukrainy<br>Rosja przeprowadza zmasowany atak na Kij\u00f3w \u2013 drony i rakiety trafiaj\u0105 w mieszkania<br>Szanse na pok\u00f3j w Ukrainie: kluczowe spotkanie europejskich lider\u00f3w<br>Premier Tusk organizuje rozmowy pokojowe z liderami UE i Ukrainy<br>Donald Tusk w sobot\u0119 w mediach spo\u0142eczno\u015bciowych podkre\u015bli\u0142, \u017ce rozmowy b\u0119d\u0105 dotyczy\u0107 perspektyw zako\u0144czenia dzia\u0142a\u0144 wojennych. Premier zaznaczy\u0142, \u017ce pomimo gotowo\u015bci do ust\u0119pstw ze strony prezydenta Ukrainy Wo\u0142odymyra Ze\u0142enskiego oraz oczekiwa\u0144 prezydenta USA Donalda Trumpa, Rosja ponownie zaatakowa\u0142a stolic\u0119 Ukrainy.<\/p>\n\n\n\n<p>Tusk w swoim wpisie na platformie X napisa\u0142:<\/p>\n\n\n\n<p>\u2013 Wbrew oczekiwaniom prezydenta Trumpa i mimo gotowo\u015bci do ust\u0119pstw ze strony @ZelenskyyUa Rosja ponownie brutalnie zaatakowa\u0142a mieszkaniowe dzielnice Kijowa. B\u0119d\u0119 dzi\u015b rozmawia\u0142 o szansach na pok\u00f3j z przyw\u00f3dcami m.in. Ukrainy, Niemiec, Francji, Wielkiej Brytanii, W\u0142och i UE.<\/p>\n\n\n\n<p>W rozmowach, jak poinformowa\u0142 wcze\u015bniej rzecznik Komisji Europejskiej, we\u017amie udzia\u0142 tak\u017ce szefowa KE Ursula von der Leyen.<\/p>\n\n\n\n<p>Wbrew oczekiwaniom prezydenta Trumpa i mimo gotowo\u015bci do ust\u0119pstw ze strony @ZelenskyyUa Rosja ponownie brutalnie zaatakowa\u0142a mieszkaniowe dzielnice Kijowa. B\u0119d\u0119 dzi\u015b rozmawia\u0142 o szansach na pok\u00f3j z przyw\u00f3dcami m. in. Ukrainy, Niemiec, Francji, Wielkiej Brytanii, W\u0142och i UE.<\/p>\n\n\n\n<p>\u2014 Donald Tusk (@donaldtusk) December 27, 2025<br>Rosja przeprowadza zmasowany atak na Kij\u00f3w \u2013 drony i rakiety trafiaj\u0105 w mieszkania<br>W sobot\u0119 rano Kij\u00f3w sta\u0142 si\u0119 celem zmasowanego ataku rosyjskiego. Prezydent Ukrainy Wo\u0142odymyr Ze\u0142enski poda\u0142 na Telegramie, \u017ce Rosja u\u017cy\u0142a oko\u0142o 500 dron\u00f3w i 40 rakiet.<\/p>\n\n\n\n<p>Jak zaznaczy\u0142:<\/p>\n\n\n\n<p>\u2013 G\u0142\u00f3wny cel to Kij\u00f3w: energetyka i infrastruktura cywilna. Niestety, s\u0105 trafienia tak\u017ce w budynki mieszkalne.<\/p>\n\n\n\n<p>Informacje te wskazuj\u0105, \u017ce konflikt nadal koncentruje si\u0119 na strategicznych punktach stolicy, z powa\u017cnym zagro\u017ceniem dla mieszka\u0144c\u00f3w.<\/p>\n\n\n\n<p>Szanse na pok\u00f3j w Ukrainie: kluczowe spotkanie europejskich lider\u00f3w<br>Rozmowy zaplanowane przez Donalda Tuska maj\u0105 na celu wypracowanie wsp\u00f3lnej postawy pa\u0144stw europejskich wobec konfliktu i pr\u00f3by ograniczenia dalszej eskalacji. Udzia\u0142 lider\u00f3w Niemiec, Francji, Wielkiej Brytanii, W\u0142och oraz przedstawicieli Unii Europejskiej pokazuje, \u017ce temat pokoju zyskuje mi\u0119dzynarodowe znaczenie.<\/p>\n\n\n\n<p>Przebieg spotkania mo\u017ce zadecydowa\u0107 o kolejnych krokach dyplomatycznych i ewentualnym zmniejszeniu napi\u0119cia w regionie, w kt\u00f3rym nadal odczuwalne s\u0105 skutki ostatnich atak\u00f3w na Kij\u00f3w.<\/p>\n","protected":false},"excerpt":{"rendered":"<p>Premier Donald Tusk poinformowa\u0142, \u017ce w sobot\u0119 odb\u0119d\u0105 si\u0119 rozmowy na temat mo\u017cliwo\u015bci osi\u0105gni\u0119cia pokoju. Spotkania maj\u0105 obj\u0105\u0107 przyw\u00f3dc\u00f3w Ukrainy oraz kluczowe pa\u0144stwa Unii Europejskiej. W tle napi\u0119\u0107 wci\u0105\u017c pozostaje eskalacja konfliktu w stolicy Ukrainy, Kijowie. Premier Tusk organizuje rozmowy pokojowe z liderami UE i UkrainyRosja przeprowadza zmasowany atak na Kij\u00f3w \u2013 drony i rakiety &#8230; <a title=\"Reakcja premiera na dzia\u0142ania Rosji. Donald Tusk wyda\u0142 wa\u017cne o\u015bwiadczenie\" class=\"read-more\" href=\"https:\/\/dobrezrodla.com\/?p=13352\" aria-label=\"Read more about Reakcja premiera na dzia\u0142ania Rosji. Donald Tusk wyda\u0142 wa\u017cne o\u015bwiadczenie\">Read more<\/a><\/p>\n","protected":false},"author":1,"featured_media":0,"comment_status":"open","ping_status":"open","sticky":false,"template":"","format":"standard","meta":{"footnotes":""},"categories":[1],"tags":[],"class_list":["post-13352","post","type-post","status-publish","format-standard","hentry","category-uncategorized"],"_links":{"self":[{"href":"https:\/\/dobrezrodla.com\/index.php?rest_route=\/wp\/v2\/posts\/13352","targetHints":{"allow":["GET"]}}],"collection":[{"href":"https:\/\/dobrezrodla.com\/index.php?rest_route=\/wp\/v2\/posts"}],"about":[{"href":"https:\/\/dobrezrodla.com\/index.php?rest_route=\/wp\/v2\/types\/post"}],"author":[{"embeddable":true,"href":"https:\/\/dobrezrodla.com\/index.php?rest_route=\/wp\/v2\/users\/1"}],"replies":[{"embeddable":true,"href":"https:\/\/dobrezrodla.com\/index.php?rest_route=%2Fwp%2Fv2%2Fcomments&post=13352"}],"version-history":[{"count":1,"href":"https:\/\/dobrezrodla.com\/index.php?rest_route=\/wp\/v2\/posts\/13352\/revisions"}],"predecessor-version":[{"id":13353,"href":"https:\/\/dobrezrodla.com\/index.php?rest_route=\/wp\/v2\/posts\/13352\/revisions\/13353"}],"wp:attachment":[{"href":"https:\/\/dobrezrodla.com\/index.php?rest_route=%2Fwp%2Fv2%2Fmedia&parent=13352"}],"wp:term":[{"taxonomy":"category","embeddable":true,"href":"https:\/\/dobrezrodla.com\/index.php?rest_route=%2Fwp%2Fv2%2Fcategories&post=13352"},{"taxonomy":"post_tag","embeddable":true,"href":"https:\/\/dobrezrodla.com\/index.php?rest_route=%2Fwp%2Fv2%2Ftags&post=13352"}],"curies":[{"name":"wp","href":"https:\/\/api.w.org\/{rel}","templated":true}]}}