{"id":13356,"date":"2025-12-27T16:26:24","date_gmt":"2025-12-27T16:26:24","guid":{"rendered":"https:\/\/dobrezrodla.com\/?p=13356"},"modified":"2025-12-27T16:26:25","modified_gmt":"2025-12-27T16:26:25","slug":"dwoje-polakow-w-aferze-epsteina-ujawniamy-kim-sa-i-czym-sie-zajmowali","status":"publish","type":"post","link":"https:\/\/dobrezrodla.com\/?p=13356","title":{"rendered":"Dwoje Polak\u00f3w w aferze Epsteina. Ujawniamy, kim s\u0105 i czym si\u0119 zajmowali"},"content":{"rendered":"\n<p>Sprawa <strong>Jeffrey Epsteina<\/strong> od lat budzi ogromne emocje na ca\u0142ym \u015bwiecie. Nowe informacje, kt\u00f3re pojawi\u0142y si\u0119 w przestrzeni publicznej, ponownie rozpalaj\u0105 opini\u0119 publiczn\u0105 \u2014 tym razem tak\u017ce w Polsce. Wed\u0142ug dost\u0119pnych dokument\u00f3w i relacji medialnych, w materia\u0142ach zwi\u0105zanych z afer\u0105 pojawiaj\u0105 si\u0119 <strong>nazwiska dw\u00f3ch obywateli Polski<\/strong>.<\/p>\n\n\n\n<p>Jak podkre\u015blaj\u0105 \u017ar\u00f3d\u0142a, <strong>nie s\u0105 to osoby powszechnie znane opinii publicznej<\/strong>, jednak przez lata mia\u0142y funkcjonowa\u0107 w \u015brodowiskach biznesowych i mi\u0119dzynarodowych, utrzymuj\u0105c kontakty z wp\u0142ywowymi kr\u0119gami zagranicznymi. Ich nazwiska znalaz\u0142y si\u0119 w dokumentach analizowanych przez zagraniczne media \u015bledcze, badaj\u0105ce sie\u0107 powi\u0105za\u0144 Epsteina.<\/p>\n\n\n\n<p>Z dost\u0119pnych informacji wynika, \u017ce:<\/p>\n\n\n\n<ul class=\"wp-block-list\">\n<li>jedna z tych os\u00f3b mia\u0142a dzia\u0142a\u0107 w sektorze doradztwa i po\u015brednictwa mi\u0119dzynarodowego,<\/li>\n\n\n\n<li>druga by\u0142a zwi\u0105zana z projektami o charakterze finansowym i logistycznym, realizowanymi poza granicami kraju.<\/li>\n<\/ul>\n\n\n\n<p>Eksperci podkre\u015blaj\u0105 jednak jednoznacznie: <strong>samo pojawienie si\u0119 nazwiska w dokumentach nie jest r\u00f3wnoznaczne z pope\u0142nieniem przest\u0119pstwa<\/strong>. W wielu przypadkach chodzi o kontakty zawodowe, spotkania lub powi\u0105zania towarzyskie, kt\u00f3re dzi\u015b \u2013 w \u015bwietle ujawnionych fakt\u00f3w \u2013 s\u0105 analizowane z nowej perspektywy.<\/p>\n\n\n\n<p>Sprawa Epsteina wci\u0105\u017c pozostaje jedn\u0105 z najbardziej kontrowersyjnych afer XXI wieku. Ka\u017cda kolejna publikacja dokument\u00f3w wywo\u0142uje lawin\u0119 pyta\u0144 o skal\u0119 wp\u0142yw\u00f3w, milczenie elit oraz odpowiedzialno\u015b\u0107 os\u00f3b, kt\u00f3re przez lata funkcjonowa\u0142y w cieniu pot\u0119\u017cnych nazwisk.<\/p>\n\n\n\n<p>Czy pojawienie si\u0119 polskiego w\u0105tku zmieni postrzeganie sprawy w kraju? Zdaniem komentator\u00f3w \u2014 <strong>to dopiero pocz\u0105tek szerszej debaty<\/strong>, a kolejne informacje mog\u0105 jeszcze zaskoczy\u0107 opini\u0119 publiczn\u0105.<\/p>\n","protected":false},"excerpt":{"rendered":"<p>Sprawa Jeffrey Epsteina od lat budzi ogromne emocje na ca\u0142ym \u015bwiecie. Nowe informacje, kt\u00f3re pojawi\u0142y si\u0119 w przestrzeni publicznej, ponownie rozpalaj\u0105 opini\u0119 publiczn\u0105 \u2014 tym razem tak\u017ce w Polsce. Wed\u0142ug dost\u0119pnych dokument\u00f3w i relacji medialnych, w materia\u0142ach zwi\u0105zanych z afer\u0105 pojawiaj\u0105 si\u0119 nazwiska dw\u00f3ch obywateli Polski. Jak podkre\u015blaj\u0105 \u017ar\u00f3d\u0142a, nie s\u0105 to osoby powszechnie znane &#8230; <a title=\"Dwoje Polak\u00f3w w aferze Epsteina. Ujawniamy, kim s\u0105 i czym si\u0119 zajmowali\" class=\"read-more\" href=\"https:\/\/dobrezrodla.com\/?p=13356\" aria-label=\"Read more about Dwoje Polak\u00f3w w aferze Epsteina. Ujawniamy, kim s\u0105 i czym si\u0119 zajmowali\">Read more<\/a><\/p>\n","protected":false},"author":1,"featured_media":0,"comment_status":"open","ping_status":"open","sticky":false,"template":"","format":"standard","meta":{"footnotes":""},"categories":[1],"tags":[],"class_list":["post-13356","post","type-post","status-publish","format-standard","hentry","category-uncategorized"],"_links":{"self":[{"href":"https:\/\/dobrezrodla.com\/index.php?rest_route=\/wp\/v2\/posts\/13356","targetHints":{"allow":["GET"]}}],"collection":[{"href":"https:\/\/dobrezrodla.com\/index.php?rest_route=\/wp\/v2\/posts"}],"about":[{"href":"https:\/\/dobrezrodla.com\/index.php?rest_route=\/wp\/v2\/types\/post"}],"author":[{"embeddable":true,"href":"https:\/\/dobrezrodla.com\/index.php?rest_route=\/wp\/v2\/users\/1"}],"replies":[{"embeddable":true,"href":"https:\/\/dobrezrodla.com\/index.php?rest_route=%2Fwp%2Fv2%2Fcomments&post=13356"}],"version-history":[{"count":1,"href":"https:\/\/dobrezrodla.com\/index.php?rest_route=\/wp\/v2\/posts\/13356\/revisions"}],"predecessor-version":[{"id":13357,"href":"https:\/\/dobrezrodla.com\/index.php?rest_route=\/wp\/v2\/posts\/13356\/revisions\/13357"}],"wp:attachment":[{"href":"https:\/\/dobrezrodla.com\/index.php?rest_route=%2Fwp%2Fv2%2Fmedia&parent=13356"}],"wp:term":[{"taxonomy":"category","embeddable":true,"href":"https:\/\/dobrezrodla.com\/index.php?rest_route=%2Fwp%2Fv2%2Fcategories&post=13356"},{"taxonomy":"post_tag","embeddable":true,"href":"https:\/\/dobrezrodla.com\/index.php?rest_route=%2Fwp%2Fv2%2Ftags&post=13356"}],"curies":[{"name":"wp","href":"https:\/\/api.w.org\/{rel}","templated":true}]}}