{"id":13397,"date":"2025-12-28T09:49:37","date_gmt":"2025-12-28T09:49:37","guid":{"rendered":"https:\/\/dobrezrodla.com\/?p=13397"},"modified":"2025-12-28T09:49:38","modified_gmt":"2025-12-28T09:49:38","slug":"byla-642-rano-kiedy-sikorski-zabral-glos-odpowiedzial-karolowi-nawrockiemu","status":"publish","type":"post","link":"https:\/\/dobrezrodla.com\/?p=13397","title":{"rendered":"By\u0142a 6:42 rano, kiedy Sikorski zabra\u0142 g\u0142os. Odpowiedzia\u0142 Karolowi Nawrockiemu"},"content":{"rendered":"\n<p>Poranne godziny przynios\u0142y niespodziewany impuls do politycznej dyskusji, kt\u00f3ra szybko przenios\u0142a si\u0119 do medi\u00f3w spo\u0142eczno\u015bciowych i opinii publicznej. Wpis jednego z kluczowych ministr\u00f3w wyra\u017anie nawi\u0105zywa\u0142 do wcze\u015bniejszego wyst\u0105pienia g\u0142owy pa\u0144stwa, sygnalizuj\u0105c, \u017ce temat bezpiecze\u0144stwa i odpowiedzialno\u015bci pa\u0144stwowej zn\u00f3w znalaz\u0142 si\u0119 w centrum uwagi.<\/p>\n\n\n\n<p>Uspokajaj\u0105cy sygna\u0142 ze strony MSZ<br>Poranny wpis szefa polskiej dyplomacji szybko sta\u0142 si\u0119 jednym z najcz\u0119\u015bciej komentowanych temat\u00f3w w przestrzeni publicznej. Rados\u0142aw Sikorski, odnosz\u0105c si\u0119 do wcze\u015bniejszych wypowiedzi prezydenta Karola Nawrockiego, postanowi\u0142 publicznie przedstawi\u0107 swoje stanowisko w sprawie bezpiecze\u0144stwa zachodniej granicy Polski. Ton komunikatu by\u0142 wyra\u017anie stonowany i \u2013 jak zaznaczy\u0142 sam minister \u2013 mia\u0142 na celu przede wszystkim uspokojenie nastroj\u00f3w.<\/p>\n\n\n\n<p>W opublikowanym 28 grudnia 2025 roku o godzinie 6:42 wpisie na platformie X Sikorski zaznaczy\u0142, \u017ce obecna sytuacja geopolityczna nie daje powod\u00f3w do niepokoju. Podkre\u015bli\u0142, \u017ce tak d\u0142ugo, jak Niemcy pozostaj\u0105 cz\u0142onkiem NATO i Unii Europejskiej, a w\u0142adz\u0119 sprawuj\u0105 tam ugrupowania g\u0142\u00f3wnego nurtu politycznego, zagro\u017cenie dla polskiej granicy zachodniej nie istnieje. W jego ocenie realne ryzyko mog\u0142oby pojawi\u0107 si\u0119 jedynie w przypadku zasadniczej zmiany kursu politycznego u naszego zachodniego s\u0105siada.<\/p>\n\n\n\n<p>Minister jasno rozgraniczy\u0142 partie nale\u017c\u0105ce do tradycyjnego niemieckiego establishmentu \u2013 CDU\/CSU oraz SPD \u2013 od ugrupowa\u0144 okre\u015blanych jako skrajne i eurosceptyczne. Z jego wypowiedzi wynika\u0142o, \u017ce stabilno\u015b\u0107 relacji polsko-niemieckich opiera si\u0119 dzi\u015b przede wszystkim na wsp\u00f3lnym zakorzenieniu obu pa\u0144stw w strukturach euroatlantyckich oraz na przewidywalno\u015bci politycznej Berlina.<\/p>\n\n\n\n<p>By\u0142a 6:42 rano, kiedy Sikorski zabra\u0142 g\u0142os. Odpowiedzia\u0142 Karolowi Nawrockiemu<br>fot. X\/ @sikorskiradek<br>Reakcja na s\u0142owa prezydenta i odwo\u0142ania historyczne<br>Wpis Rados\u0142awa Sikorskiego by\u0142 odpowiedzi\u0105 na wyst\u0105pienie prezydenta Karola Nawrockiego podczas obchod\u00f3w rocznicy wybuchu Powstania Wielkopolskiego. W trakcie uroczysto\u015bci w Poznaniu prezydent m\u00f3wi\u0142 o otwarto\u015bci Polski na Zach\u00f3d, ale jednocze\u015bnie akcentowa\u0142 gotowo\u015b\u0107 do obrony zachodniej granicy pa\u0144stwa. Swoj\u0105 wypowied\u017a osadzi\u0142 w kontek\u015bcie historycznym, przywo\u0142uj\u0105c do\u015bwiadczenia powsta\u0144c\u00f3w wielkopolskich, kt\u00f3rzy ponad sto lat temu walczyli o przynale\u017cno\u015b\u0107 tych ziem do odradzaj\u0105cej si\u0119 Rzeczypospolitej.<\/p>\n\n\n\n<p>S\u0142owa g\u0142owy pa\u0144stwa mia\u0142y wymiar symboliczny i odwo\u0142ywa\u0142y si\u0119 do pami\u0119ci narodowej, jednak w opinii ministra spraw zagranicznych mog\u0142y zosta\u0107 odebrane jako sugestia aktualnego zagro\u017cenia. St\u0105d decyzja Sikorskiego o publicznym odniesieniu si\u0119 do sprawy i podkre\u015bleniu, \u017ce dzisiejsza sytuacja mi\u0119dzynarodowa znacz\u0105co r\u00f3\u017cni si\u0119 od reali\u00f3w pocz\u0105tku XX wieku.<\/p>\n\n\n\n<p>R\u00f3\u017cnica w narracji obu polityk\u00f3w by\u0142a wyra\u017ana. Prezydent Nawrocki akcentowa\u0142 ci\u0105g\u0142o\u015b\u0107 historyczn\u0105 i znaczenie gotowo\u015bci obronnej, natomiast szef MSZ zwr\u00f3ci\u0142 uwag\u0119 na wsp\u00f3\u0142czesne mechanizmy bezpiecze\u0144stwa, takie jak NATO i Unia Europejska, kt\u00f3re \u2013 jego zdaniem \u2013 skutecznie eliminuj\u0105 ryzyko konfliktu na zachodniej flance Polski.<\/p>\n\n\n\n<p>Niemiecka scena polityczna w tle wypowiedzi<br>Komentarz Rados\u0142awa Sikorskiego nie by\u0142 oderwany od aktualnej sytuacji politycznej w Niemczech. W ostatnich miesi\u0105cach coraz cz\u0119\u015bciej m\u00f3wi si\u0119 o rosn\u0105cym poparciu dla Alternatywy dla Niemiec (AfD), ugrupowania okre\u015blanego jako skrajnie prawicowe i eurosceptyczne. To w\u0142a\u015bnie do takich si\u0142 politycznych minister nawi\u0105zywa\u0142, wskazuj\u0105c je jako potencjalne \u017ar\u00f3d\u0142o przysz\u0142ych napi\u0119\u0107.<\/p>\n\n\n\n<p>Wed\u0142ug sonda\u017cy publikowanych przez niemieckie media, AfD utrzymuje wysokie i stabilne poparcie, podczas gdy rz\u0105dz\u0105ca koalicja zmaga si\u0119 z wyra\u017anym spadkiem zaufania spo\u0142ecznego. Kanclerz Friedrich Merz z CDU, sprawuj\u0105cy urz\u0105d od kilku miesi\u0119cy, notuje wysokie wska\u017aniki niezadowolenia w\u015br\u00f3d obywateli, podobnie jak ca\u0142y rz\u0105d federalny.<\/p>\n\n\n\n<p>W tym kontek\u015bcie wypowied\u017a Sikorskiego mo\u017cna interpretowa\u0107 jako sygna\u0142 ostrzegawczy, ale skierowany bardziej w przysz\u0142o\u015b\u0107 ni\u017c w tera\u017aniejszo\u015b\u0107. Minister da\u0142 do zrozumienia, \u017ce obecny uk\u0142ad polityczny za Odr\u0105 gwarantuje stabilno\u015b\u0107, jednak zmiana tego uk\u0142adu mog\u0142aby wp\u0142yn\u0105\u0107 na relacje mi\u0119dzynarodowe i bezpiecze\u0144stwo regionu.<\/p>\n\n\n\n<p>Poranny wpis szefa MSZ sta\u0142 si\u0119 elementem szerszej dyskusji o bezpiecze\u0144stwie, historii i przysz\u0142o\u015bci Europy. Z jednej strony pojawi\u0142y si\u0119 g\u0142osy popieraj\u0105ce spokojny, oparty na sojuszach ton ministra, z drugiej \u2013 opinie, \u017ce odwo\u0142ywanie si\u0119 do historycznych do\u015bwiadcze\u0144 ma swoje uzasadnienie i przypomina o konieczno\u015bci czujno\u015bci.<\/p>\n\n\n\n<p>Ca\u0142a sytuacja pokaza\u0142a r\u00f3wnie\u017c, jak du\u017ce znaczenie w polityce maj\u0105 s\u0142owa i kontekst, w jakim s\u0105 wypowiadane. Jedno wyst\u0105pienie prezydenta, jedno poranne zdanie ministra i temat bezpiecze\u0144stwa zachodniej granicy na nowo znalaz\u0142 si\u0119 w centrum uwagi opinii publicznej.<\/p>\n\n\n\n<p>Wpis Rados\u0142awa Sikorskiego mo\u017cna wi\u0119c odczytywa\u0107 nie tylko jako polemik\u0119 z prezydentem, lecz tak\u017ce jako pr\u00f3b\u0119 uspokojenia nastroj\u00f3w i podkre\u015blenia, \u017ce fundamenty bezpiecze\u0144stwa Polski opieraj\u0105 si\u0119 dzi\u015b na wsp\u00f3\u0142pracy mi\u0119dzynarodowej, a nie na historycznych antagonizmach.<\/p>\n","protected":false},"excerpt":{"rendered":"<p>Poranne godziny przynios\u0142y niespodziewany impuls do politycznej dyskusji, kt\u00f3ra szybko przenios\u0142a si\u0119 do medi\u00f3w spo\u0142eczno\u015bciowych i opinii publicznej. Wpis jednego z kluczowych ministr\u00f3w wyra\u017anie nawi\u0105zywa\u0142 do wcze\u015bniejszego wyst\u0105pienia g\u0142owy pa\u0144stwa, sygnalizuj\u0105c, \u017ce temat bezpiecze\u0144stwa i odpowiedzialno\u015bci pa\u0144stwowej zn\u00f3w znalaz\u0142 si\u0119 w centrum uwagi. Uspokajaj\u0105cy sygna\u0142 ze strony MSZPoranny wpis szefa polskiej dyplomacji szybko sta\u0142 si\u0119 &#8230; <a title=\"By\u0142a 6:42 rano, kiedy Sikorski zabra\u0142 g\u0142os. Odpowiedzia\u0142 Karolowi Nawrockiemu\" class=\"read-more\" href=\"https:\/\/dobrezrodla.com\/?p=13397\" aria-label=\"Read more about By\u0142a 6:42 rano, kiedy Sikorski zabra\u0142 g\u0142os. Odpowiedzia\u0142 Karolowi Nawrockiemu\">Read more<\/a><\/p>\n","protected":false},"author":1,"featured_media":0,"comment_status":"open","ping_status":"open","sticky":false,"template":"","format":"standard","meta":{"footnotes":""},"categories":[1],"tags":[],"class_list":["post-13397","post","type-post","status-publish","format-standard","hentry","category-uncategorized"],"_links":{"self":[{"href":"https:\/\/dobrezrodla.com\/index.php?rest_route=\/wp\/v2\/posts\/13397","targetHints":{"allow":["GET"]}}],"collection":[{"href":"https:\/\/dobrezrodla.com\/index.php?rest_route=\/wp\/v2\/posts"}],"about":[{"href":"https:\/\/dobrezrodla.com\/index.php?rest_route=\/wp\/v2\/types\/post"}],"author":[{"embeddable":true,"href":"https:\/\/dobrezrodla.com\/index.php?rest_route=\/wp\/v2\/users\/1"}],"replies":[{"embeddable":true,"href":"https:\/\/dobrezrodla.com\/index.php?rest_route=%2Fwp%2Fv2%2Fcomments&post=13397"}],"version-history":[{"count":1,"href":"https:\/\/dobrezrodla.com\/index.php?rest_route=\/wp\/v2\/posts\/13397\/revisions"}],"predecessor-version":[{"id":13398,"href":"https:\/\/dobrezrodla.com\/index.php?rest_route=\/wp\/v2\/posts\/13397\/revisions\/13398"}],"wp:attachment":[{"href":"https:\/\/dobrezrodla.com\/index.php?rest_route=%2Fwp%2Fv2%2Fmedia&parent=13397"}],"wp:term":[{"taxonomy":"category","embeddable":true,"href":"https:\/\/dobrezrodla.com\/index.php?rest_route=%2Fwp%2Fv2%2Fcategories&post=13397"},{"taxonomy":"post_tag","embeddable":true,"href":"https:\/\/dobrezrodla.com\/index.php?rest_route=%2Fwp%2Fv2%2Ftags&post=13397"}],"curies":[{"name":"wp","href":"https:\/\/api.w.org\/{rel}","templated":true}]}}