{"id":13405,"date":"2025-12-28T09:51:34","date_gmt":"2025-12-28T09:51:34","guid":{"rendered":"https:\/\/dobrezrodla.com\/?p=13405"},"modified":"2025-12-28T09:51:35","modified_gmt":"2025-12-28T09:51:35","slug":"nawrocki-wzial-udzial-w-poznanskich-obchodach-powstania-wielkopolskiego-jego-przemowienie-obieglo-siec","status":"publish","type":"post","link":"https:\/\/dobrezrodla.com\/?p=13405","title":{"rendered":"Nawrocki wzi\u0105\u0142 udzia\u0142 w pozna\u0144skich obchodach Powstania Wielkopolskiego. Jego przem\u00f3wienie obieg\u0142o sie\u0107"},"content":{"rendered":"\n<p>Prezydent RP pojawi\u0142 si\u0119 w Poznaniu w wa\u017cnym momencie dla regionu i jego historii. Wizyta nie by\u0142a przypadkowa i mia\u0142a jasno okre\u015blony kontekst, kt\u00f3ry przyci\u0105gn\u0105\u0142 uwag\u0119 mieszka\u0144c\u00f3w oraz medi\u00f3w. Jedno zdanie, opublikowane jeszcze tego samego dnia, szybko zacz\u0119\u0142o kr\u0105\u017cy\u0107 w sieci.<\/p>\n\n\n\n<p>Narodowy Dzie\u0144 Zwyci\u0119skiego Powstania Wielkopolskiego w Poznaniu<br>Karol Nawrocki na obchodach 107. rocznicy Powstania Wielkopolskiego<br>Mocne s\u0142owa prezydenta w Poznaniu. Pad\u0142 jasny przekaz do Polak\u00f3w<br>Narodowy Dzie\u0144 Zwyci\u0119skiego Powstania Wielkopolskiego w Poznaniu<br>Sobota, 27 grudnia 2025 roku, to dzie\u0144 szczeg\u00f3lny w kalendarzu pa\u0144stwowym i regionalnym. W\u0142a\u015bnie tego dnia w Poznaniu odbywaj\u0105 si\u0119 obchody Narodowego Dnia Zwyci\u0119skiego Powstania Wielkopolskiego, upami\u0119tniaj\u0105ce jedno z nielicznych polskich powsta\u0144 zako\u0144czonych pe\u0142nym sukcesem.<\/p>\n\n\n\n<p>Karol Nawrocki przyjecha\u0142 do stolicy Wielkopolski, by wzi\u0105\u0107 udzia\u0142 w oficjalnych wydarzeniach przygotowanych z tej okazji. Centralnym punktem programu by\u0142a uroczysto\u015b\u0107 zaplanowana na godzin\u0119 16.40 przy pomniku 15 Pu\u0142ku U\u0142an\u00f3w Pozna\u0144skich, na skrzy\u017cowaniu ulic Ignacego Paderewskiego i Ludgardy.<\/p>\n\n\n\n<p>To w\u0142a\u015bnie tam przewidziano wyst\u0105pienie Prezydenta RP, skierowane do uczestnik\u00f3w obchod\u00f3w.<\/p>\n\n\n\n<p>Nawrocki wzi\u0105\u0142 udzia\u0142 w pozna\u0144skich obchodach Powstania Wielkopolskiego. Jego przem\u00f3wienie obieg\u0142o sie\u0107<br>Pozna\u0144, fot. Canva<br>Karol Nawrocki na obchodach 107. rocznicy Powstania Wielkopolskiego<br>Wizyta prezydenta mia\u0142a jasno okre\u015blon\u0105, oficjaln\u0105 opraw\u0119. Organizatorzy przewidzieli udzia\u0142 medi\u00f3w, z wyznaczonymi godzinami wej\u015bcia dla dziennikarzy oraz miejscem na instalacj\u0119 woz\u00f3w transmisyjnych. Jak wynika z programu prasowego, przedstawiciele medi\u00f3w mogli wej\u015b\u0107 na teren uroczysto\u015bci po okazaniu legitymacji prasowej i dokumentu to\u017csamo\u015bci mi\u0119dzy godzin\u0105 15.40 a 16.10, natomiast wozy transmisyjne mia\u0142y zosta\u0107 ustawione najp\u00f3\u017aniej do godziny 14.00.<\/p>\n\n\n\n<p>Po cz\u0119\u015bci oficjalnej przy pomniku zaplanowano kolejne wydarzenia z udzia\u0142em prezydenta. O godzinie 18.00 rozpocz\u0105\u0142 si\u0119 Marsz Powstania Wielkopolskiego spod Hotelu Bazar, przy zbiegu alei Marcinkowskiego i ulicy Paderewskiego.<\/p>\n\n\n\n<p>Organizatorzy przewidzieli tam mo\u017cliwo\u015b\u0107 wykonania zdj\u0119\u0107, a fotoreporterzy i operatorzy kamer mieli zosta\u0107 przeprowadzeni z miejsca uroczysto\u015bci na czo\u0142o marszu. Zwie\u0144czeniem dnia by\u0142 Koncert \u015apiewanek Powsta\u0144czych, zaplanowany na godzin\u0119 19.00.<\/p>\n\n\n\n<p>Mocne s\u0142owa prezydenta w Poznaniu. Pad\u0142 jasny przekaz do Polak\u00f3w<br>W trakcie wizyty g\u0142owy pa\u0144stwa w Poznaniu pojawi\u0142 si\u0119 r\u00f3wnie\u017c wyra\u017any przekaz skierowany do opinii publicznej. Na profilu Kancelaria Prezydenta RP na portalu X opublikowano kr\u00f3tki, ale jednoznaczny wpis odnosz\u0105cy si\u0119 do obecno\u015bci Karola Nawrockiego w stolicy Wielkopolski. W komunikacie przytoczono s\u0142owa prezydenta, kt\u00f3re pad\u0142y w kontek\u015bcie obchod\u00f3w rocznicy powstania.<\/p>\n\n\n\n<p>\u2013 Chwa\u0142a Powsta\u0144com, kt\u00f3rzy oddali krew za to, by Wielkopolska by\u0142a Polsk\u0105! \u2013 taki cytat zamie\u015bci\u0142a Kancelaria Prezydenta RP we wpisie opublikowanym na portalu X.<\/p>\n\n\n\n<p>S\u0142owa te jasno nawi\u0105zuj\u0105 do historycznego znaczenia Powstania Wielkopolskiego i roli jego uczestnik\u00f3w w odzyskaniu przez region przynale\u017cno\u015bci do odradzaj\u0105cego si\u0119 pa\u0144stwa polskiego. Wizyta prezydenta, jego udzia\u0142 w oficjalnych obchodach oraz publicznie przywo\u0142any cytat wpisuj\u0105 si\u0119 w narracj\u0119 podkre\u015blaj\u0105c\u0105 wag\u0119 pami\u0119ci historycznej i znaczenie wydarze\u0144 sprzed ponad stu lat dla wsp\u00f3\u0142czesnej to\u017csamo\u015bci Wielkopolski.<\/p>\n","protected":false},"excerpt":{"rendered":"<p>Prezydent RP pojawi\u0142 si\u0119 w Poznaniu w wa\u017cnym momencie dla regionu i jego historii. Wizyta nie by\u0142a przypadkowa i mia\u0142a jasno okre\u015blony kontekst, kt\u00f3ry przyci\u0105gn\u0105\u0142 uwag\u0119 mieszka\u0144c\u00f3w oraz medi\u00f3w. Jedno zdanie, opublikowane jeszcze tego samego dnia, szybko zacz\u0119\u0142o kr\u0105\u017cy\u0107 w sieci. Narodowy Dzie\u0144 Zwyci\u0119skiego Powstania Wielkopolskiego w PoznaniuKarol Nawrocki na obchodach 107. rocznicy Powstania WielkopolskiegoMocne &#8230; <a title=\"Nawrocki wzi\u0105\u0142 udzia\u0142 w pozna\u0144skich obchodach Powstania Wielkopolskiego. Jego przem\u00f3wienie obieg\u0142o sie\u0107\" class=\"read-more\" href=\"https:\/\/dobrezrodla.com\/?p=13405\" aria-label=\"Read more about Nawrocki wzi\u0105\u0142 udzia\u0142 w pozna\u0144skich obchodach Powstania Wielkopolskiego. Jego przem\u00f3wienie obieg\u0142o sie\u0107\">Read more<\/a><\/p>\n","protected":false},"author":1,"featured_media":0,"comment_status":"open","ping_status":"open","sticky":false,"template":"","format":"standard","meta":{"footnotes":""},"categories":[1],"tags":[],"class_list":["post-13405","post","type-post","status-publish","format-standard","hentry","category-uncategorized"],"_links":{"self":[{"href":"https:\/\/dobrezrodla.com\/index.php?rest_route=\/wp\/v2\/posts\/13405","targetHints":{"allow":["GET"]}}],"collection":[{"href":"https:\/\/dobrezrodla.com\/index.php?rest_route=\/wp\/v2\/posts"}],"about":[{"href":"https:\/\/dobrezrodla.com\/index.php?rest_route=\/wp\/v2\/types\/post"}],"author":[{"embeddable":true,"href":"https:\/\/dobrezrodla.com\/index.php?rest_route=\/wp\/v2\/users\/1"}],"replies":[{"embeddable":true,"href":"https:\/\/dobrezrodla.com\/index.php?rest_route=%2Fwp%2Fv2%2Fcomments&post=13405"}],"version-history":[{"count":1,"href":"https:\/\/dobrezrodla.com\/index.php?rest_route=\/wp\/v2\/posts\/13405\/revisions"}],"predecessor-version":[{"id":13406,"href":"https:\/\/dobrezrodla.com\/index.php?rest_route=\/wp\/v2\/posts\/13405\/revisions\/13406"}],"wp:attachment":[{"href":"https:\/\/dobrezrodla.com\/index.php?rest_route=%2Fwp%2Fv2%2Fmedia&parent=13405"}],"wp:term":[{"taxonomy":"category","embeddable":true,"href":"https:\/\/dobrezrodla.com\/index.php?rest_route=%2Fwp%2Fv2%2Fcategories&post=13405"},{"taxonomy":"post_tag","embeddable":true,"href":"https:\/\/dobrezrodla.com\/index.php?rest_route=%2Fwp%2Fv2%2Ftags&post=13405"}],"curies":[{"name":"wp","href":"https:\/\/api.w.org\/{rel}","templated":true}]}}