{"id":13462,"date":"2025-12-28T20:37:12","date_gmt":"2025-12-28T20:37:12","guid":{"rendered":"https:\/\/dobrezrodla.com\/?p=13462"},"modified":"2025-12-28T20:37:12","modified_gmt":"2025-12-28T20:37:12","slug":"zacznie-sie-1-stycznia-o-1200-szef-gabinetu-potwierdzil-decyzje-karola-nawrockiego","status":"publish","type":"post","link":"https:\/\/dobrezrodla.com\/?p=13462","title":{"rendered":"Zacznie si\u0119 1 stycznia o 12:00. Szef Gabinetu potwierdzi\u0142 decyzj\u0119 Karola Nawrockiego"},"content":{"rendered":"\n<p>Nowy rok przyniesie gest, kt\u00f3ry nada znanym symbolom zupe\u0142nie nowy wymiar. To, co dot\u0105d by\u0142o sta\u0142ym elementem sto\u0142ecznego pejza\u017cu, wkr\u00f3tce zacznie \u017cy\u0107 w\u0142asnym rytmem i wyruszy w drog\u0119 po kraju. Inicjatywa, zapowiedziana u progu 2026 roku, ma po\u0142\u0105czy\u0107 centrum pa\u0144stwa z lokalnymi wsp\u00f3lnotami w niecodzienny, symboliczny spos\u00f3b.<\/p>\n\n\n\n<p>Ceremonia\u0142 przekazywania flagi. Cotygodniowy rytua\u0142 z nowym znaczeniem<br>Od stycznia zmiana flagi nad Pa\u0142acem Prezydenckim przestanie by\u0107 wy\u0142\u0105cznie techniczn\u0105 procedur\u0105. Ka\u017cda sobota przyniesie uroczysty moment, w kt\u00f3rym sztandar po tygodniowej obecno\u015bci na maszcie rozpocznie kolejny etap swojej historii. Po ceremonialnym opuszczeniu i z\u0142o\u017ceniu z nale\u017cnym szacunkiem flaga nie trafi do magazynu \u2013 zostanie przygotowana do drogi w g\u0142\u0105b kraju.<\/p>\n\n\n\n<p>Zgodnie z zapowiedziami, ka\u017cdorazowo ma ona trafia\u0107 do innej wsp\u00f3lnoty lokalnej: gminy, miasta, powiatu lub instytucji spo\u0142ecznej. Wyb\u00f3r odbiorc\u00f3w ma uwzgl\u0119dnia\u0107 r\u00f3\u017cne kryteria, takie jak wa\u017cne rocznice, lokalne osi\u0105gni\u0119cia, wydarzenia historyczne czy szczeg\u00f3lne do\u015bwiadczenia danej spo\u0142eczno\u015bci. Dzi\u0119ki temu sztandar, dot\u0105d kojarzony g\u0142\u00f3wnie z centralnymi uroczysto\u015bciami pa\u0144stwowymi, stanie si\u0119 elementem lokalnej to\u017csamo\u015bci i pami\u0119ci.<\/p>\n\n\n\n<p>Dla miejsc, kt\u00f3re otrzymaj\u0105 flag\u0119, b\u0119dzie to wyr\u00f3\u017cnienie o wyj\u0105tkowym charakterze. Symbol pa\u0144stwowy, obecny wcze\u015bniej w jednym z najwa\u017cniejszych punkt\u00f3w kraju, zyska status pami\u0105tki \u0142\u0105cz\u0105cej lokaln\u0105 codzienno\u015b\u0107 z og\u00f3lnonarodow\u0105 wsp\u00f3lnot\u0105.<\/p>\n\n\n\n<figure class=\"wp-block-image\"><img decoding=\"async\" src=\"https:\/\/aktualnosci.pl.ua\/wp-content\/uploads\/2025\/12\/Screenshot_2025_12_28-20.png\" alt=\"\" class=\"wp-image-5996\"\/><\/figure>\n\n\n\n<p>fot. X\/@szefernaker<\/p>\n\n\n\n<p>Rozwi\u0144<\/p>\n\n\n\n<p>Symbolika inicjatywy. Flaga bli\u017cej obywateli<br>Nowy zwyczaj ma wyra\u017any wymiar symboliczny. Przeniesienie flagi z przestrzeni w\u0142adzy centralnej do lokalnych spo\u0142eczno\u015bci nadaje jej bardziej osobisty charakter. Znak pa\u0144stwa przestaje by\u0107 anonimowym elementem architektury \u2013 zaczyna \u201eopowiada\u0107 histori\u0119\u201d, zwi\u0105zan\u0105 z konkretnym miejscem i lud\u017ami.<\/p>\n\n\n\n<p>Cotygodniowy rytua\u0142 ma wzmacnia\u0107 poczucie, \u017ce instytucje pa\u0144stwowe pozostaj\u0105 w bezpo\u015bredniej relacji z obywatelami, a symbole narodowe nale\u017c\u0105 do wszystkich. To tak\u017ce czytelny sygna\u0142, \u017ce patriotyzm nie ogranicza si\u0119 do wielkich ceremonii w stolicy, lecz mo\u017ce by\u0107 obecny w szko\u0142ach, domach kultury czy podczas lokalnych uroczysto\u015bci.<\/p>\n\n\n\n<p>W\u0119druj\u0105ca flaga mo\u017ce pe\u0142ni\u0107 r\u00f3wnie\u017c funkcj\u0119 edukacyjn\u0105 \u2013 sta\u0107 si\u0119 pretekstem do rozm\u00f3w o historii, warto\u015bciach i wsp\u00f3\u0142czesnym znaczeniu wsp\u00f3lnoty narodowej, szczeg\u00f3lnie w mniejszych miejscowo\u015bciach, rzadziej b\u0119d\u0105cych w centrum uwagi pa\u0144stwowych inicjatyw.<\/p>\n\n\n\n<p>Nie \u017cyje wybitny polski sportowiec. By\u0142 jednym z najlepszych w swojej dyscyplinie<br>Czytaj dalej<\/p>\n\n\n\n<figure class=\"wp-block-image\"><img decoding=\"async\" src=\"https:\/\/aktualnosci.pl.ua\/wp-content\/uploads\/2025\/12\/KAPIF_oryginal_K1292509_F_cbb35badf3-683x1024.jpg\" alt=\"\" class=\"wp-image-5995\"\/><\/figure>\n\n\n\n<p>Zacznie si\u0119 1 stycznia o 12:00. Szef Gabinetu potwierdzi\u0142 decyzj\u0119 Karola Nawrockiego<br>Czytaj dalej<\/p>\n\n\n\n<p>Start od 1 stycznia 2026. \u017beby um\u00f3wi\u0107 si\u0119 do lekarza, trzeba b\u0119dzie zrobi\u0107 to<br>Czytaj dalej<br>Organizacja i przysz\u0142o\u015b\u0107 tradycji. Otwarte pytania<br>Wprowadzenie nowego obyczaju rodzi tak\u017ce wyzwania praktyczne. Kluczowe b\u0119dzie ustalenie jasnych i przejrzystych zasad wyboru kolejnych odbiorc\u00f3w, tak aby inicjatywa by\u0142a postrzegana jako ponadpolityczna i reprezentatywna dla ca\u0142ego kraju. R\u00f3wnie istotne jest okre\u015blenie sposobu przechowywania i prezentowania flag po jej przekazaniu.<\/p>\n\n\n\n<p>Pojawiaj\u0105 si\u0119 pytania, czy sztandar powinien by\u0107 eksponowany w urz\u0119dach, muzeach lub izbach pami\u0119ci, czy te\u017c wykorzystywany podczas lokalnych wydarze\u0144, a nast\u0119pnie zabezpieczany jako szczeg\u00f3lna pami\u0105tka. Pomocne mog\u0142oby by\u0107 do\u0142\u0105czanie do ka\u017cdej flagi certyfikatu lub dokumentu potwierdzaj\u0105cego jej pochodzenie i czas ekspozycji nad Pa\u0142acem Prezydenckim.<\/p>\n\n\n\n<p>https:\/\/platform.twitter.com\/embed\/Tweet.html?dnt=false&#038;embedId=twitter-widget-0&#038;features=eyJ0ZndfdGltZWxpbmVfbGlzdCI6eyJidWNrZXQiOltdLCJ2ZXJzaW9uIjpudWxsfSwidGZ3X2ZvbGxvd2VyX2NvdW50X3N1bnNldCI6eyJidWNrZXQiOnRydWUsInZlcnNpb24iOm51bGx9LCJ0ZndfdHdlZXRfZWRpdF9iYWNrZW5kIjp7ImJ1Y2tldCI6Im9uIiwidmVyc2lvbiI6bnVsbH0sInRmd19yZWZzcmNfc2Vzc2lvbiI6eyJidWNrZXQiOiJvbiIsInZlcnNpb24iOm51bGx9LCJ0ZndfZm9zbnJfc29mdF9pbnRlcnZlbnRpb25zX2VuYWJsZWQiOnsiYnVja2V0Ijoib24iLCJ2ZXJzaW9uIjpudWxsfSwidGZ3X21peGVkX21lZGlhXzE1ODk3Ijp7ImJ1Y2tldCI6InRyZWF0bWVudCIsInZlcnNpb24iOm51bGx9LCJ0ZndfZXhwZXJpbWVudHNfY29va2llX2V4cGlyYXRpb24iOnsiYnVja2V0IjoxMjA5NjAwLCJ2ZXJzaW9uIjpudWxsfSwidGZ3X3Nob3dfYmlyZHdhdGNoX3Bpdm90c19lbmFibGVkIjp7ImJ1Y2tldCI6Im9uIiwidmVyc2lvbiI6bnVsbH0sInRmd19kdXBsaWNhdGVfc2NyaWJlc190b19zZXR0aW5ncyI6eyJidWNrZXQiOiJvbiIsInZlcnNpb24iOm51bGx9LCJ0ZndfdXNlX3Byb2ZpbGVfaW1hZ2Vfc2hhcGVfZW5hYmxlZCI6eyJidWNrZXQiOiJvbiIsInZlcnNpb24iOm51bGx9LCJ0ZndfdmlkZW9faGxzX2R5bmFtaWNfbWFuaWZlc3RzXzE1MDgyIjp7ImJ1Y2tldCI6InRydWVfYml0cmF0ZSIsInZlcnNpb24iOm51bGx9LCJ0ZndfbGVnYWN5X3RpbWVsaW5lX3N1bnNldCI6eyJidWNrZXQiOnRydWUsInZlcnNpb24iOm51bGx9LCJ0ZndfdHdlZXRfZWRpdF9mcm9udGVuZCI6eyJidWNrZXQiOiJvbiIsInZlcnNpb24iOm51bGx9fQ%3D%3D&#038;frame=false&#038;hideCard=false&#038;hideThread=false&#038;id=2005202382800511247&#038;lang=en&#038;maxWidth=560px&#038;origin=https%3A%2F%2Faktualnosci.pl.ua%2Fblog%2F5994%2F&#038;sessionId=dbb9db196b6a754b24779a6573476345aaf0a0a1&#038;theme=light&#038;widgetsVersion=2615f7e52b7e0%3A1702314776716&#038;width=550px<\/p>\n\n\n\n<p>O tym, czy nowa tradycja na sta\u0142e wpisze si\u0119 w pejza\u017c \u017cycia publicznego, zdecyduje jej konsekwentna realizacja i akceptacja spo\u0142eczna. Je\u015bli inicjatywa przetrwa pr\u00f3b\u0119 czasu, mo\u017ce sta\u0107 si\u0119 trwa\u0142ym elementem nowoczesnego ceremonia\u0142u pa\u0144stwowego, \u0142\u0105cz\u0105cego symbolik\u0119 z realnym do\u015bwiadczeniem wsp\u00f3lnoty.<br>Czytaj wi\u0119cej:<\/p>\n","protected":false},"excerpt":{"rendered":"<p>Nowy rok przyniesie gest, kt\u00f3ry nada znanym symbolom zupe\u0142nie nowy wymiar. To, co dot\u0105d by\u0142o sta\u0142ym elementem sto\u0142ecznego pejza\u017cu, wkr\u00f3tce zacznie \u017cy\u0107 w\u0142asnym rytmem i wyruszy w drog\u0119 po kraju. Inicjatywa, zapowiedziana u progu 2026 roku, ma po\u0142\u0105czy\u0107 centrum pa\u0144stwa z lokalnymi wsp\u00f3lnotami w niecodzienny, symboliczny spos\u00f3b. Ceremonia\u0142 przekazywania flagi. Cotygodniowy rytua\u0142 z nowym znaczeniemOd &#8230; <a title=\"Zacznie si\u0119 1 stycznia o 12:00. Szef Gabinetu potwierdzi\u0142 decyzj\u0119 Karola Nawrockiego\" class=\"read-more\" href=\"https:\/\/dobrezrodla.com\/?p=13462\" aria-label=\"Read more about Zacznie si\u0119 1 stycznia o 12:00. Szef Gabinetu potwierdzi\u0142 decyzj\u0119 Karola Nawrockiego\">Read more<\/a><\/p>\n","protected":false},"author":1,"featured_media":0,"comment_status":"open","ping_status":"open","sticky":false,"template":"","format":"standard","meta":{"footnotes":""},"categories":[1],"tags":[],"class_list":["post-13462","post","type-post","status-publish","format-standard","hentry","category-uncategorized"],"_links":{"self":[{"href":"https:\/\/dobrezrodla.com\/index.php?rest_route=\/wp\/v2\/posts\/13462","targetHints":{"allow":["GET"]}}],"collection":[{"href":"https:\/\/dobrezrodla.com\/index.php?rest_route=\/wp\/v2\/posts"}],"about":[{"href":"https:\/\/dobrezrodla.com\/index.php?rest_route=\/wp\/v2\/types\/post"}],"author":[{"embeddable":true,"href":"https:\/\/dobrezrodla.com\/index.php?rest_route=\/wp\/v2\/users\/1"}],"replies":[{"embeddable":true,"href":"https:\/\/dobrezrodla.com\/index.php?rest_route=%2Fwp%2Fv2%2Fcomments&post=13462"}],"version-history":[{"count":1,"href":"https:\/\/dobrezrodla.com\/index.php?rest_route=\/wp\/v2\/posts\/13462\/revisions"}],"predecessor-version":[{"id":13463,"href":"https:\/\/dobrezrodla.com\/index.php?rest_route=\/wp\/v2\/posts\/13462\/revisions\/13463"}],"wp:attachment":[{"href":"https:\/\/dobrezrodla.com\/index.php?rest_route=%2Fwp%2Fv2%2Fmedia&parent=13462"}],"wp:term":[{"taxonomy":"category","embeddable":true,"href":"https:\/\/dobrezrodla.com\/index.php?rest_route=%2Fwp%2Fv2%2Fcategories&post=13462"},{"taxonomy":"post_tag","embeddable":true,"href":"https:\/\/dobrezrodla.com\/index.php?rest_route=%2Fwp%2Fv2%2Ftags&post=13462"}],"curies":[{"name":"wp","href":"https:\/\/api.w.org\/{rel}","templated":true}]}}